{"id":922418,"date":"2026-05-09T21:19:19","date_gmt":"2026-05-09T21:19:19","guid":{"rendered":"https:\/\/www.europesays.com\/fr\/922418\/"},"modified":"2026-05-09T21:19:19","modified_gmt":"2026-05-09T21:19:19","slug":"france-meurthe-et-moselle-un-gendarme-decede-lors-dune-interception-routiere","status":"publish","type":"post","link":"https:\/\/www.europesays.com\/fr\/922418\/","title":{"rendered":"France \/ Meurthe-et-Moselle : un gendarme d\u00e9c\u00e8de lors d\u2019une interception routi\u00e8re"},"content":{"rendered":"<p>Ay\u015fe Ba\u015fhoruz<\/p>\n<p>09 Mai 2026\u2022Mise \u00e0 jour: 09 Mai 2026<\/p>\n<p style=\"text-align:justify;\">AA \/ Istanbul<\/p>\n<p style=\"text-align:justify;\">Un gendarme de 31 ans est d\u00e9c\u00e9d\u00e9 ce samedi apr\u00e8s-midi \u00e0 Leyr, en Meurthe-et-Moselle, percut\u00e9 par un automobiliste alors qu\u2019il participait \u00e0 une op\u00e9ration de contr\u00f4le routier, a annonc\u00e9 le ministre fran\u00e7ais de l\u2019Int\u00e9rieur, Laurent Nunez<\/p>\n<p style=\"text-align:justify;\">Selon le ministre de l\u2019Int\u00e9rieur fran\u00e7ais, le gendarme appartenait \u00e0 la brigade motoris\u00e9e de Seichamps et intervenait dans le cadre d\u2019une man\u0153uvre d\u2019interception d\u2019un v\u00e9hicule tiers. \u00ab Malgr\u00e9 les soins prodigu\u00e9s, il a malheureusement succomb\u00e9 \u00e0 ses blessures \u00bb, a pr\u00e9cis\u00e9 Laurent Nunez sur le r\u00e9seau social am\u00e9ricain X.<\/p>\n<p style=\"text-align:justify;\">Catherine Vautrin, ministre des Arm\u00e9es et des Anciens combattants, a \u00e9galement r\u00e9agi sur la plateforme am\u00e9ricaine X \u00ab Le mar\u00e9chal des logis-chef Lucas Voignier, motocycliste de la gendarmerie de Meurthe-et-Moselle, a perdu la vie aujourd\u2019hui dans un dramatique accident alors qu\u2019il menait une intervention dans le cadre de sa mission \u00bb<\/p>\n<p style=\"text-align:justify;\">D\u2019apr\u00e8s les informations recueillies, l\u2019accident r\u00e9sulterait d\u2019un refus de priorit\u00e9 de l\u2019automobiliste impliqu\u00e9. Le mar\u00e9chal des logis-chef Voignier venait d\u2019\u00eatre mobilis\u00e9 avec ses coll\u00e8gues pour interpeller le chauffeur d\u2019un poids lourd auteur d\u2019une infraction lorsque la collision a eu lieu avec un autre v\u00e9hicule. <\/p>\n<p style=\"text-align:justify;\">Une enqu\u00eate a \u00e9t\u00e9 ouverte afin de d\u00e9terminer pr\u00e9cis\u00e9ment les circonstances de l\u2019accident, selon le m\u00e9dia fran\u00e7ais BFMTV.<\/p>\n","protected":false},"excerpt":{"rendered":"Ay\u015fe Ba\u015fhoruz 09 Mai 2026\u2022Mise \u00e0 jour: 09 Mai 2026 AA \/ Istanbul Un gendarme de 31 ans&hellip;\n","protected":false},"author":2,"featured_media":922419,"comment_status":"","ping_status":"","sticky":false,"template":"","format":"standard","meta":{"footnotes":"","_share_on_mastodon":"0"},"categories":[4],"tags":[11,1011,27,19911,12,25],"class_list":["post-922418","post","type-post","status-publish","format-standard","has-post-thumbnail","category-france","tag-actualites","tag-fr","tag-france","tag-gendarme","tag-news","tag-republique-francaise"],"share_on_mastodon":{"url":"https:\/\/pubeurope.com\/@fr\/116546710326781287","error":""},"_links":{"self":[{"href":"https:\/\/www.europesays.com\/fr\/wp-json\/wp\/v2\/posts\/922418","targetHints":{"allow":["GET"]}}],"collection":[{"href":"https:\/\/www.europesays.com\/fr\/wp-json\/wp\/v2\/posts"}],"about":[{"href":"https:\/\/www.europesays.com\/fr\/wp-json\/wp\/v2\/types\/post"}],"author":[{"embeddable":true,"href":"https:\/\/www.europesays.com\/fr\/wp-json\/wp\/v2\/users\/2"}],"replies":[{"embeddable":true,"href":"https:\/\/www.europesays.com\/fr\/wp-json\/wp\/v2\/comments?post=922418"}],"version-history":[{"count":0,"href":"https:\/\/www.europesays.com\/fr\/wp-json\/wp\/v2\/posts\/922418\/revisions"}],"wp:featuredmedia":[{"embeddable":true,"href":"https:\/\/www.europesays.com\/fr\/wp-json\/wp\/v2\/media\/922419"}],"wp:attachment":[{"href":"https:\/\/www.europesays.com\/fr\/wp-json\/wp\/v2\/media?parent=922418"}],"wp:term":[{"taxonomy":"category","embeddable":true,"href":"https:\/\/www.europesays.com\/fr\/wp-json\/wp\/v2\/categories?post=922418"},{"taxonomy":"post_tag","embeddable":true,"href":"https:\/\/www.europesays.com\/fr\/wp-json\/wp\/v2\/tags?post=922418"}],"curies":[{"name":"wp","href":"https:\/\/api.w.org\/{rel}","templated":true}]}}