{"id":92264,"date":"2025-05-11T17:22:11","date_gmt":"2025-05-11T17:22:11","guid":{"rendered":"https:\/\/www.europesays.com\/fr\/92264\/"},"modified":"2025-05-11T17:22:11","modified_gmt":"2025-05-11T17:22:11","slug":"en-direct-trophees-unfp-desire-doue-designe-meilleur-espoir-de-ligue-1","status":"publish","type":"post","link":"https:\/\/www.europesays.com\/fr\/92264\/","title":{"rendered":"EN DIRECT &#8211; Troph\u00e9es UNFP : D\u00e9sir\u00e9 Dou\u00e9 d\u00e9sign\u00e9 meilleur espoir de Ligue 1"},"content":{"rendered":"<p>\n        19:19\n            <\/p>\n<p class=\"fig-live-post__title\" role=\"heading\" aria-level=\"3\">Tara Elimbi Gilbert meilleure espoir de l\u2019APL !!<\/p>\n<p class=\"fig-paragraph\">Sabrina Delanoy a remis le troph\u00e9e de meilleur espoir, aucune joueuse n\u2019est pr\u00e9sente parmi les nomin\u00e9s ce soir. (Korbin Albert (PSG), Lou Bogaert (Paris FC), Lucie Calba (Stade de Reims), Tara Elimbi Gilbert (PSG), Melween N\u2019Dongala (Paris FC).)<\/p>\n<p>\n        19:15\n            <\/p>\n<p class=\"fig-live-post__title\" role=\"heading\" aria-level=\"3\">D\u00e9sir\u00e9 Dou\u00e9 \u00e9lu meilleur espoir de Ligue 1 !!!<\/p>\n<p class=\"fig-paragraph\">Avec 6 buts et 6 passes d\u00e9cisives en Ligue 1, D\u00e9sir\u00e9 Dou\u00e9 est \u00e9lu meilleur espoir du championnat, d\u00e9j\u00e0 un premier Parisien \u00e9lu dans cette soir\u00e9e!<\/p>\n<p>\n        19:13\n            <\/p>\n<p class=\"fig-live-post__title\" role=\"heading\" aria-level=\"3\">Robert Pir\u00e8s introduit le troph\u00e9e de meilleur espoir !<\/p>\n<p class=\"fig-paragraph\">L\u2019ancien d\u2019Arsenal, qui avait remport\u00e9 le troph\u00e9e du meilleur espoir, annonce la nomination de Ben Seghir, Bouaddi, Dou\u00e9, Neves, et Santos.<\/p>\n<p>\n        19:10\n            <\/p>\n<p class=\"fig-live-post__title\" role=\"heading\" aria-level=\"3\">La pr\u00e9sentation du plus beau but de la saison !!<\/p>\n<p class=\"fig-paragraph\">Pour rappel, les bijoux d\u2019Akliouche, de Gouiri, de Lepaul, de Santos et de Simon sont nomin\u00e9s, vous pouvez voter sur www.tropheesunfp.com<\/p>\n<p>\n        19:06\n            <\/p>\n<p class=\"fig-live-post__title\" role=\"heading\" aria-level=\"3\">Marcel Desailly supporte le PSG en finale de C1 !!<\/p>\n<p class=\"fig-paragraph\">Interrog\u00e9 sur son opinion quant \u00e0 la finale de C1 opposant le PSG \u00e0 l\u2019Inter Milan, Desailly annonce supporter le PSG.<\/p>\n<p>\n        19:05\n            <\/p>\n<p class=\"fig-live-post__title\" role=\"heading\" aria-level=\"3\">Paris mis \u00e0 l\u2019honneur pour son parcours europ\u00e9en !<\/p>\n<p class=\"fig-paragraph\">Le pr\u00e9sentateur Thomas Thouroude a demand\u00e9 des applaudissements pour les Parisiens, en finale de Ligue des champions.<\/p>\n<p>\n        19:02\n            <\/p>\n<p class=\"fig-live-post__title\" role=\"heading\" aria-level=\"3\">D\u00e9but de la c\u00e9r\u00e9monie !!!<\/p>\n<p class=\"fig-paragraph\">Tous les acteurs sont assis dans la salle du Pavillon Gabriel, la c\u00e9r\u00e9monie peut d\u00e9buter\u00a0!<\/p>\n<p>\n        19:00\n            <\/p>\n<p class=\"fig-live-post__title\" role=\"heading\" aria-level=\"3\">Cherki sur le tapis rouge !<\/p>\n<p>\n        18:59\n            <\/p>\n<p class=\"fig-live-post__title\" role=\"heading\" aria-level=\"3\">\u00abIl a maintenu ses id\u00e9es, c\u2019est son m\u00e9rite !\u00bb Didier Deschamps sur Luis Enrique<\/p>\n<p class=\"fig-paragraph\">Didier Deschamps s\u2019exprime sur Luis Enrique\u00a0: \u00abIl a maintenu ses id\u00e9es, c\u2019est son m\u00e9rite, maintenant qu\u2019il a des r\u00e9sultats, ils s\u2019attirent les louanges de la presse\u00bb\u00a0<\/p>\n<p>\n        18:53\n            <\/p>\n<p class=\"fig-live-post__title\" role=\"heading\" aria-level=\"3\">Les anciens champions aussi pr\u00e9sents !!<\/p>\n<p>\n        18:52\n            <\/p>\n<p class=\"fig-live-post__title\" role=\"heading\" aria-level=\"3\">\u00abTerminer deuxi\u00e8me en Ligue 1 !\u00bb<\/p>\n<p class=\"fig-paragraph\">Interrog\u00e9 au micro de Bein Sport, Geronimo Rulli a affich\u00e9 les ambitions de l\u2019OM pour la derni\u00e8re rencontre de Ligue 1\u00a0: \u00abOn veut bien finir, on a sign\u00e9 une victoire tr\u00e8s importante (au Havre (1-3)), maintenant l\u2019objectif c\u2019est de terminer 2e de ce championnat\u00a0!\u00bb<\/p>\n<p>\n        18:48\n            <\/p>\n<p class=\"fig-live-post__title\" role=\"heading\" aria-level=\"3\">33e c\u00e9r\u00e9monie des troph\u00e9es UNFP !<\/p>\n<p class=\"fig-paragraph\">Il s\u2019agit de la 33e \u00e9dition des troph\u00e9es UNFP, depuis 1992.<\/p>\n<p>\n        18:45\n            <\/p>\n<p class=\"fig-live-post__title\" role=\"heading\" aria-level=\"3\">Nikola Karabatic en invit\u00e9 d\u2019honneur !<\/p>\n<p>\n        18:42\n            <\/p>\n<p class=\"fig-live-post__title\" role=\"heading\" aria-level=\"3\">D\u00e9but imminent de la c\u00e9r\u00e9monie !<\/p>\n<p class=\"fig-paragraph\">Les invit\u00e9s prennent place au sein du Pavillon Gabriel, d\u00e9but imminent de la c\u00e9r\u00e9monie.<\/p>\n<p>\n        18:40\n            <\/p>\n<p class=\"fig-live-post__title\" role=\"heading\" aria-level=\"3\">Maghnes Akliouche, symbole de la nouvelle g\u00e9n\u00e9ration mon\u00e9gasque<\/p>\n<p>\n        18:35\n            <\/p>\n<p class=\"fig-live-post__title\" role=\"heading\" aria-level=\"3\">Esteban Lepaul, l\u2019homme fort du SCO !<\/p>\n<p>\n        18:34\n            <\/p>\n<p class=\"fig-live-post__title\" role=\"heading\" aria-level=\"3\">Les arriv\u00e9es pleuvent au Pavillon Gabriel !<\/p>\n<p>\n        18:33\n            <\/p>\n<p class=\"fig-live-post__title\" role=\"heading\" aria-level=\"3\">Le troph\u00e9e le plus attendu !<\/p>\n<p>\n        18:29\n            <\/p>\n<p class=\"fig-live-post__title\" role=\"heading\" aria-level=\"3\">Le plus beau but de la saison !<\/p>\n<p class=\"fig-paragraph\">Pour cette distinction Maghnes Akliouche (AS Monaco), Andrey Santos (Strasbourg), Esteban Lepaul (SCO Angers), Amine Gouiri (OM), et Moses Simon (FC Nantes) sont les cinq nomin\u00e9s pour le troph\u00e9e du plus beau but de la saison de Ligue\u00a01.<\/p>\n<p>\n        18:19\n            <\/p>\n<p class=\"fig-live-post__title\" role=\"heading\" aria-level=\"3\">L\u2019arriv\u00e9e d\u2019Andrey Santos !<\/p>\n<p>\n        18:09\n            <\/p>\n<p class=\"fig-live-post__title\" role=\"heading\" aria-level=\"3\">Qui sont les grands absents de la c\u00e9r\u00e9monie ?<\/p>\n<p class=\"fig-paragraph\">On rel\u00e8ve quelques absents qui auraient pu pr\u00e9tendre \u00e0 certaines distinctions, voici les plus grands noms\u00a0: Adrien Rabiot, Mason Greenwood ou encore Corentin Tolisso pour le troph\u00e9e de meilleur joueur du championnat. C\u00f4t\u00e9 meilleur espoir, les noms de Diego Moreira et de Malick Fofana ne figurent pas malgr\u00e9 leurs saisons encourageante \u00e0 Strasbourg et Lyon. Quant aux entra\u00eeneurs, Franck Haise et Roberto De Zerbi, ne sont pas nomm\u00e9s parmi les meilleurs de Ligue 1.<\/p>\n<p>\n        17:59\n            <\/p>\n<p class=\"fig-live-post__title\" role=\"heading\" aria-level=\"3\">D\u00e9couvrez tous les laur\u00e9ats nomin\u00e9s du football fran\u00e7ais !<\/p>\n<p>\n        17:57\n            <\/p>\n<p class=\"fig-live-post__title\" role=\"heading\" aria-level=\"3\">Une soir\u00e9e qui ne fait que commencer !<\/p>\n<p>\n        17:56\n            <\/p>\n<p class=\"fig-live-post__title\" role=\"heading\" aria-level=\"3\">Bonjour \u00e0 toutes et \u00e0 tous !!<\/p>\n<p class=\"fig-paragraph\">Bienvenue sur ce live comment\u00e9 de la remise des troph\u00e9es UNFP, pour les meilleurs joueurs de la saison en Ligue 1.<\/p>\n<p>                Les publications appara\u00eetront ici<\/p>\n<p>        Fermer<\/p>\n","protected":false},"excerpt":{"rendered":"19:19 Tara Elimbi Gilbert meilleure espoir de l\u2019APL !! Sabrina Delanoy a remis le troph\u00e9e de meilleur espoir,&hellip;\n","protected":false},"author":2,"featured_media":92265,"comment_status":"","ping_status":"","sticky":false,"template":"","format":"standard","meta":{"footnotes":""},"categories":[1412],"tags":[525,1981,814,1451,2257,63,1452,1453,1454,1455,1011,27,3309,66,1307,921,955,1176,978,2782,93,1980,60],"class_list":{"0":"post-92264","1":"post","2":"type-post","3":"status-publish","4":"format-standard","5":"has-post-thumbnail","7":"category-f1","8":"tag-calendrier","9":"tag-classement","10":"tag-direct","11":"tag-f1","12":"tag-foot","13":"tag-football","14":"tag-formula-1","15":"tag-formula1","16":"tag-formule-1","17":"tag-formule1","18":"tag-fr","19":"tag-france","20":"tag-l1","21":"tag-ligue-1","22":"tag-lille","23":"tag-luis-enrique","24":"tag-match","25":"tag-olympique-de-marseille","26":"tag-olympique-lyonnais","27":"tag-ousmane-dembele","28":"tag-psg","29":"tag-resultats","30":"tag-sports"},"share_on_mastodon":{"url":"https:\/\/pubeurope.com\/@fr\/114490359335971131","error":""},"_links":{"self":[{"href":"https:\/\/www.europesays.com\/fr\/wp-json\/wp\/v2\/posts\/92264","targetHints":{"allow":["GET"]}}],"collection":[{"href":"https:\/\/www.europesays.com\/fr\/wp-json\/wp\/v2\/posts"}],"about":[{"href":"https:\/\/www.europesays.com\/fr\/wp-json\/wp\/v2\/types\/post"}],"author":[{"embeddable":true,"href":"https:\/\/www.europesays.com\/fr\/wp-json\/wp\/v2\/users\/2"}],"replies":[{"embeddable":true,"href":"https:\/\/www.europesays.com\/fr\/wp-json\/wp\/v2\/comments?post=92264"}],"version-history":[{"count":0,"href":"https:\/\/www.europesays.com\/fr\/wp-json\/wp\/v2\/posts\/92264\/revisions"}],"wp:featuredmedia":[{"embeddable":true,"href":"https:\/\/www.europesays.com\/fr\/wp-json\/wp\/v2\/media\/92265"}],"wp:attachment":[{"href":"https:\/\/www.europesays.com\/fr\/wp-json\/wp\/v2\/media?parent=92264"}],"wp:term":[{"taxonomy":"category","embeddable":true,"href":"https:\/\/www.europesays.com\/fr\/wp-json\/wp\/v2\/categories?post=92264"},{"taxonomy":"post_tag","embeddable":true,"href":"https:\/\/www.europesays.com\/fr\/wp-json\/wp\/v2\/tags?post=92264"}],"curies":[{"name":"wp","href":"https:\/\/api.w.org\/{rel}","templated":true}]}}