{"id":92266,"date":"2025-05-11T17:23:10","date_gmt":"2025-05-11T17:23:10","guid":{"rendered":"https:\/\/www.europesays.com\/fr\/92266\/"},"modified":"2025-05-11T17:23:10","modified_gmt":"2025-05-11T17:23:10","slug":"cyclisme-tro-bro-leon-bastien-tronchon-je-me-suis-amuse-comme-un-fou","status":"publish","type":"post","link":"https:\/\/www.europesays.com\/fr\/92266\/","title":{"rendered":"Cyclisme. Tro Bro L\u00e9on &#8211; Bastien Tronchon : \u00abJe me suis amus\u00e9 comme un fou\u00bb"},"content":{"rendered":"<p>Il a surmont\u00e9 la pluie, la boue, les chutes, les crevaisons et les erreurs de parcours. <strong>Bastien Tronchon <\/strong>(Decathlon AG2R La Mondiale) s&rsquo;est adjug\u00e9 une m\u00e9morable \u00e9dition du <strong><a href=\"https:\/\/www.cyclismactu.net\/..\/news-cyclisme-route-tro-bro-leon-le-show-bastien-tronchon-un-scenario-fou-et-un-double-87798.html\" target=\"_blank\" rel=\"noopener\">Tro Bro L\u00e9on<\/a><\/strong>. Cerise sur le gateau il offre avec son co\u00e9quipier <strong>Pierre Gautherat <\/strong>un superbe doubl\u00e9 \u00e0 son \u00e9quipe. Derri\u00e8re les deux fran\u00e7ais c&rsquo;est <strong>Valentin Madouas <\/strong>(Groupama-FDJ) qui est all\u00e9 chercher la 3\u00e8me place et le cochon offert au 1er breton. Forc\u00e9ment satisfait de sa 2\u00e8me victoire chez les professionnels <strong>Tronchon <\/strong>a mis en avant la bonne dynamique actuelle de son \u00e9quipe et explique qu&rsquo;il a pu s&rsquo;appuyer sur des jambes de folie pour dompter ce <strong>Tro Bro L\u00e9on <\/strong>2025.<\/p>\n<p>Vid\u00e9o &#8211; Un sc\u00e9nario fou et un doubl\u00e9 pour Decathlon : Lire la suite de l&rsquo;article&#13;<br \/>\nDes jambes de feu malgr\u00e8s les al\u00e9as&#13;<\/p>\n<p>Juste apr\u00e8s l&rsquo;arriv\u00e9e il a racont\u00e9 sa journ\u00e9e : \u00ab\u00a0C&rsquo;\u00e9tait une folle journ\u00e9e. J&rsquo;ai tout de suite vu que j&rsquo;avais des super jambes aujourd&rsquo;hui. J&rsquo;ai pu garder de la fra\u00eecheur apr\u00e8s le tryptique ardennais. J&rsquo;ai retrouv\u00e9 le punch que j&rsquo;avais avant et que j&rsquo;avais un petit peu perdu. J&rsquo;avais pour objectif d&rsquo;anticiper pour former un petit groupe et aller loin avec. C&rsquo;est ce que j&rsquo;ai fait mais j&rsquo;\u00e9tais un peu tout seul. J&rsquo;ai subi les al\u00e9as de la course en me trompant de route, en crevant deux fois de la roue avant. Je suis toujours rest\u00e9 calme. C&rsquo;est l&rsquo;anniversaire de Papa donc j&rsquo;ai bien pens\u00e9 \u00e0 lui et \u00e7a m&rsquo;a donn\u00e9 de la force aujourd&rsquo;hui. Il m&rsquo;a dit de m&rsquo;amuser, je me suis amus\u00e9 comme un fou.\u00a0\u00bb<\/p>\n<p>&#13;<\/p>\n<p>Puis il a \u00e9voqu\u00e9 sa strat\u00e9gie du jour et notamment le moment o\u00f9 il place son attaque pour sortir du peloton : \u00ab\u00a0C&rsquo;est pas des moments faciles. Dans un premier temps j&rsquo;ai repens\u00e9 au Strade Bianche, une course avec beaucoup d&rsquo;al\u00e9as o\u00f9 j&rsquo;avais aussi des super sensations. Malheureusement ici j&rsquo;ai eu des al\u00e9as. Je me suis dit que ce n&rsquo;\u00e9tait pas grave, que j&rsquo;allais faire ma course. Donc j&rsquo;ai continu\u00e9 ma course, je me suis retrouv\u00e9 dans un gros groupe avec seulement Pierre Gautherat devant. J&rsquo;ai r\u00e9ussi \u00e0 m&rsquo;extirper de ce groupe et rentrer tout seul. C&rsquo;\u00e9tait parfait.\u00a0\u00bb<\/p>\n<p>&#13;<\/p>\n<p>\u00a0<\/p>\n<p>&#13;<br \/>\n<strong>Une superbe dynamique pour Decathlon AG2R La Mondiale<\/strong>&#13;<\/p>\n<p>Enfin il conclut comme ceci : \u00ab\u00a0J&rsquo;ai profit\u00e9 aussi du fait que K\u00e9vin Vauquelin cr\u00e8ve pour rentrer sur le groupe de devant. C&rsquo;\u00e9tait pas la journ\u00e9e parfaite en termes de tactique mais j&rsquo;avais vraiment des jambes de folies. Un doubl\u00e9 vendredi, la victoire de Benoit Cosnefroy hier au Morbihan, un doubl\u00e9 aujourd&rsquo;hui. Quel week-end pour l&rsquo;\u00e9quipe ! Au d\u00e9part on visait le podium mais avec la dynamique et l&rsquo;\u00e9quipe qu&rsquo;on avait, on s&rsquo;est dit qu&rsquo;on allait plut\u00f4t viser la victoire.\u00a0\u00bb<\/p>\n<p>Tro Bro Leon &#8211; Classement g\u00e9n\u00e9ral<\/p>\n","protected":false},"excerpt":{"rendered":"Il a surmont\u00e9 la pluie, la boue, les chutes, les crevaisons et les erreurs de parcours. Bastien Tronchon&hellip;\n","protected":false},"author":2,"featured_media":92267,"comment_status":"","ping_status":"","sticky":false,"template":"","format":"standard","meta":{"footnotes":""},"categories":[1411],"tags":[1154,207,211,1011,27,209,60,210,18764,212,208,213],"class_list":{"0":"post-92266","1":"post","2":"type-post","3":"status-publish","4":"format-standard","5":"has-post-thumbnail","7":"category-cyclisme","8":"tag-cycling","9":"tag-cyclisme","10":"tag-ffc","11":"tag-fr","12":"tag-france","13":"tag-route","14":"tag-sports","15":"tag-tour-de-france","16":"tag-tro-bro-leon","17":"tag-uci","18":"tag-velo","19":"tag-world-tour"},"share_on_mastodon":{"url":"https:\/\/pubeurope.com\/@fr\/114490363329670669","error":""},"_links":{"self":[{"href":"https:\/\/www.europesays.com\/fr\/wp-json\/wp\/v2\/posts\/92266","targetHints":{"allow":["GET"]}}],"collection":[{"href":"https:\/\/www.europesays.com\/fr\/wp-json\/wp\/v2\/posts"}],"about":[{"href":"https:\/\/www.europesays.com\/fr\/wp-json\/wp\/v2\/types\/post"}],"author":[{"embeddable":true,"href":"https:\/\/www.europesays.com\/fr\/wp-json\/wp\/v2\/users\/2"}],"replies":[{"embeddable":true,"href":"https:\/\/www.europesays.com\/fr\/wp-json\/wp\/v2\/comments?post=92266"}],"version-history":[{"count":0,"href":"https:\/\/www.europesays.com\/fr\/wp-json\/wp\/v2\/posts\/92266\/revisions"}],"wp:featuredmedia":[{"embeddable":true,"href":"https:\/\/www.europesays.com\/fr\/wp-json\/wp\/v2\/media\/92267"}],"wp:attachment":[{"href":"https:\/\/www.europesays.com\/fr\/wp-json\/wp\/v2\/media?parent=92266"}],"wp:term":[{"taxonomy":"category","embeddable":true,"href":"https:\/\/www.europesays.com\/fr\/wp-json\/wp\/v2\/categories?post=92266"},{"taxonomy":"post_tag","embeddable":true,"href":"https:\/\/www.europesays.com\/fr\/wp-json\/wp\/v2\/tags?post=92266"}],"curies":[{"name":"wp","href":"https:\/\/api.w.org\/{rel}","templated":true}]}}