{"id":92277,"date":"2025-05-11T17:29:09","date_gmt":"2025-05-11T17:29:09","guid":{"rendered":"https:\/\/www.europesays.com\/fr\/92277\/"},"modified":"2025-05-11T17:29:09","modified_gmt":"2025-05-11T17:29:09","slug":"pourquoi-le-boys-band-francais-fascine-a-nouveau-autant-les-medias","status":"publish","type":"post","link":"https:\/\/www.europesays.com\/fr\/92277\/","title":{"rendered":"pourquoi le boys band fran\u00e7ais fascine \u00e0 nouveau autant les m\u00e9dias"},"content":{"rendered":"<p>Est-ce un retour de hype pour les 2Be3\u00a0? Apr\u00e8s le succ\u00e8s de <a class=\"link \" href=\"https:\/\/www.lepoint.fr\/pop-culture\/que-vaut-culte-la-serie-de-prime-video-sur-les-coulisses-de-loft-story-18-10-2024-2573053_2920.php\" rel=\"nofollow noopener\" target=\"_blank\" data-ylk=\"slk:la s\u00e9rie Culte, qui roman\u00e7ait les coulisses du show de t\u00e9l\u00e9-r\u00e9alit\u00e9 Loft Story,;elm:context_link;itc:0;sec:content-canvas\">la s\u00e9rie Culte, qui roman\u00e7ait les coulisses du show de t\u00e9l\u00e9-r\u00e9alit\u00e9 Loft Story,<\/a>\u00a0les sc\u00e9naristes de fictions s&#8217;emparent d&rsquo;un autre ph\u00e9nom\u00e8ne phare de l&rsquo;adolescence des millenials\u00a0: les boys bands. Ces groupes compos\u00e9s de jeunes hommes, musculeux et pas d\u00e9sagr\u00e9ables \u00e0 regarder, fabriqu\u00e9s\u00a0de toutes pi\u00e8ces par les directions marketing des labels, ont squatt\u00e9 les sommets des charts \u00e0 la fin des ann\u00e9es 1990, encha\u00eenant tubes format\u00e9s et tourn\u00e9es XXL\u2026 avant de lasser leur public. Les jeunes filles en fleur d&rsquo;alors ayant m\u00fbri, la vague est peu \u00e0 peu retomb\u00e9e, renvoyant la plupart de ces idoles \u00e0 l&rsquo;anonymat.<\/p>\n<p>Mais la nostalgie n&rsquo;a jamais aussi bien vendu. Et c&rsquo;est la figure de proue de ces boys bands fran\u00e7ais, \u00e0 savoir les 2Be3, qui semble\u00a0revenir sur le devant de la sc\u00e8ne.<\/p>\n<p>Deux s\u00e9ries leur sont consacr\u00e9es<\/p>\n<p>C&rsquo;est Amazon Prime qui a d\u00e9gain\u00e9 la premi\u00e8re. La plateforme a annonc\u00e9 en septembre dernier travailler sur\u00a0<a class=\"link \" href=\"https:\/\/www.lepoint.fr\/people\/prime-video-prepare-une-serie-sur-les-2be3-le-boys-band-des-annees-1990--27-09-2024-2571291_2116.php\" rel=\"nofollow noopener\" target=\"_blank\" data-ylk=\"slk:la pr\u00e9paration d&#039;une fiction;elm:context_link;itc:0;sec:content-canvas\">la pr\u00e9paration d&rsquo;une fiction<\/a> consacr\u00e9e \u00e0 l&rsquo;aventure musicale de Filip Nikolic (disparu en 2009), Adel Kachermi et Frank Delay. Une plong\u00e9e dans l&rsquo;univers du boys band, retra\u00e7ant le destin de ces trois gar\u00e7ons de Longjumeau qui ont conquis le c\u0153ur des adolescentes fran\u00e7aises\u2026\u00a0Dans la lign\u00e9e de la premi\u00e8re saison de Culte, l&rsquo;ambition affich\u00e9e des producteurs est de \u00ab\u00a0mettre en lumi\u00e8re des gens ordinaires qui ont connu une c\u00e9l\u00e9brit\u00e9 soudaine et ont fa\u00e7onn\u00e9 la soci\u00e9t\u00e9 d&rsquo;aujourd&rsquo;hui\u00a0\u00bb, selon Thomas Dubois, di [&#8230;] <a href=\"https:\/\/www.lepoint.fr\/culture\/2025-marque-t-il-le-grand-retour-des-2be3--11-05-2025-2589315_3.php\" rel=\"nofollow noopener\" target=\"_blank\" data-ylk=\"slk:Lire la suite;elm:context_link;itc:0;sec:content-canvas\" class=\"link \">Lire la suite<\/a><\/p>\n","protected":false},"excerpt":{"rendered":"Est-ce un retour de hype pour les 2Be3\u00a0? Apr\u00e8s le succ\u00e8s de la s\u00e9rie Culte, qui roman\u00e7ait les&hellip;\n","protected":false},"author":2,"featured_media":92278,"comment_status":"","ping_status":"","sticky":false,"template":"","format":"standard","meta":{"footnotes":""},"categories":[1355],"tags":[3038,20395,58,59,1011,27,20396,1361,873,12840],"class_list":{"0":"post-92277","1":"post","2":"type-post","3":"status-publish","4":"format-standard","5":"has-post-thumbnail","7":"category-musique","8":"tag-2be3","9":"tag-boys-bands","10":"tag-divertissement","11":"tag-entertainment","12":"tag-fr","13":"tag-france","14":"tag-jeunes-filles-en-fleur","15":"tag-music","16":"tag-musique","17":"tag-serie-culte"},"share_on_mastodon":{"url":"https:\/\/pubeurope.com\/@fr\/114490386952922680","error":""},"_links":{"self":[{"href":"https:\/\/www.europesays.com\/fr\/wp-json\/wp\/v2\/posts\/92277","targetHints":{"allow":["GET"]}}],"collection":[{"href":"https:\/\/www.europesays.com\/fr\/wp-json\/wp\/v2\/posts"}],"about":[{"href":"https:\/\/www.europesays.com\/fr\/wp-json\/wp\/v2\/types\/post"}],"author":[{"embeddable":true,"href":"https:\/\/www.europesays.com\/fr\/wp-json\/wp\/v2\/users\/2"}],"replies":[{"embeddable":true,"href":"https:\/\/www.europesays.com\/fr\/wp-json\/wp\/v2\/comments?post=92277"}],"version-history":[{"count":0,"href":"https:\/\/www.europesays.com\/fr\/wp-json\/wp\/v2\/posts\/92277\/revisions"}],"wp:featuredmedia":[{"embeddable":true,"href":"https:\/\/www.europesays.com\/fr\/wp-json\/wp\/v2\/media\/92278"}],"wp:attachment":[{"href":"https:\/\/www.europesays.com\/fr\/wp-json\/wp\/v2\/media?parent=92277"}],"wp:term":[{"taxonomy":"category","embeddable":true,"href":"https:\/\/www.europesays.com\/fr\/wp-json\/wp\/v2\/categories?post=92277"},{"taxonomy":"post_tag","embeddable":true,"href":"https:\/\/www.europesays.com\/fr\/wp-json\/wp\/v2\/tags?post=92277"}],"curies":[{"name":"wp","href":"https:\/\/api.w.org\/{rel}","templated":true}]}}