{"id":92301,"date":"2025-05-11T17:41:14","date_gmt":"2025-05-11T17:41:14","guid":{"rendered":"https:\/\/www.europesays.com\/fr\/92301\/"},"modified":"2025-05-11T17:41:14","modified_gmt":"2025-05-11T17:41:14","slug":"la-colere-des-riverains-noyes-dans-la-poussiere","status":"publish","type":"post","link":"https:\/\/www.europesays.com\/fr\/92301\/","title":{"rendered":"la col\u00e8re des riverains noy\u00e9s dans la poussi\u00e8re"},"content":{"rendered":"<p>\u00ab\u00a0Ce n\u2019est pas viable\u00a0\u00bb, \u00ab\u00a0C\u2019est scandaleux\u00a0\u00bb, \u00ab\u00a0C\u2019est infernal\u00a0\u00bb ou encore \u00ab\u00a0Ils vont nous faire crever\u00a0\u00bb. Ces quelques r\u00e9actions permettent de mesurer l\u2019ambiance pas vraiment au beau fixe qui r\u00e8gne dans l\u2019un des immeubles du boulevard d\u2019Hardeval \u00e0 Laxou. Le b\u00e2timent est situ\u00e9 en bordure d\u2019une portion du boulevard qui a fait l\u2019objet de travaux de voirie en fin d\u2019ann\u00e9e derni\u00e8re.<\/p>\n<p>Une tranch\u00e9e a \u00e9t\u00e9 creus\u00e9e au milieu de la route pour pouvoir enfouir des r\u00e9seaux \u00e9lectriques et de t\u00e9l\u00e9communication. Ce chantier initi\u00e9 par la m\u00e9tropole du Grand Nancy s\u2019inscrit dans une op\u00e9ration plus vaste de r\u00e9fection des trottoirs et de la chauss\u00e9e dans deux rues voisines. \u00ab\u00a0Nous sommes tr\u00e8s tol\u00e9rants et nous comprenons parfaitement la n\u00e9cessit\u00e9 de faire des travaux. Mais l\u00e0, c\u2019est vraiment abuser\u00a0\u00bb, proteste Audrey, la quarantaine, qui&#8230;<\/p>\n","protected":false},"excerpt":{"rendered":"\u00ab\u00a0Ce n\u2019est pas viable\u00a0\u00bb, \u00ab\u00a0C\u2019est scandaleux\u00a0\u00bb, \u00ab\u00a0C\u2019est infernal\u00a0\u00bb ou encore \u00ab\u00a0Ils vont nous faire crever\u00a0\u00bb. Ces quelques r\u00e9actions&hellip;\n","protected":false},"author":2,"featured_media":92302,"comment_status":"","ping_status":"","sticky":false,"template":"","format":"standard","meta":{"footnotes":""},"categories":[9635],"tags":[1111,11,3542,1704,1777,674,1011,27,775,10426,10262,3457,1702,12,25,2803],"class_list":{"0":"post-92301","1":"post","2":"type-post","3":"status-publish","4":"format-standard","5":"has-post-thumbnail","7":"category-nancy","8":"tag-actu","9":"tag-actualites","10":"tag-circulation","11":"tag-edition-nancy-et-agglomeration","12":"tag-eu","13":"tag-europe","14":"tag-fr","15":"tag-france","16":"tag-grand-est","17":"tag-laxou","18":"tag-metropole-du-grand-nancy-54b5","19":"tag-meurthe-et-moselle","20":"tag-nancy","21":"tag-news","22":"tag-republique-francaise","23":"tag-transport"},"share_on_mastodon":{"url":"https:\/\/pubeurope.com\/@fr\/114490434177136958","error":""},"_links":{"self":[{"href":"https:\/\/www.europesays.com\/fr\/wp-json\/wp\/v2\/posts\/92301","targetHints":{"allow":["GET"]}}],"collection":[{"href":"https:\/\/www.europesays.com\/fr\/wp-json\/wp\/v2\/posts"}],"about":[{"href":"https:\/\/www.europesays.com\/fr\/wp-json\/wp\/v2\/types\/post"}],"author":[{"embeddable":true,"href":"https:\/\/www.europesays.com\/fr\/wp-json\/wp\/v2\/users\/2"}],"replies":[{"embeddable":true,"href":"https:\/\/www.europesays.com\/fr\/wp-json\/wp\/v2\/comments?post=92301"}],"version-history":[{"count":0,"href":"https:\/\/www.europesays.com\/fr\/wp-json\/wp\/v2\/posts\/92301\/revisions"}],"wp:featuredmedia":[{"embeddable":true,"href":"https:\/\/www.europesays.com\/fr\/wp-json\/wp\/v2\/media\/92302"}],"wp:attachment":[{"href":"https:\/\/www.europesays.com\/fr\/wp-json\/wp\/v2\/media?parent=92301"}],"wp:term":[{"taxonomy":"category","embeddable":true,"href":"https:\/\/www.europesays.com\/fr\/wp-json\/wp\/v2\/categories?post=92301"},{"taxonomy":"post_tag","embeddable":true,"href":"https:\/\/www.europesays.com\/fr\/wp-json\/wp\/v2\/tags?post=92301"}],"curies":[{"name":"wp","href":"https:\/\/api.w.org\/{rel}","templated":true}]}}