{"id":92311,"date":"2025-05-11T17:46:13","date_gmt":"2025-05-11T17:46:13","guid":{"rendered":"https:\/\/www.europesays.com\/fr\/92311\/"},"modified":"2025-05-11T17:46:13","modified_gmt":"2025-05-11T17:46:13","slug":"prevention-et-repression-quel-bilan-et-quelles-actions-a-lhorizon-2027","status":"publish","type":"post","link":"https:\/\/www.europesays.com\/fr\/92311\/","title":{"rendered":"pr\u00e9vention et r\u00e9pression, quel bilan et quelles actions \u00e0 l&rsquo;horizon 2027\u00a0?"},"content":{"rendered":"<p>            Par<br \/>\n        <strong><br \/>\n            <a href=\"https:\/\/actu.fr\/auteur\/jm-aubert\" title=\"Consulter tous les articles de Jean-Marc Aubert\" target=\"_blank\" rel=\"noopener\">Jean-Marc Aubert<\/a><br \/>\n        <\/strong><\/p>\n<p>        Publi\u00e9 le<\/p>\n<p>            11 mai 2025 \u00e0 18h25        <\/p>\n<p>La pr\u00e9vention et la lutte contre l\u2019<strong>ins\u00e9curit\u00e9<\/strong> reste une des principales priorit\u00e9s du maire et du pr\u00e9sident de la M\u00e9tropole de Montpellier, <strong>Micha\u00ebl Delafosse<\/strong>. Ces derniers jours, la <strong>Ville de Montpellier<\/strong> a r\u00e9uni les partenaires impliqu\u00e9s dans la s\u00e9curit\u00e9 et la <strong>pr\u00e9vention de la d\u00e9linquance<\/strong> autour du maire, du pr\u00e9fet de l\u2019H\u00e9rault, Fran\u00e7ois-Xavier Lauch, de Jean-Christophe Tixier, procureur de la R\u00e9publique adjoint de Montpellier, du contr\u00f4leur g\u00e9n\u00e9ral Beno\u00eet Desmartin, directeur Interd\u00e9partemental de la police nationale -DIPN 34- et de Rachid El Moudden, repr\u00e9sentant du Conseil d\u00e9partemental de l\u2019H\u00e9rault. L\u2019ensemble des partenaires ont \u00e9voqu\u00e9 le bilan positif de toutes les actions men\u00e9es depuis quatre ans dans le cadre du Conseil local de s\u00e9curit\u00e9 et de pr\u00e9vention de la d\u00e9linquance -CLSPD- port\u00e9 par la Ville de Montpellier et les services de l\u2019Etat.<\/p>\n<p>    <a href=\"https:\/\/www.google.com\/maps\/embed?pb=!1m18!1m12!1m3!1d7678.245060339329!2d3.891886105556784!3d43.59793179480239!2m3!1f0!2f0!3f0!3m2!1i1024!2i768!4f13.1!3m3!1m2!1s0x12b6ae016ee41ecf%3A0x43ad717412e05b44!2sH%C3%B4tel%20de%20Ville%20de%20Montpellier!5e0!3m2!1sfr!2sfr!4v1746975315899!5m2!1sfr!2sfr\" title=\"Ouvrie le lien\" target=\"_blank\" rel=\"noopener\">Cliquez ici pour visualiser le contenu<\/a><\/p>\n<p class=\" wall-content\">Tous ont affirm\u00e9 leur engagement en faveur de la s\u00e9curit\u00e9 des Montpelli\u00e9rains et ont soulign\u00e9 la r\u00e9ussite du partenariat transversal qui pr\u00e9domine. \u00ab\u00a0Le fil rouge soulign\u00e9 lors de cette seizi\u00e8me assembl\u00e9e pl\u00e9ni\u00e8re du CLSPD a mis en \u00e9vidence l\u2019importance des partenariats entre les diff\u00e9rents acteurs, les nouveaux dispositifs et moyens ainsi que les nouveaux acteurs mis en place au service de la s\u00e9curit\u00e9 et la pr\u00e9vention. A \u00e9t\u00e9 notamment mis en exergue le <strong>partenariat renforc\u00e9 avec la police nationale et la police municipale<\/strong> se traduisant par des op\u00e9rations conjointes et compl\u00e9mentaires, mais aussi par des conventionnements\u00a0\u00bb, explique la Ville de Montpellier.<\/p>\n<p class=\" wall-content\">Les nouvelles conventions de coordination 2025-2027 entre la Ville de Montpellier et les forces de s\u00e9curit\u00e9 de l\u2019\u00c9tat permettent en compl\u00e9mentarit\u00e9, de clarifier et d\u2019harmoniser les missions et interventions des directions et services du p\u00f4le des s\u00e9curit\u00e9s de la Ville avec celles des forces de s\u00e9curit\u00e9 de l\u2019Etat.\u00a0Une convention renforc\u00e9e entre la Ville et le r\u00e9seau TaM 3M d\u00e9finissant les modalit\u00e9s de coop\u00e9ration pour 2025-2027, de gestion collaborative et op\u00e9rationnelle de la s\u00e9curit\u00e9 au quotidien au sein des transports en commun TaM 3M.<\/p>\n<p>      <img   decoding=\"async\" loading=\"lazy\" src=\"https:\/\/www.europesays.com\/fr\/wp-content\/uploads\/2025\/05\/unnamed-3-960x640.jpg\" alt=\"Le maire et pr\u00e9sident de la M\u00e9tropole, avec \u00e0 droite le pr\u00e9fet de l'H\u00e9rault.\" width=\"960\" height=\"640\"\/><br \/>\n    Le maire et pr\u00e9sident de la M\u00e9tropole, avec \u00e0 droite le pr\u00e9fet de l\u2019H\u00e9rault. (\u00a9Ville de Montpellier)Vid\u00e9os : en ce moment sur ActuUne nouvelle convention\u00a0<\/p>\n<p class=\" wall-content\">Une nouvelle convention a \u00e9t\u00e9 sign\u00e9e avec le bailleur social Adoma, afin d\u2019assurer une meilleure coordination entre la Ville, la police nationale et am\u00e9liorer ainsi \u00a0la s\u00e9curit\u00e9 et la tranquillit\u00e9 dans les parties communes du bailleur et pr\u00e9venir les actes de d\u00e9linquance.<br \/>Le partenariat existe avec les services sociaux de justice pour l\u2019accueil des Tig (Travaux d\u2019int\u00e9r\u00eat g\u00e9n\u00e9ral) et des Tnr (Travaux non r\u00e9mun\u00e9r\u00e9es), pour favoriser la r\u00e9insertion et \u00e9viter la r\u00e9cidive. \u00ab\u00a0On est pass\u00e9 de trois personnes accueillies en 2020 au sein des \u00a0services de la Ville, m\u00e9tropole ou CCAS, \u00e0 53 en 2024. L\u2019assembl\u00e9e a \u00e9galement mis en lumi\u00e8re les nouveaux dispositifs de s\u00e9curit\u00e9 et de pr\u00e9vention, qui visent \u00e0 am\u00e9liorer la qualit\u00e9 de vie des citoyens tout en agissant sur les causes profondes de la d\u00e9linquance et de l\u2019incivilit\u00e9\u00a0\u00bb, ajoute la mairie.<\/p>\n<p class=\" wall-content\">Le d\u00e9veloppement de la <strong>vid\u00e9oprotection<\/strong>, pour accro\u00eetre l\u2019efficacit\u00e9 des actions de surveillance et de pr\u00e9vention gr\u00e2ce notamment au <a href=\"https:\/\/actu.fr\/occitanie\/montpellier_34172\/montpellier-une-violente-agression-nocturne-filmee-par-les-cameras-de-video-protection_62592126.html\" target=\"_blank\" rel=\"noopener\">Centre de supervision urbaine<\/a> -CSU- se traduit par un parc de <strong>411 cam\u00e9ras<\/strong> avec une dur\u00e9e de conservation des images passant de 9 \u00e0 30 jours et <strong>752 r\u00e9quisitions<\/strong> <strong>d\u2019images<\/strong> des services judiciaires.\u00a0La mise en place d\u2019un comit\u00e9 de suivi des \u00e9tablissements, afin d\u2019organiser des contr\u00f4les les \u00e9tablissements posant des probl\u00e8mes en mati\u00e8re de s\u00e9curit\u00e9 et de tranquillit\u00e9 publique a donn\u00e9 lieu \u00e0 141 contr\u00f4les administratifs.\u00a0Le lancement du <strong>dispositif Angela<\/strong>, en partenariat avec la CCI, visant \u00e0 lutter contre le harc\u00e8lement de rue s\u2019inscrit dans une d\u00e9marche globale de s\u00e9curit\u00e9 pour les femmes. Aujourd\u2019hui <strong>106 commerces ou \u00e9tablissements public<\/strong> sont lab\u00e9lis\u00e9s \u00ab\u00a0zone refuge\u00a0\u00bb.<\/p>\n<p class=\" wall-content\">La cr\u00e9ation de la p<strong>olice intercommunale des transports<\/strong>, forte d\u2019un effectif de 42 agents d\u2019ici fin 2025, est une nouvelle structure qui intervient dans les transports publics pour renforcer la s\u00e9curit\u00e9 des usagers \u00e0 l\u2019\u00e9chelle m\u00e9tropolitaine : <strong>plus de 4\u00a0944 interventions<\/strong> \u00e0 son actif depuis sa cr\u00e9ation en septembre 2023, dont 955 proc\u00e9dures judiciaires.<\/p>\n<p class=\" wall-content\">La cr\u00e9ation d\u2019une \u00e9quipe de m\u00e9diation sociale de six agents avec une amplitude horaire de 10h \u00e0 21h du lundi au samedi sur le territoire de la Mosson, contribue \u00e0 une gestion plus apais\u00e9e des conflits dans ce quartier. Celle du <a href=\"https:\/\/actu.fr\/occitanie\/montpellier_34172\/securite-des-residences-sociales-la-metropole-de-montpellier-montre-les-muscles_60235222.html\" target=\"_blank\" rel=\"noopener\">groupement de s\u00fbret\u00e9 r\u00e9sidentielle interbailleur<\/a> -GSRI- effective depuis le 20 octobre 2023, poss\u00e8de un effectif de 40 agents \u00e0 terme pour r\u00e9pondre aux enjeux sp\u00e9cifiques de s\u00e9curit\u00e9 dans les logements sociaux.<\/p>\n<p class=\" wall-content\">\u00ab\u00a0Le partenariat entre la Ville de Montpellier et les services de l\u2019\u00c9tat continue ainsi de s\u2019affirmer comme un levier strat\u00e9gique dans la lutte contre la d\u00e9linquance, la pr\u00e9vention des risques et la mise en place d\u2019un environnement plus s\u00fbr pour les Montpelli\u00e9rains. Ce travail collectif est essentiel pour r\u00e9pondre aux d\u00e9fis de la s\u00e9curit\u00e9 publique, tout en garantissant une approche humaine et pr\u00e9ventive des enjeux de soci\u00e9t\u00e9\u00a0\u00bb, analyse Micha\u00ebl Delafosse, assurant que \u00ab\u00a0cette r\u00e9union a permis de consolider les actions mises en place et de tracer les perspectives pour les ann\u00e9es \u00e0 venir, avec toujours la m\u00eame priorit\u00e9 : la s\u00e9curit\u00e9, la tranquillit\u00e9 et le bien-\u00eatre des habitants de Montpellier\u00a0\u00bb.<\/p>\n<p class=\" wall-content\">Vendredi 9 mai 2025, des policiers municipaux associ\u00e9s \u00e0 une nouvelle op\u00e9ration de contr\u00f4les routiers du pr\u00e9fet de l\u2019H\u00e9rault ciblant les toxicomanes venant se ravitailler dans des points de deal, en l\u2019occurrence la Cit\u00e9 G\u00e9ly cet apr\u00e8s-midi l\u00e0, ont d\u00e9couvert 72 bonbonnes de protoxyde d\u2019azote dans une fourgonnette, preuve que la coop\u00e9ration avec la police nationale est exemplaire.<\/p>\n<p class=\" wall-content\">Suivez toute l\u2019actualit\u00e9 de vos villes et m\u00e9dias favoris en vous inscrivant \u00e0 <a href=\"https:\/\/moncompte.actu.fr\" title=\"D\u00e9couvez Mon Actu\" rel=\"nofollow noopener\" data-trk=\"{&quot;cta&quot;:{&quot;action&quot;:&quot;https:\\\/\\\/moncompte.actu.fr&quot;,&quot;category&quot;:&quot;mon compte&quot;,&quot;from&quot;:&quot;article footer&quot;,&quot;name&quot;:&quot;Mon actu&quot;,&quot;type&quot;:&quot;cta&quot;}}\" target=\"_blank\">Mon Actu<\/a>.<\/p>\n","protected":false},"excerpt":{"rendered":"Par Jean-Marc Aubert Publi\u00e9 le 11 mai 2025 \u00e0 18h25 La pr\u00e9vention et la lutte contre l\u2019ins\u00e9curit\u00e9 reste&hellip;\n","protected":false},"author":2,"featured_media":92312,"comment_status":"","ping_status":"","sticky":false,"template":"","format":"standard","meta":{"footnotes":""},"categories":[9599],"tags":[1111,11,1777,674,1011,27,2825,303,2208,12,2680,1072,25,104],"class_list":{"0":"post-92311","1":"post","2":"type-post","3":"status-publish","4":"format-standard","5":"has-post-thumbnail","7":"category-montpellier","8":"tag-actu","9":"tag-actualites","10":"tag-eu","11":"tag-europe","12":"tag-fr","13":"tag-france","14":"tag-insecurite","15":"tag-justice","16":"tag-montpellier","17":"tag-news","18":"tag-occitanie","19":"tag-police","20":"tag-republique-francaise","21":"tag-societe"},"share_on_mastodon":{"url":"https:\/\/pubeurope.com\/@fr\/114490453747769433","error":""},"_links":{"self":[{"href":"https:\/\/www.europesays.com\/fr\/wp-json\/wp\/v2\/posts\/92311","targetHints":{"allow":["GET"]}}],"collection":[{"href":"https:\/\/www.europesays.com\/fr\/wp-json\/wp\/v2\/posts"}],"about":[{"href":"https:\/\/www.europesays.com\/fr\/wp-json\/wp\/v2\/types\/post"}],"author":[{"embeddable":true,"href":"https:\/\/www.europesays.com\/fr\/wp-json\/wp\/v2\/users\/2"}],"replies":[{"embeddable":true,"href":"https:\/\/www.europesays.com\/fr\/wp-json\/wp\/v2\/comments?post=92311"}],"version-history":[{"count":0,"href":"https:\/\/www.europesays.com\/fr\/wp-json\/wp\/v2\/posts\/92311\/revisions"}],"wp:featuredmedia":[{"embeddable":true,"href":"https:\/\/www.europesays.com\/fr\/wp-json\/wp\/v2\/media\/92312"}],"wp:attachment":[{"href":"https:\/\/www.europesays.com\/fr\/wp-json\/wp\/v2\/media?parent=92311"}],"wp:term":[{"taxonomy":"category","embeddable":true,"href":"https:\/\/www.europesays.com\/fr\/wp-json\/wp\/v2\/categories?post=92311"},{"taxonomy":"post_tag","embeddable":true,"href":"https:\/\/www.europesays.com\/fr\/wp-json\/wp\/v2\/tags?post=92311"}],"curies":[{"name":"wp","href":"https:\/\/api.w.org\/{rel}","templated":true}]}}