{"id":92323,"date":"2025-05-11T17:56:10","date_gmt":"2025-05-11T17:56:10","guid":{"rendered":"https:\/\/www.europesays.com\/fr\/92323\/"},"modified":"2025-05-11T17:56:10","modified_gmt":"2025-05-11T17:56:10","slug":"eckbolsheim-un-incendie-se-declare-sur-un-balcon-un-immeuble-evacue","status":"publish","type":"post","link":"https:\/\/www.europesays.com\/fr\/92323\/","title":{"rendered":"Eckbolsheim. Un incendie se d\u00e9clare sur un balcon, un immeuble \u00e9vacu\u00e9"},"content":{"rendered":"<p>Un incendie s\u2019est d\u00e9clar\u00e9 samedi 10\u00a0mai vers 19 heures dans un immeuble situ\u00e9 impasse des Horticulteurs \u00e0 Eckbolsheim. Le feu a pris sur le balcon d\u2019un appartement situ\u00e9 au deuxi\u00e8me \u00e9tage. Les sapeurs-pompiers sont intervenus. L\u2019immeuble a \u00e9t\u00e9 enti\u00e8rement \u00e9vacu\u00e9, par pr\u00e9caution. L\u2019incendie a \u00e9t\u00e9 rapidement ma\u00eetris\u00e9 et les d\u00e9g\u00e2ts sont limit\u00e9s au balcon. D\u2019apr\u00e8s les premiers \u00e9l\u00e9ments de l\u2019enqu\u00eate de gendarmerie, l\u2019origine du sinistre serait accidentelle.<\/p>\n","protected":false},"excerpt":{"rendered":"Un incendie s\u2019est d\u00e9clar\u00e9 samedi 10\u00a0mai vers 19 heures dans un immeuble situ\u00e9 impasse des Horticulteurs \u00e0 Eckbolsheim.&hellip;\n","protected":false},"author":2,"featured_media":92324,"comment_status":"","ping_status":"","sticky":false,"template":"","format":"standard","meta":{"footnotes":""},"categories":[2820],"tags":[1111,11,11353,2880,1777,674,274,107,1011,27,775,1310,12,25,640,3089],"class_list":{"0":"post-92323","1":"post","2":"type-post","3":"status-publish","4":"format-standard","5":"has-post-thumbnail","7":"category-strasbourg","8":"tag-actu","9":"tag-actualites","10":"tag-eckbolsheim","11":"tag-edition-strasbourg","12":"tag-eu","13":"tag-europe","14":"tag-faits-divers-justice","15":"tag-fil-info","16":"tag-fr","17":"tag-france","18":"tag-grand-est","19":"tag-incendie","20":"tag-news","21":"tag-republique-francaise","22":"tag-strasbourg","23":"tag-strasbourg-sud"},"share_on_mastodon":{"url":"https:\/\/pubeurope.com\/@fr\/114490493082821616","error":""},"_links":{"self":[{"href":"https:\/\/www.europesays.com\/fr\/wp-json\/wp\/v2\/posts\/92323","targetHints":{"allow":["GET"]}}],"collection":[{"href":"https:\/\/www.europesays.com\/fr\/wp-json\/wp\/v2\/posts"}],"about":[{"href":"https:\/\/www.europesays.com\/fr\/wp-json\/wp\/v2\/types\/post"}],"author":[{"embeddable":true,"href":"https:\/\/www.europesays.com\/fr\/wp-json\/wp\/v2\/users\/2"}],"replies":[{"embeddable":true,"href":"https:\/\/www.europesays.com\/fr\/wp-json\/wp\/v2\/comments?post=92323"}],"version-history":[{"count":0,"href":"https:\/\/www.europesays.com\/fr\/wp-json\/wp\/v2\/posts\/92323\/revisions"}],"wp:featuredmedia":[{"embeddable":true,"href":"https:\/\/www.europesays.com\/fr\/wp-json\/wp\/v2\/media\/92324"}],"wp:attachment":[{"href":"https:\/\/www.europesays.com\/fr\/wp-json\/wp\/v2\/media?parent=92323"}],"wp:term":[{"taxonomy":"category","embeddable":true,"href":"https:\/\/www.europesays.com\/fr\/wp-json\/wp\/v2\/categories?post=92323"},{"taxonomy":"post_tag","embeddable":true,"href":"https:\/\/www.europesays.com\/fr\/wp-json\/wp\/v2\/tags?post=92323"}],"curies":[{"name":"wp","href":"https:\/\/api.w.org\/{rel}","templated":true}]}}