{"id":92329,"date":"2025-05-11T17:59:10","date_gmt":"2025-05-11T17:59:10","guid":{"rendered":"https:\/\/www.europesays.com\/fr\/92329\/"},"modified":"2025-05-11T17:59:10","modified_gmt":"2025-05-11T17:59:10","slug":"devant-la-prefecture-a-nice-une-situation-intenable-pour-les-ukrainiens","status":"publish","type":"post","link":"https:\/\/www.europesays.com\/fr\/92329\/","title":{"rendered":"Devant la pr\u00e9fecture \u00e0 Nice, \u00ab\u00a0une situation intenable pour les Ukrainiens\u00a0\u00bb"},"content":{"rendered":"<p>\u00ab\u00a0Il faut le vivre pour le croire!\u00a0\u00bb Olga (pr\u00e9nom modifi\u00e9), sexag\u00e9naire ukrainienne, est indign\u00e9e. Cette r\u00e9fugi\u00e9e veut partager le d\u00e9sarroi de nombreux compatriotes venus s\u2019\u00e9tablir dans les Alpes-Maritimes depuis le 24 f\u00e9vrier 2022 et l\u2019invasion russe. Des r\u00e9fugi\u00e9s \u00ab\u00a0confront\u00e9s \u00e0 une situation de plus en plus intenable pour renouveler leur protection temporaire\u00a0\u00bb, alerte-t-elle.<\/p>\n<p>Ce week-end, la pr\u00e9fecture des A.-M. a ouvert son guichet \u00ab\u00a0Ukraine\u00a0\u00bb non-stop, de 8h30\u00e0 16h30, \u00ab\u00a0afin de faciliter le renouvellement des autorisations provisoires de s\u00e9jour (APS) dont la validit\u00e9 est \u00e9chue ou arrivera \u00e0 \u00e9ch\u00e9ance en mai 2025\u00a0\u00bb. Tous les six mois, les r\u00e9fugi\u00e9s doivent faire renouveler ce pr\u00e9cieux s\u00e9same, essentiel pour travailler ou se loger. \u00ab\u00a0Une fr\u00e9quence absurde et \u00e9puisante, surtout dans le contexte post-traumatique que nous connaissons\u00a0\u00bb, d\u00e9plore Olga.<\/p>\n<p>Il y a quelques mois encore, les rendez-vous se prenaient en ligne. <a href=\"https:\/\/www.nicematin.com\/faits-divers\/des-refugies-ukrainiens-victimes-d-un-trafic-de-rendez-vous-en-prefecture-984899\" target=\"_blank\" rel=\"noopener\">Mais ce syst\u00e8me a \u00e9t\u00e9 d\u00e9voy\u00e9, des escrocs piratant les cr\u00e9neaux pour les revendre.<\/a> La pr\u00e9fecture y a donc renonc\u00e9, pr\u00e9f\u00e9rant ouvrir des guichets d\u00e9di\u00e9s un week-end par mois, avec \u00ab\u00a0une capacit\u00e9 d\u2019accueil tr\u00e8s importante\u00a0\u00bb. Objectif: recevoir \u00ab\u00a0la totalit\u00e9 des ressortissants ukrainiens\u00a0\u00bb qui se pr\u00e9sentent, avec un acc\u00e8s sp\u00e9cial pour les personnes vuln\u00e9rables. Mais en pratique, cela rel\u00e8ve du parcours du combattant.<\/p>\n<p>\u00ab\u00a0Indigne d\u2019un pays civilis\u00e9\u00a0\u00bb<\/p>\n<p>Des centaines de r\u00e9fugi\u00e9s patientent ainsi pendant des heures aux portes du centre administratif des Alpes-Maritimes. \u00ab\u00a0Des personnes \u00e2g\u00e9es, des enfants, des malades, des personnes traumatis\u00e9es par la guerre sont laiss\u00e9es \u00e0 l\u2019ext\u00e9rieur, sans savoir si elles seront prises en charge, constate Olga. Certaines personnes d\u00e9clarent d\u00e9j\u00e0 qu\u2019elles passeront la nuit devant la pr\u00e9fecture. Il n\u2019y a m\u00eame pas de toilettes accessibles \u2014 beaucoup sont oblig\u00e9s d\u2019aller dans les buissons. Il n\u2019y a ni eau, ni nourriture, ni abri contre le soleil.\u00a0\u00bb Une situation \u00ab\u00a0indigne d\u2019un pays qui se dit civilis\u00e9 et respectueux des droits humains\u00a0\u00bb.<\/p>\n<p>Elle-m\u00eame a fait demi-tour samedi, avec son fils handicap\u00e9, ne supportant plus \u00ab\u00a0cette attente d\u00e9shumanisante. Comment peut-on parler d\u2019asile ou de protection quand il faut litt\u00e9ralement se battre pour renouveler son droit de rester?\u00a0\u00bb<\/p>\n<p>En France, Nice est en premi\u00e8re ligne de l\u2019accueil des r\u00e9fugi\u00e9s ukrainiens. Certes, \u00ab\u00a0apr\u00e8s avoir surv\u00e9cu \u00e0 la guerre, cette \u00e9preuve n\u2019est pas la plus dure\u00a0\u00bb. Mais Olga appelle la pr\u00e9fecture des A.-M., et le nouveau pr\u00e9fet attendu sous peu, \u00e0 rem\u00e9dier \u00e0 \u00ab\u00a0ce chaos administratif \u00e0 Nice\u00a0\u00bb.<\/p>\n","protected":false},"excerpt":{"rendered":"\u00ab\u00a0Il faut le vivre pour le croire!\u00a0\u00bb Olga (pr\u00e9nom modifi\u00e9), sexag\u00e9naire ukrainienne, est indign\u00e9e. Cette r\u00e9fugi\u00e9e veut partager&hellip;\n","protected":false},"author":2,"featured_media":92330,"comment_status":"","ping_status":"","sticky":false,"template":"","format":"standard","meta":{"footnotes":""},"categories":[2819],"tags":[1111,11,1777,674,1011,27,10264,12,2401,882,25],"class_list":{"0":"post-92329","1":"post","2":"type-post","3":"status-publish","4":"format-standard","5":"has-post-thumbnail","7":"category-nice","8":"tag-actu","9":"tag-actualites","10":"tag-eu","11":"tag-europe","12":"tag-fr","13":"tag-france","14":"tag-humanitaire","15":"tag-news","16":"tag-nice","17":"tag-provence-alpes-cote-dazur","18":"tag-republique-francaise"},"share_on_mastodon":{"url":"https:\/\/pubeurope.com\/@fr\/114490505011192953","error":""},"_links":{"self":[{"href":"https:\/\/www.europesays.com\/fr\/wp-json\/wp\/v2\/posts\/92329","targetHints":{"allow":["GET"]}}],"collection":[{"href":"https:\/\/www.europesays.com\/fr\/wp-json\/wp\/v2\/posts"}],"about":[{"href":"https:\/\/www.europesays.com\/fr\/wp-json\/wp\/v2\/types\/post"}],"author":[{"embeddable":true,"href":"https:\/\/www.europesays.com\/fr\/wp-json\/wp\/v2\/users\/2"}],"replies":[{"embeddable":true,"href":"https:\/\/www.europesays.com\/fr\/wp-json\/wp\/v2\/comments?post=92329"}],"version-history":[{"count":0,"href":"https:\/\/www.europesays.com\/fr\/wp-json\/wp\/v2\/posts\/92329\/revisions"}],"wp:featuredmedia":[{"embeddable":true,"href":"https:\/\/www.europesays.com\/fr\/wp-json\/wp\/v2\/media\/92330"}],"wp:attachment":[{"href":"https:\/\/www.europesays.com\/fr\/wp-json\/wp\/v2\/media?parent=92329"}],"wp:term":[{"taxonomy":"category","embeddable":true,"href":"https:\/\/www.europesays.com\/fr\/wp-json\/wp\/v2\/categories?post=92329"},{"taxonomy":"post_tag","embeddable":true,"href":"https:\/\/www.europesays.com\/fr\/wp-json\/wp\/v2\/tags?post=92329"}],"curies":[{"name":"wp","href":"https:\/\/api.w.org\/{rel}","templated":true}]}}