{"id":92331,"date":"2025-05-11T18:00:11","date_gmt":"2025-05-11T18:00:11","guid":{"rendered":"https:\/\/www.europesays.com\/fr\/92331\/"},"modified":"2025-05-11T18:00:11","modified_gmt":"2025-05-11T18:00:11","slug":"la-navette-fluviale-pour-pietons-et-cyclistes-au-nord-de-nantes-est-prolongee-jusquen-2026","status":"publish","type":"post","link":"https:\/\/www.europesays.com\/fr\/92331\/","title":{"rendered":"La navette fluviale pour pi\u00e9tons et cyclistes, au nord de Nantes, est prolong\u00e9e jusqu\u2019en 2026"},"content":{"rendered":"<p>D\u00e9di\u00e9e aux pi\u00e9tons et aux cyclistes puisqu\u2019\u00e9quip\u00e9e pour 10\u00a0v\u00e9los, la navette fluviale permet de traverser l\u2019Erdre en quelques minutes. Test\u00e9e l\u2019an dernier durant quelques mois, le conseil m\u00e9tropolitain a vot\u00e9 la prolongation de celui-ci jusqu\u2019en juin\u00a02026 selon les m\u00eames modalit\u00e9s de fonctionnement.<\/p>\n<p><strong> <strong>? \u00c0 lire aussi\u00a0 : <\/strong> <a href=\"https:\/\/nantes.maville.com\/sport\/detail_-en-images.-marathon-de-nantes-une-passerelle-flottante-au-dessus-de-l-erdre-avant-l-arrivee-_8-6781967_actu.Htm\" rel=\"nofollow noopener\" target=\"_blank\">EN IMAGES. Marathon de Nantes\u00a0: une passerelle flottante au-dessus de l\u2019Erdre avant l\u2019arriv\u00e9e<\/a> <\/strong><\/p>\n<p>La travers\u00e9e pour 40\u00a0passagers<\/p>\n<p>Affr\u00e9t\u00e9e par le service de transport collectif de Nantes M\u00e9tropole, Naolib, un titre de transport, ticket ou abonnement m\u00e9tropolitain est suffisant. Depuis le ponton de Gachet (Nantes <a href=\"https:\/\/nantes.maville.com\/pays-de-la-loire\/loire-atlantique\/carquefou\/\" rel=\"nofollow noopener\" target=\"_blank\">Carquefou<\/a>) au quai de la Grimaudi\u00e8re \u00e0 <a href=\"https:\/\/nantes.maville.com\/actu\/actudet_-le-parquet-de-nantes-et-la-ville-de-la-chapelle-sur-erdre-s-engagent-pour-la-tranquillite-publique-_8-6800205_actu.Htm\" rel=\"nofollow noopener\" target=\"_blank\">La Chapelle-sur-Erdre<\/a>, le bateau assure les travers\u00e9es pour\u00a040\u00a0passagers et deux\u00a0places UFR, dans les deux sens du lundi au vendredi, sauf jours f\u00e9ri\u00e9s, toutes les 20\u00a0minutes environ entre 7\u00a0h\u00a020 et 18\u00a0h\u00a050 (animaux interdits).<\/p>\n<p>Franchir l\u2019Erdre, c\u2019est une initiative des zones d\u2019activit\u00e9 (AFUL Chantrerie \u00e0 Nantes, les Entreprises de La Chapelle-sur-Erdre, le GIE la Fleuriaye \u00e0 Carquefou), de Place au V\u00e9lo, du CD 44, des villes de Carquefou, de La Chapelle-sur-Erdre, de Nantes M\u00e9tropole.<\/p>\n<p>\u00c0 noter. Renseignements : Navette\u00a0; https:\/\/www.franchirlerdre.com \u2013 Contact\u00a0: contact@aful-chantrerie.fr<\/p>\n<p>\u00a0<\/p>\n","protected":false},"excerpt":{"rendered":"D\u00e9di\u00e9e aux pi\u00e9tons et aux cyclistes puisqu\u2019\u00e9quip\u00e9e pour 10\u00a0v\u00e9los, la navette fluviale permet de traverser l\u2019Erdre en quelques&hellip;\n","protected":false},"author":2,"featured_media":92332,"comment_status":"","ping_status":"","sticky":false,"template":"","format":"standard","meta":{"footnotes":""},"categories":[2818],"tags":[5734,1111,11,10628,1777,674,20406,1011,27,2867,766,20405,12,1308,2636,10636,20407,25],"class_list":{"0":"post-92331","1":"post","2":"type-post","3":"status-publish","4":"format-standard","5":"has-post-thumbnail","7":"category-nantes","8":"tag-5734","9":"tag-actu","10":"tag-actualites","11":"tag-cyclistes","12":"tag-eu","13":"tag-europe","14":"tag-fluviale","15":"tag-fr","16":"tag-france","17":"tag-jusqu","18":"tag-nantes","19":"tag-navette","20":"tag-news","21":"tag-nord","22":"tag-pays-de-la-loire","23":"tag-pietons","24":"tag-prolongee","25":"tag-republique-francaise"},"share_on_mastodon":{"url":"https:\/\/pubeurope.com\/@fr\/114490508788926569","error":""},"_links":{"self":[{"href":"https:\/\/www.europesays.com\/fr\/wp-json\/wp\/v2\/posts\/92331","targetHints":{"allow":["GET"]}}],"collection":[{"href":"https:\/\/www.europesays.com\/fr\/wp-json\/wp\/v2\/posts"}],"about":[{"href":"https:\/\/www.europesays.com\/fr\/wp-json\/wp\/v2\/types\/post"}],"author":[{"embeddable":true,"href":"https:\/\/www.europesays.com\/fr\/wp-json\/wp\/v2\/users\/2"}],"replies":[{"embeddable":true,"href":"https:\/\/www.europesays.com\/fr\/wp-json\/wp\/v2\/comments?post=92331"}],"version-history":[{"count":0,"href":"https:\/\/www.europesays.com\/fr\/wp-json\/wp\/v2\/posts\/92331\/revisions"}],"wp:featuredmedia":[{"embeddable":true,"href":"https:\/\/www.europesays.com\/fr\/wp-json\/wp\/v2\/media\/92332"}],"wp:attachment":[{"href":"https:\/\/www.europesays.com\/fr\/wp-json\/wp\/v2\/media?parent=92331"}],"wp:term":[{"taxonomy":"category","embeddable":true,"href":"https:\/\/www.europesays.com\/fr\/wp-json\/wp\/v2\/categories?post=92331"},{"taxonomy":"post_tag","embeddable":true,"href":"https:\/\/www.europesays.com\/fr\/wp-json\/wp\/v2\/tags?post=92331"}],"curies":[{"name":"wp","href":"https:\/\/api.w.org\/{rel}","templated":true}]}}