{"id":9234,"date":"2025-04-08T02:55:09","date_gmt":"2025-04-08T02:55:09","guid":{"rendered":"https:\/\/www.europesays.com\/fr\/9234\/"},"modified":"2025-04-08T02:55:09","modified_gmt":"2025-04-08T02:55:09","slug":"mark-zuckerberg-a-achete-le-tee-shirt-porte-par-jesse-eisenberg-dans-the-social-network","status":"publish","type":"post","link":"https:\/\/www.europesays.com\/fr\/9234\/","title":{"rendered":"Mark Zuckerberg a achet\u00e9 le tee-shirt port\u00e9 par Jesse Eisenberg dans \u00ab\u00a0The Social Network\u00a0\u00bb"},"content":{"rendered":"<p>Mark Zuckerberg n\u2019est pas g\u00ean\u00e9 par la fa\u00e7on dont il est d\u00e9peint dans <a href=\"https:\/\/www.20minutes.fr\/cinema\/607823-20101012-culture-petits-mensonges-reels-entre-amis-virtuels\" rel=\"nofollow noopener\" target=\"_blank\" class=\"color-ultramarine c-link\">The Social Network<\/a>, bien au contraire. Dans le podcast The Colin and Samir Show, le fondateur de <a href=\"https:\/\/www.20minutes.fr\/arts-stars\/people\/4131025-20241229-mark-zuckerberg-fait-point-rumeurs-concernant-fameux-bunker-survie\" rel=\"nofollow noopener\" target=\"_blank\" class=\"color-ultramarine c-link\">Facebook<\/a> a r\u00e9v\u00e9l\u00e9 avoir achet\u00e9 le tee-shirt \u00ab\u00a0Ardsley Athletics XXL\u00a0\u00bb port\u00e9 par Jesse Eisenberg dans le film oscaris\u00e9 de David Fincher.<\/p>\n<p>\u00ab\u00a0Un de mes amis l\u2019a vu dans une vente aux ench\u00e8res en ligne et m\u2019a dit, \u00ab\u00a0Tu dois l\u2019avoir\u00a0\u00bb\u00a0\u00bb, a-t-il <a href=\"https:\/\/www.youtube.com\/watch?v=wMW7-yk296U\" rel=\"nofollow noopener\" target=\"_blank\" class=\"color-ultramarine c-link\">racont\u00e9<\/a>. \u00ab\u00a0Alors je me suis dit \u00ab\u00a0Ok, ouais, allons-y\u00a0\u00bb\u00a0\u00bb. Un accessoire qui lui a co\u00fbt\u00e9 entre 2.000 et 4.000 dollars, soit un grain de sable dans la fortune du milliardaire.<\/p>\n<p>L\u2019int\u00e9ress\u00e9 se d\u00e9marque<\/p>\n<p>Une initiative qui tranche avec l\u2019attitude de Jesse Eisenberg qui, de son c\u00f4t\u00e9, cherche \u00e0 se dissocier du fondateur de Facebook. \u00ab\u00a0Je ne suis pas sa trajectoire, en partie parce que je ne veux pas qu\u2019on m\u2019associe \u00e0 quelqu\u2019un comme lui\u00a0\u00bb, a <a href=\"https:\/\/www.bbc.com\/news\/articles\/crr0x4qxxvko\" rel=\"nofollow noopener\" target=\"_blank\" class=\"color-ultramarine c-link\">d\u00e9clar\u00e9<\/a> l\u2019acteur sur BBC Radio 4 il y a quelques semaines. \u00ab\u00a0Ce n\u2019est pas comme si j\u2019avais jou\u00e9 un grand golfeur et que les gens pensaient que j\u2019en \u00e9tais un. C\u2019est un gars qui fait des choses probl\u00e9matiques.\u00a0\u00bb<\/p>\n<p>Pour rappel, Mark Zuckerberg a d\u00e9fray\u00e9 la chronique ces derniers mois en pr\u00eatant all\u00e9geance \u00e0 Donald Trump tout en op\u00e9rant un virage <a href=\"https:\/\/www.20minutes.fr\/high-tech\/by-the-web\/4133564-20250114-facebook-fact-checking-masculinisme-conservatisme-pourquoi-mark-zuckerberg-fait-volte-face\" rel=\"nofollow noopener\" target=\"_blank\" class=\"color-ultramarine c-link\">masculiniste<\/a> du plus mauvais go\u00fbt. Un retour aux sources pour certains qui n\u2019ont pas manqu\u00e9 de rappeler qu\u2019avant Facebook, Mark Zuckerberg avait cr\u00e9\u00e9 Facemash, un site Web pour comparer et noter le physique des \u00e9tudiantes de son universit\u00e9.<\/p>\n","protected":false},"excerpt":{"rendered":"Mark Zuckerberg n\u2019est pas g\u00ean\u00e9 par la fa\u00e7on dont il est d\u00e9peint dans The Social Network, bien au&hellip;\n","protected":false},"author":2,"featured_media":9235,"comment_status":"","ping_status":"","sticky":false,"template":"","format":"standard","meta":{"footnotes":""},"categories":[1359],"tags":[650,4689,58,59,4688,2081,1011,27,4687,1016,973,133],"class_list":{"0":"post-9234","1":"post","2":"type-post","3":"status-publish","4":"format-standard","5":"has-post-thumbnail","7":"category-people","8":"tag-cinema","9":"tag-david-fincher","10":"tag-divertissement","11":"tag-entertainment","12":"tag-facebook","13":"tag-film","14":"tag-fr","15":"tag-france","16":"tag-mark-zuckerberg","17":"tag-meta","18":"tag-people","19":"tag-video"},"share_on_mastodon":{"url":"https:\/\/pubeurope.com\/@fr\/114300093972461150","error":""},"_links":{"self":[{"href":"https:\/\/www.europesays.com\/fr\/wp-json\/wp\/v2\/posts\/9234","targetHints":{"allow":["GET"]}}],"collection":[{"href":"https:\/\/www.europesays.com\/fr\/wp-json\/wp\/v2\/posts"}],"about":[{"href":"https:\/\/www.europesays.com\/fr\/wp-json\/wp\/v2\/types\/post"}],"author":[{"embeddable":true,"href":"https:\/\/www.europesays.com\/fr\/wp-json\/wp\/v2\/users\/2"}],"replies":[{"embeddable":true,"href":"https:\/\/www.europesays.com\/fr\/wp-json\/wp\/v2\/comments?post=9234"}],"version-history":[{"count":0,"href":"https:\/\/www.europesays.com\/fr\/wp-json\/wp\/v2\/posts\/9234\/revisions"}],"wp:featuredmedia":[{"embeddable":true,"href":"https:\/\/www.europesays.com\/fr\/wp-json\/wp\/v2\/media\/9235"}],"wp:attachment":[{"href":"https:\/\/www.europesays.com\/fr\/wp-json\/wp\/v2\/media?parent=9234"}],"wp:term":[{"taxonomy":"category","embeddable":true,"href":"https:\/\/www.europesays.com\/fr\/wp-json\/wp\/v2\/categories?post=9234"},{"taxonomy":"post_tag","embeddable":true,"href":"https:\/\/www.europesays.com\/fr\/wp-json\/wp\/v2\/tags?post=9234"}],"curies":[{"name":"wp","href":"https:\/\/api.w.org\/{rel}","templated":true}]}}