{"id":92349,"date":"2025-05-11T18:09:08","date_gmt":"2025-05-11T18:09:08","guid":{"rendered":"https:\/\/www.europesays.com\/fr\/92349\/"},"modified":"2025-05-11T18:09:08","modified_gmt":"2025-05-11T18:09:08","slug":"le-rc-lens-et-lolympique-de-marseille-valident-leur-montee-en-premiere-ligue-seconde-ligue-j21","status":"publish","type":"post","link":"https:\/\/www.europesays.com\/fr\/92349\/","title":{"rendered":"Le RC Lens et L&rsquo;Olympique de Marseille valident leur mont\u00e9e en Premi\u00e8re Ligue ! &#8211; Seconde Ligue &#8211; J21"},"content":{"rendered":"<p>Comme quoi le multiplex peut parfois avoir son charme.<\/p>\n<p>Au terme de la 21e journ\u00e9e de Seconde Ligue, <strong>les deux tickets d\u2019accession en Premi\u00e8re Ligue ont \u00e9t\u00e9 distribu\u00e9s<\/strong> apr\u00e8s des matchs \u00e0 multiples rebondissements. <strong>Leader \u00e0 la peine ces derni\u00e8res semaines, le RC Lens a finalement arrach\u00e9 sa mont\u00e9e apr\u00e8s avoir renvers\u00e9 Toulouse (3-2)<\/strong>, grand perdant de cette journ\u00e9e et <strong>acc\u00e8de \u00e0 l\u2019\u00e9lite du football f\u00e9minin hexagonal pour la premi\u00e8re fois de son histoire<\/strong> depuis le passage sous pavillon lensois. L\u2019anc\u00eatre de la section : Arras \u00e9tait d\u00e9j\u00e0 pr\u00e9sent en premi\u00e8re division au cours de la saison 2014-2015.<\/p>\n<blockquote class=\"twitter-tweet-lazy\" data-width=\"500\" data-dnt=\"true\">\n<p lang=\"fr\" dir=\"ltr\">Une saison \ud835\udc86\u0301\ud835\udc91\ud835\udc8a\ud835\udc92\ud835\udc96\ud835\udc86.<br \/>\nUne \u00e9quipe \ud835\udc89\ud835\udc86\u0301\ud835\udc93\ud835\udc90\ud835\udc8a\ud835\udc92\ud835\udc96\ud835\udc86.<br \/>\nUne mont\u00e9e \ud835\udc89\ud835\udc8a\ud835\udc94\ud835\udc95\ud835\udc90\ud835\udc93\ud835\udc8a\ud835\udc92\ud835\udc96\ud835\udc86. \ud83d\udd1d<\/p>\n<p>\ud83d\udd1c <a target=\"_blank\" href=\"https:\/\/twitter.com\/ArkemaPL?ref_src=twsrc%5Etfw\" rel=\"nofollow noopener\">@ArkemaPL<\/a> \ud83d\udc4b<a target=\"_blank\" href=\"https:\/\/twitter.com\/hashtag\/RCElles?src=hash&amp;ref_src=twsrc%5Etfw\" rel=\"nofollow noopener\">#RCElles<\/a> <a target=\"_blank\" href=\"https:\/\/t.co\/6shsJksfEI\" rel=\"nofollow\">pic.twitter.com\/6shsJksfEI<\/a><\/p>\n<p>\u2014 RC Lens F\u00e9minin (@RCLensFeminin) <a target=\"_blank\" href=\"https:\/\/twitter.com\/RCLensFeminin\/status\/1921580670381404612?ref_src=twsrc%5Etfw\" rel=\"nofollow noopener\">May 11, 2025<\/a><\/p>\n<\/blockquote>\n<p>De son c\u00f4t\u00e9 l\u2019OM a d\u00e9j\u00e0 go\u00fbt\u00e9 \u00e0 l\u2019\u00e9chelon sup\u00e9rieur, mais a longtemps rong\u00e9 son frein avant de pouvoir rego\u00fbter \u00e0 l\u2019exercice, <strong>c\u2019est d\u00e9sormais chose faite<\/strong>. Les Olympiennes avaient \u00e9t\u00e9 rel\u00e9gu\u00e9es \u00e0 l\u2019issue de la saison 2019-2020, tronqu\u00e9e par le Covid et ont manqu\u00e9 les deux ann\u00e9es pr\u00e9c\u00e9dentes la mont\u00e9e \u00e0 un rien au profit de Saint-Etienne, puis de Nantes.<\/p>\n<p>Le nom du champion encore inconnu<\/p>\n<p>La mission \u00e9tait simple pour l\u2019OM : <strong>remporter son match \u00e0 Saint-Malo pour s\u2019assurer la mont\u00e9e<\/strong>. Malgr\u00e9 l\u2019ouverture du score malouine, <strong>les Olympiennes ont su renverser la vapeur pour finalement s\u2019imposer 3 \u00e0 1<\/strong>. Devenu coach de l\u2019\u00e9quipe depuis le d\u00e9but de la saison, Fr\u00e9d\u00e9ric Gon\u00e7alves n\u2019a pas h\u00e9sit\u00e9 \u00e0 partager sa joie : \u00ab\u202fOn est tr\u00e8s contents, on attendait \u00e7a depuis un moment. De toute mani\u00e8re, nous on attendait \u00e7a depuis le d\u00e9but de saison, en tout cas pour ma part. Mais la section f\u00e9minine attendait \u00e7a depuis pr\u00e8s de cinq ans. Donc on va dire que l\u2019objectif est atteint, on a eu le g\u00e2teau. \u00bb<\/p>\n<blockquote class=\"twitter-tweet-lazy\" data-width=\"500\" data-dnt=\"true\">\n<p lang=\"fr\" dir=\"ltr\">\u00ab\u00a0\ud835\udde2\ud835\uddfb \ud835\uddf2\ud835\ude00\ud835\ude01 \ud835\uddf2\ud835\uddfb \ud835\uddd7\ud835\udfed\u00a0\u00bb \ud83d\udc83\ud83c\udfb6<\/p>\n<p>Entre larmes et joie, l&rsquo;OM retrouve l\u2019\u00e9lite \ud83d\udc99\ud83e\udd79 <a target=\"_blank\" href=\"https:\/\/t.co\/z3Ue5phXIv\" rel=\"nofollow\">pic.twitter.com\/z3Ue5phXIv<\/a><\/p>\n<p>\u2014 OM F\u00e9minines (@OMfeminines) <a target=\"_blank\" href=\"https:\/\/twitter.com\/OMfeminines\/status\/1921606103491588489?ref_src=twsrc%5Etfw\" rel=\"nofollow noopener\">May 11, 2025<\/a><\/p>\n<\/blockquote>\n<p>La derni\u00e8re journ\u00e9e qui se jouera le dimanche 18 mai aura encore des surprises \u00e0 r\u00e9server puisque si l\u2019on connait les deux \u00e9quipes promues,<strong> le titre de champion de Seconde Ligue n\u2019a pas encore \u00e9t\u00e9 attribu\u00e9<\/strong> puisque Lens est exempt pour cette ultime journ\u00e9e mais poss\u00e8de encore trois points d\u2019avance sur son dauphin (45), tandis que l\u2019OM recevra Toulouse \u00e0 Marseille.<strong> En cas de victoire phoc\u00e9enne, les Olympiennes prendraient la t\u00eate du classement<\/strong> puisque c\u2019est le goal-average particulier qui est roi dans cette division et \u00e0 \u00e9galit\u00e9 de points avec les Lensoises, l\u2019OM terminerait devant gr\u00e2ce \u00e0 son match nul \u00e0 l\u2019aller (1-1) et sa victoire au retour (1-0). Une victoire finale sur laquelle compte le coach ciel et blanc : \u00ab\u202f Il ne manque plus que la cerise sur le g\u00e2teau qui sera, j\u2019esp\u00e8re, la semaine prochaine, en allant chercher le titre face \u00e0 Toulouse. On est sur 8 victoires de suite et on va aller chercher cette 9e victoire. Donc on va travailler la semaine. On profite un peu demain et mardi on repartira plus belle pour cette derni\u00e8re semaine de la saison.\u202f\u00bb <strong>Dans le bas du tableau aussi cette derni\u00e8re journ\u00e9e sera d\u00e9cisive<\/strong> puisqu\u2019il n\u2019y a que deux points d\u2019\u00e9cart entre Rodez, rel\u00e9gable, Nice et Orl\u00e9ans qui sont les trois \u00e9quipes luttant pour le maintien.<\/p>\n<p>La v\u00e9ritable lutte finale.<\/p>\n<p>\t\t\t\t\t\t\t\t\t\t<a class=\"lien-connexe\" href=\"https:\/\/www.sofoot.com\/breves\/le-rc-lens-recompense-ses-abonnes-fideles-et-sanctionne-les-moins-assidus-pour-ses-reabonnements\" rel=\"nofollow noopener\" target=\"_blank\">Le RC Lens r\u00e9compense ses abonn\u00e9s fid\u00e8les et sanctionne les moins assidus pour ses r\u00e9abonnements<\/a>\t\t\t\t\t<script async src=\"https:\/\/platform.twitter.com\/widgets.js\" charset=\"utf-8\"><\/script><\/p>\n","protected":false},"excerpt":{"rendered":"Comme quoi le multiplex peut parfois avoir son charme. Au terme de la 21e journ\u00e9e de Seconde Ligue,&hellip;\n","protected":false},"author":2,"featured_media":92350,"comment_status":"","ping_status":"","sticky":false,"template":"","format":"standard","meta":{"footnotes":""},"categories":[2814],"tags":[1111,47,11,61,69,65,64,1777,674,63,1011,27,68,66,884,12,62,70,882,25,67],"class_list":{"0":"post-92349","1":"post","2":"type-post","3":"status-publish","4":"format-standard","5":"has-post-thumbnail","7":"category-marseille","8":"tag-actu","9":"tag-actualite","10":"tag-actualites","11":"tag-actus-football","12":"tag-bundesliga","13":"tag-championnats-europeens","14":"tag-equipe-de-france","15":"tag-eu","16":"tag-europe","17":"tag-football","18":"tag-fr","19":"tag-france","20":"tag-ligua","21":"tag-ligue-1","22":"tag-marseille","23":"tag-news","24":"tag-news-foot","25":"tag-premier-league","26":"tag-provence-alpes-cote-dazur","27":"tag-republique-francaise","28":"tag-serie-a"},"share_on_mastodon":{"url":"https:\/\/pubeurope.com\/@fr\/114490544190780521","error":""},"_links":{"self":[{"href":"https:\/\/www.europesays.com\/fr\/wp-json\/wp\/v2\/posts\/92349","targetHints":{"allow":["GET"]}}],"collection":[{"href":"https:\/\/www.europesays.com\/fr\/wp-json\/wp\/v2\/posts"}],"about":[{"href":"https:\/\/www.europesays.com\/fr\/wp-json\/wp\/v2\/types\/post"}],"author":[{"embeddable":true,"href":"https:\/\/www.europesays.com\/fr\/wp-json\/wp\/v2\/users\/2"}],"replies":[{"embeddable":true,"href":"https:\/\/www.europesays.com\/fr\/wp-json\/wp\/v2\/comments?post=92349"}],"version-history":[{"count":0,"href":"https:\/\/www.europesays.com\/fr\/wp-json\/wp\/v2\/posts\/92349\/revisions"}],"wp:featuredmedia":[{"embeddable":true,"href":"https:\/\/www.europesays.com\/fr\/wp-json\/wp\/v2\/media\/92350"}],"wp:attachment":[{"href":"https:\/\/www.europesays.com\/fr\/wp-json\/wp\/v2\/media?parent=92349"}],"wp:term":[{"taxonomy":"category","embeddable":true,"href":"https:\/\/www.europesays.com\/fr\/wp-json\/wp\/v2\/categories?post=92349"},{"taxonomy":"post_tag","embeddable":true,"href":"https:\/\/www.europesays.com\/fr\/wp-json\/wp\/v2\/tags?post=92349"}],"curies":[{"name":"wp","href":"https:\/\/api.w.org\/{rel}","templated":true}]}}