{"id":92351,"date":"2025-05-11T18:10:14","date_gmt":"2025-05-11T18:10:14","guid":{"rendered":"https:\/\/www.europesays.com\/fr\/92351\/"},"modified":"2025-05-11T18:10:14","modified_gmt":"2025-05-11T18:10:14","slug":"rhone-quatorze-ans-apres-une-belge-en-cavale-localisee-dans-une-commune-au-sud-de-lyon","status":"publish","type":"post","link":"https:\/\/www.europesays.com\/fr\/92351\/","title":{"rendered":"Rh\u00f4ne. Quatorze ans apr\u00e8s, une Belge en cavale localis\u00e9e dans une commune au sud de Lyon"},"content":{"rendered":"<p>Am\u00e9lie*, cette femme de nationalit\u00e9 belge n\u00e9e en 1988, menait a priori une vie sans histoire dans le Rh\u00f4ne. L\u2019\u00e9tablissement que son conjoint avait acquis il y a quelques ann\u00e9es \u00e0 Condrieu, et o\u00f9 elle travaillait, avait fait l\u2019objet de plusieurs articles dans la presse locale.<\/p>\n<p>La jeune femme avait \u00e9galement eu les honneurs des journaux quelques ann\u00e9es plus t\u00f4t, pour son activit\u00e9 d\u2019artiste peintre. Un point commun ressort cependant de ces diff\u00e9rentes publications\u00a0: jamais Am\u00e9lie ne divulguait son v\u00e9ritable nom de famille, modifiant une voyelle ou utilisant celui de son compagnon, qu\u2019elle a finalement \u00e9pous\u00e9 en 2025.<\/p>\n<p>Jusqu\u2019\u00e0 ce que son pass\u00e9 ne la rattrape brutalement, le vendredi 29\u00a0avril,&#8230;<\/p>\n","protected":false},"excerpt":{"rendered":"Am\u00e9lie*, cette femme de nationalit\u00e9 belge n\u00e9e en 1988, menait a priori une vie sans histoire dans le&hellip;\n","protected":false},"author":2,"featured_media":92352,"comment_status":"","ping_status":"","sticky":false,"template":"","format":"standard","meta":{"footnotes":""},"categories":[1889],"tags":[1111,11,2430,271,272,2757,1777,674,274,107,1011,27,2428,2756,12,25,2429,20408],"class_list":{"0":"post-92351","1":"post","2":"type-post","3":"status-publish","4":"format-standard","5":"has-post-thumbnail","7":"category-lyon","8":"tag-actu","9":"tag-actualites","10":"tag-auvergne-rhone-alpes","11":"tag-crime","12":"tag-delit-et-contravention","13":"tag-edition-lyon-villeurbanne","14":"tag-eu","15":"tag-europe","16":"tag-faits-divers-justice","17":"tag-fil-info","18":"tag-fr","19":"tag-france","20":"tag-lyon","21":"tag-lyon-bassin","22":"tag-news","23":"tag-republique-francaise","24":"tag-rhone","25":"tag-selection-de-la-redaction-43"},"share_on_mastodon":{"url":"https:\/\/pubeurope.com\/@fr\/114490548157457760","error":""},"_links":{"self":[{"href":"https:\/\/www.europesays.com\/fr\/wp-json\/wp\/v2\/posts\/92351","targetHints":{"allow":["GET"]}}],"collection":[{"href":"https:\/\/www.europesays.com\/fr\/wp-json\/wp\/v2\/posts"}],"about":[{"href":"https:\/\/www.europesays.com\/fr\/wp-json\/wp\/v2\/types\/post"}],"author":[{"embeddable":true,"href":"https:\/\/www.europesays.com\/fr\/wp-json\/wp\/v2\/users\/2"}],"replies":[{"embeddable":true,"href":"https:\/\/www.europesays.com\/fr\/wp-json\/wp\/v2\/comments?post=92351"}],"version-history":[{"count":0,"href":"https:\/\/www.europesays.com\/fr\/wp-json\/wp\/v2\/posts\/92351\/revisions"}],"wp:featuredmedia":[{"embeddable":true,"href":"https:\/\/www.europesays.com\/fr\/wp-json\/wp\/v2\/media\/92352"}],"wp:attachment":[{"href":"https:\/\/www.europesays.com\/fr\/wp-json\/wp\/v2\/media?parent=92351"}],"wp:term":[{"taxonomy":"category","embeddable":true,"href":"https:\/\/www.europesays.com\/fr\/wp-json\/wp\/v2\/categories?post=92351"},{"taxonomy":"post_tag","embeddable":true,"href":"https:\/\/www.europesays.com\/fr\/wp-json\/wp\/v2\/tags?post=92351"}],"curies":[{"name":"wp","href":"https:\/\/api.w.org\/{rel}","templated":true}]}}