{"id":92355,"date":"2025-05-11T18:12:04","date_gmt":"2025-05-11T18:12:04","guid":{"rendered":"https:\/\/www.europesays.com\/fr\/92355\/"},"modified":"2025-05-11T18:12:04","modified_gmt":"2025-05-11T18:12:04","slug":"ile-de-france-la-surpopulation-carcerale-saccelere-dans-toutes-les-maisons-darret","status":"publish","type":"post","link":"https:\/\/www.europesays.com\/fr\/92355\/","title":{"rendered":"Ile-de-France\u00a0: la surpopulation carc\u00e9rale s&rsquo;acc\u00e9l\u00e8re dans toutes les maisons d&rsquo;arr\u00eat"},"content":{"rendered":"<p><a href=\"https:\/\/94.citoyens.com\/2025\/geopolitique-de-leau-en-ile-de-france-le-modele-eau-de-paris-etend-son-influence,23-03-2025.html\" title=\"G\u00e9opolitique de l\u2019eau\u00a0en Ile-de-France\u00a0: le mod\u00e8le Eau de Paris \u00e9tend son influence\" class=\"visuel\" rel=\"nofollow noopener\" target=\"_blank\"> <img decoding=\"async\" src=\"https:\/\/www.europesays.com\/fr\/wp-content\/uploads\/2025\/04\/eau-de-paris-seine-bievre-cachan-cd-380x173.jpg\"  class=\"attachment-home-article wp-post-image lazyload\" alt=\"G\u00e9opolitique de l\u2019eau\u00a0en Ile-de-France\u00a0: le mod\u00e8le Eau de Paris \u00e9tend son influence\"\/>  \u00a9 CD\t <\/a> <a class=\"lien-icone-article-payant\" href=\"https:\/\/94.citoyens.com\/gestion-abonnement\/paiement-abonnement?level=1\" title=\"Article r\u00e9serv\u00e9 aux abonn\u00e9s\" rel=\"nofollow noopener\" target=\"_blank\">  <img decoding=\"async\" class=\"icone-article-payant\" alt=\"Article r\u00e9serv\u00e9 aux abonn\u00e9s\" src=\"https:\/\/www.europesays.com\/fr\/wp-content\/uploads\/2025\/04\/sans_contour_32x32_couleur_originale.png\"\/>  <\/a> <a href=\"https:\/\/94.citoyens.com\/2025\/geopolitique-de-leau-en-ile-de-france-le-modele-eau-de-paris-etend-son-influence,23-03-2025.html\" title=\"G\u00e9opolitique de l\u2019eau\u00a0en Ile-de-France\u00a0: le mod\u00e8le Eau de Paris \u00e9tend son influence\" rel=\"nofollow noopener\" target=\"_blank\"> G\u00e9opolitique de l\u2019eau\u00a0en Ile-de-France\u00a0: le mod\u00e8le Eau de Paris \u00e9tend son influence\t<\/a><\/p>\n<p>Plut\u00f4t que du Champagne, de l\u2019eau claire en carafe. C\u2019est ainsi qu\u2019Eau de Paris, l\u2019\u00e9tablissement public en charge de la production et distribution de l\u2019eau dans la capitale, a arros\u00e9 son contrat avec de nouvelles r\u00e9gies publiques ce jeudi 20 mars. L\u2019enjeu : l\u2019approvisionnement en eau, mais, aussi, une approche \u00e9cologique et de gouvernance qui\u2026<\/p>\n<p><a href=\"https:\/\/94.citoyens.com\/2025\/arrivee-de-cocaine-a-laeroport-le-trafic-se-deporte-dorly-a-roissy,07-04-2025.html\" title=\"Arriv\u00e9e de coca\u00efne \u00e0 l\u2019a\u00e9roport\u00a0: le trafic se d\u00e9porte d\u2019Orly \u00e0 Roissy\" class=\"visuel\" rel=\"nofollow noopener\" target=\"_blank\"> <img decoding=\"async\" src=\"https:\/\/www.europesays.com\/fr\/wp-content\/uploads\/2025\/05\/aeroport-de-roissy-cdg-confinement-jour-3-2020-3-380x173.jpg\"  class=\"attachment-home-article wp-post-image lazyload\" alt=\"Arriv\u00e9e de coca\u00efne \u00e0 l\u2019a\u00e9roport\u00a0: le trafic se d\u00e9porte d\u2019Orly \u00e0 Roissy\"\/>  \u00a9 CD\t <\/a> <a href=\"https:\/\/94.citoyens.com\/2025\/arrivee-de-cocaine-a-laeroport-le-trafic-se-deporte-dorly-a-roissy,07-04-2025.html\" title=\"Arriv\u00e9e de coca\u00efne \u00e0 l\u2019a\u00e9roport\u00a0: le trafic se d\u00e9porte d\u2019Orly \u00e0 Roissy\" rel=\"nofollow noopener\" target=\"_blank\"> Arriv\u00e9e de coca\u00efne \u00e0 l\u2019a\u00e9roport\u00a0: le trafic se d\u00e9porte d\u2019Orly \u00e0 Roissy\t<\/a><\/p>\n<p>Le 4 mars, les douanes de l\u2019a\u00e9roport de Roissy Charles de Gaulle ont d\u00e9cid\u00e9 de scanner tous les bagages des passagers d\u2019un vol Air France arrivant de Martinique, au lieu des habituels contr\u00f4les ponctuels.\u00a0R\u00e9sultat: 212 kilos de coca\u00efne d\u00e9couverts dans les valises de six voyageurs.<\/p>\n<p><a href=\"https:\/\/94.citoyens.com\/2025\/ile-de-france-linstitut-paris-region-pointe-une-polarisation-des-espaces-les-plus-pauvres,10-04-2025.html\" title=\"Ile-de-France : l\u2019Institut Paris R\u00e9gion pointe une \u201cpolarisation des espaces les plus pauvres\u201d\" class=\"visuel\" rel=\"nofollow noopener\" target=\"_blank\"> <img decoding=\"async\" src=\"https:\/\/www.europesays.com\/fr\/wp-content\/uploads\/2025\/05\/aubervilliers-google-earth-380x173.jpg\"  class=\"attachment-home-article wp-post-image lazyload\" alt=\"Ile-de-France : l\u2019Institut Paris R\u00e9gion pointe une \u201cpolarisation des espaces les plus pauvres\u201d\"\/>  \u00a9 Google Earth\t <\/a> <a href=\"https:\/\/94.citoyens.com\/2025\/ile-de-france-linstitut-paris-region-pointe-une-polarisation-des-espaces-les-plus-pauvres,10-04-2025.html\" title=\"Ile-de-France : l\u2019Institut Paris R\u00e9gion pointe une \u201cpolarisation des espaces les plus pauvres\u201d\" rel=\"nofollow noopener\" target=\"_blank\"> Ile-de-France : l\u2019Institut Paris R\u00e9gion pointe une \u201cpolarisation des espaces les plus pauvres\u201d\t<\/a><\/p>\n<p>La nouvelle g\u00e9ographie des quartiers prioritaires de la politique de la ville (QPV) en Ile-de-France montre un renforcement de la pauvret\u00e9, notamment en Seine-Saint-Denis, mais aussi la gentrification de certains secteurs, selon une \u00e9tude publi\u00e9e mercredi par l\u2019Institut Paris R\u00e9gion.<\/p>\n<p><a href=\"https:\/\/94.citoyens.com\/2025\/finances-municipales-2025-en-val-de-marne-2-les-taxes-foncieres-par-ville,28-04-2025.html\" title=\"Finances municipales 2025 en Val-de-Marne #2\u00a0: taux de taxes fonci\u00e8res par ville\" class=\"visuel\" rel=\"nofollow noopener\" target=\"_blank\">  \u00a9 Unclesam\t <\/a> <a href=\"https:\/\/94.citoyens.com\/2025\/finances-municipales-2025-en-val-de-marne-2-les-taxes-foncieres-par-ville,28-04-2025.html\" title=\"Finances municipales 2025 en Val-de-Marne #2\u00a0: taux de taxes fonci\u00e8res par ville\" rel=\"nofollow noopener\" target=\"_blank\"> Finances municipales 2025 en Val-de-Marne #2\u00a0: taux de taxes fonci\u00e8res par ville\t<\/a><\/p>\n<p>A un an des \u00e9lections municipales 2026, la majorit\u00e9 des villes du Val-de-Marne n\u2019ont pas augment\u00e9 leur taxe fonci\u00e8re, pr\u00e9f\u00e9rant, dans certains cas, jouer sur la taxe d\u2019habitation sur les r\u00e9sidences secondaires. Sur une p\u00e9riode de 5 ans, c\u2019est diff\u00e9rent. D\u00e9tail et \u00e9volution des taux par ville.<\/p>\n","protected":false},"excerpt":{"rendered":"\u00a9 CD G\u00e9opolitique de l\u2019eau\u00a0en Ile-de-France\u00a0: le mod\u00e8le Eau de Paris \u00e9tend son influence Plut\u00f4t que du Champagne,&hellip;\n","protected":false},"author":2,"featured_media":92356,"comment_status":"","ping_status":"","sticky":false,"template":"","format":"standard","meta":{"footnotes":""},"categories":[1592],"tags":[1111,11,9861,16658,4298,4356,14181,5816,1936,7935,20409,1777,674,1011,27,12647,14777,432,662,1116,303,20410,6194,20411,20412,10963,12,20413,20414,20415,626,20416,20417,20418,20419,25,1945,20420,20421,20422,20423,12653,10962],"class_list":{"0":"post-92355","1":"post","2":"type-post","3":"status-publish","4":"format-standard","5":"has-post-thumbnail","7":"category-ile-de-france","8":"tag-actu","9":"tag-actualites","10":"tag-amenagement-de-peine","11":"tag-avocats","12":"tag-chiffres","13":"tag-coronavirus","14":"tag-crise-sanitaire","15":"tag-detention-provisoire","16":"tag-essonne","17":"tag-est-parisien","18":"tag-etat-durgence","19":"tag-eu","20":"tag-europe","21":"tag-fr","22":"tag-france","23":"tag-fresnes","24":"tag-gagny","25":"tag-gerald-darmanin","26":"tag-ile-de-france","27":"tag-immobilier","28":"tag-justice","29":"tag-limeil-brevannes","30":"tag-magistrats","31":"tag-meaux","32":"tag-melun","33":"tag-nanterre","34":"tag-news","35":"tag-noiseau","36":"tag-noisy-le-grand","37":"tag-osny","38":"tag-paris","39":"tag-porcheville","40":"tag-prison-de-fresnes","41":"tag-prison-de-reau","42":"tag-projet-de-prison-a-noiseau","43":"tag-republique-francaise","44":"tag-seine-saint-denis","45":"tag-tremblay","46":"tag-tremblay-en-france","47":"tag-versaille","48":"tag-versailles","49":"tag-villejuif","50":"tag-villepinte"},"share_on_mastodon":{"url":"","error":"Validation failed: Text character limit of 500 exceeded"},"_links":{"self":[{"href":"https:\/\/www.europesays.com\/fr\/wp-json\/wp\/v2\/posts\/92355","targetHints":{"allow":["GET"]}}],"collection":[{"href":"https:\/\/www.europesays.com\/fr\/wp-json\/wp\/v2\/posts"}],"about":[{"href":"https:\/\/www.europesays.com\/fr\/wp-json\/wp\/v2\/types\/post"}],"author":[{"embeddable":true,"href":"https:\/\/www.europesays.com\/fr\/wp-json\/wp\/v2\/users\/2"}],"replies":[{"embeddable":true,"href":"https:\/\/www.europesays.com\/fr\/wp-json\/wp\/v2\/comments?post=92355"}],"version-history":[{"count":0,"href":"https:\/\/www.europesays.com\/fr\/wp-json\/wp\/v2\/posts\/92355\/revisions"}],"wp:featuredmedia":[{"embeddable":true,"href":"https:\/\/www.europesays.com\/fr\/wp-json\/wp\/v2\/media\/92356"}],"wp:attachment":[{"href":"https:\/\/www.europesays.com\/fr\/wp-json\/wp\/v2\/media?parent=92355"}],"wp:term":[{"taxonomy":"category","embeddable":true,"href":"https:\/\/www.europesays.com\/fr\/wp-json\/wp\/v2\/categories?post=92355"},{"taxonomy":"post_tag","embeddable":true,"href":"https:\/\/www.europesays.com\/fr\/wp-json\/wp\/v2\/tags?post=92355"}],"curies":[{"name":"wp","href":"https:\/\/api.w.org\/{rel}","templated":true}]}}