{"id":92361,"date":"2025-05-11T18:15:12","date_gmt":"2025-05-11T18:15:12","guid":{"rendered":"https:\/\/www.europesays.com\/fr\/92361\/"},"modified":"2025-05-11T18:15:12","modified_gmt":"2025-05-11T18:15:12","slug":"apres-la-manifestation-neofasciste-a-paris-la-gauche-sindigne-et-pointe-la-responsabilite-de-retailleau","status":"publish","type":"post","link":"https:\/\/www.europesays.com\/fr\/92361\/","title":{"rendered":"Apr\u00e8s la manifestation n\u00e9ofasciste \u00e0 Paris, la gauche s\u2019indigne et pointe la responsabilit\u00e9 de Retailleau"},"content":{"rendered":"<p>POLITIQUE &#8211; Des bras lev\u00e9s, des cr\u00e2nes ras\u00e9s, des hommes cagoul\u00e9s, des drapeaux celtiques. Aussi gla\u00e7antes soient-elles, <a href=\"https:\/\/fr.news.yahoo.com\/justice-autorise-manifestation-n%C3%A9ofasciste-%C3%A0-103244819.html\" data-ylk=\"slk:les images de la manifestation n\u00e9onazie;elm:context_link;itc:0;sec:content-canvas;outcm:mb_qualified_link;_E:mb_qualified_link;ct:story;\" class=\"link  yahoo-link\" rel=\"nofollow noopener\" target=\"_blank\">les images de la manifestation n\u00e9onazie<\/a> qui s\u2019est tenue \u00e0 Paris le 10\u00a0mai d\u00e9filent partout sur les r\u00e9seaux sociaux. Chaque ann\u00e9e, <a href=\"https:\/\/fr.news.yahoo.com\/comit%C3%A9-9-mai-manifestation-d-101138133.html\" data-ylk=\"slk:les membres du \u00ab\u00a0Comit\u00e9 du 9\u00a0mai\u00a0\u00bb;elm:context_link;itc:0;sec:content-canvas;outcm:mb_qualified_link;_E:mb_qualified_link;ct:story;\" class=\"link  yahoo-link\" rel=\"nofollow noopener\" target=\"_blank\">les membres du \u00ab\u00a0Comit\u00e9 du 9\u00a0mai\u00a0\u00bb <\/a>(C9M) rendent hommage \u00e0 l\u2019un des leurs, le militant d\u2019extr\u00eame droite S\u00e9bastien Deyzieu, mort en 1994 apr\u00e8s \u00eatre tomb\u00e9 d\u2019un toit o\u00f9 il avait grimp\u00e9 pour \u00e9chapper \u00e0 la police.<\/p>\n<p>Malgr\u00e9 un bras de fer entre la justice et les autorit\u00e9s sur l\u2019autorisation \u00e0 donner \u00e0 ce d\u00e9fil\u00e9, les n\u00e9ofascistes sont bien descendus dans la rue. Et cela n\u2019a pas manqu\u00e9 d\u2019indigner les responsables politiques de gauche.<\/p>\n<p><a href=\"https:\/\/fr.news.yahoo.com\/avant-d%C3%A9bat-fin-vie-%C3%A0-090257973.html\" data-ylk=\"slk:Avant le d\u00e9bat sur la fin de vie \u00e0 l\u2019Assembl\u00e9e, Retailleau redit son opposition ferme;elm:context_link;itc:0;sec:content-canvas;outcm:mb_qualified_link;_E:mb_qualified_link;ct:story;\" class=\"link  yahoo-link\" rel=\"nofollow noopener\" target=\"_blank\"> Avant le d\u00e9bat sur la fin de vie \u00e0 l\u2019Assembl\u00e9e, Retailleau redit son opposition ferme <\/a><\/p>\n<p>\u00ab\u00a0Des centaines de nervis fascistes d\u00e9filent dans les rues de Paris en arborant des symboles nazis\u00a0\u00bb, alerte le d\u00e9put\u00e9 de La France insoumise Thomas Portes, par ailleurs pr\u00e9sident de l\u2019Observatoire national de l\u2019extr\u00eame droite. D\u00e9non\u00e7ant \u00ab\u00a0le silence complice\u00a0\u00bb du ministre de l\u2019Int\u00e9rieur Bruno Retailleau, il reproche au gouvernement de \u00ab\u00a0pr\u00e9f\u00e9rer dissoudre les antifascistes de la Jeune Garde\u00a0\u00bb plut\u00f4t que de s\u2019attaquer aux nostalgiques du IIIe Reich.<\/p>\n<p><a href=\"https:\/\/fr.news.yahoo.com\/pologne-mathilde-panot-manon-aubry-054350120.html\" data-ylk=\"slk:La d\u00e9put\u00e9e europ\u00e9enne LFI Manon Aubry;elm:context_link;itc:0;sec:content-canvas;outcm:mb_qualified_link;_E:mb_qualified_link;ct:story;\" class=\"link  yahoo-link\" rel=\"nofollow noopener\" target=\"_blank\">La d\u00e9put\u00e9e europ\u00e9enne LFI Manon Aubry<\/a> a \u00e9galement sonn\u00e9 l\u2019alerte\u00a0: \u00ab\u00a0Des n\u00e9onazis ont d\u00e9fil\u00e9 en toute impunit\u00e9 dans les rues de Paris. Certains arboraient m\u00eame des tatouages de croix gamm\u00e9e\u00a0\u00bb, a-t-elle rapport\u00e9 sur CNews et Europe 1\u00a0ce dimanche 11\u00a0mai. Tout en rappelant que la manifestation antifasciste avait \u00e9t\u00e9, au m\u00eame moment, interdite, Manon Aubry d\u00e9nonce \u00ab\u00a0une r\u00e9p\u00e9tition de l\u2019Histoire extr\u00eamement inqui\u00e9tante\u00a0\u00bb.<\/p>\n<p>\u00ab\u00a0Pas de policiers visibles en nombre. Pas d\u2019arrestations. Pas d\u2019\u00e9motion dans l\u2019opinion publique cr\u00e9\u00e9e par les bandeaux des cha\u00eenes d\u2019infos. Et pourtant des saluts nazis, des croix gamm\u00e9es, des visages cach\u00e9s\u00a0\u00bb, s\u2019est insurg\u00e9e la d\u00e9put\u00e9e \u00e9cologiste Sandrine Rousseau, qui se demande pourquoi le gouvernement n\u2019a pas r\u00e9agi. \u00ab\u00a0Est-il complice ou a-t-il peur\u00a0?\u00a0\u00bb, interroge-t-elle.<\/p>\n<p>Un d\u00e9fil\u00e9 \u00ab\u00a0clairement antis\u00e9mite\u00a0\u00bb<\/p>\n<p>Des mots qui font \u00e9cho \u00e0 ceux du <a href=\"https:\/\/fr.news.yahoo.com\/d%C3%A9votion-courtisanerie-violence-verbale-syst%C3%A8me-123504239.html\" data-ylk=\"slk:d\u00e9put\u00e9 ex-LFI Alexis Corbi\u00e8re;elm:context_link;itc:0;sec:content-canvas;outcm:mb_qualified_link;_E:mb_qualified_link;ct:story;\" class=\"link  yahoo-link\" rel=\"nofollow noopener\" target=\"_blank\">d\u00e9put\u00e9 ex-LFI Alexis Corbi\u00e8re<\/a>. Le fondateur du mouvement L\u2019Apr\u00e8s, aux c\u00f4t\u00e9s notamment de Cl\u00e9mentine Autain et de Raquel Garrido, exprime sa \u00ab\u00a0honte\u00a0\u00bb et charge lui aussi Bruno Retailleau, accus\u00e9 de \u00ab\u00a0laisser se d\u00e9rouler \u00e0 Paris une manifestation d\u2019un groupe fasciste violent, avec croix celtique, clairement n\u00e9onazi et antis\u00e9mite\u00a0\u00bb. Rappelant que comme tous les ans, ces hommes en noirs rendent hommage \u00e0 \u00ab\u00a0un militant de l\u2019\u0152uvre fran\u00e7aise organisation antis\u00e9mite\u00a0\u00bb.<\/p>\n<p>\u00c0 gauche, il n\u2019a \u00e9chapp\u00e9 \u00e0 personne que le d\u00e9fil\u00e9 avait d\u2019ailleurs \u00e9t\u00e9 d\u00e9clar\u00e9 en pr\u00e9fecture par Maylis de Cibon, une militante d\u2019extr\u00eame droite parisienne, ex-assistante parlementaire des d\u00e9put\u00e9s RN Christian Girard et Philippe Schreck.\u00a0L\u2019Insoumis Thomas Portes a relev\u00e9 la pr\u00e9sence, au sein du cort\u00e8ge, d\u2019un certain Marc de Cacqueray-Valmenier qu\u2019il qualifie de \u00ab\u00a0nervi n\u00e9onazi\u00a0\u00bb, ex-fondateur du mouvement Les Zouaves, homme de main du multimilliardaire Vincent Bollor\u00e9, propri\u00e9taire de CNews.<\/p>\n<p>\u00ab\u00a0Jamais nous ne nous habituerons \u00e0 cette manifestation n\u00e9ofasciste dans nos rues (dont les organisateurs ont entretenu des liens avec le RN)\u00a0\u00bb, s\u2019agace aussi la socialiste Gabrielle Siry-Houari, qui estime que la manifestation parisienne aurait d\u00fb \u00ab\u00a0\u00eatre interdite\u00a0\u00bb. Le Premier secr\u00e9taire du PS Olivier Faure observe que ce d\u00e9fil\u00e9 d\u2019extr\u00eame droite s\u2019inscrit dans un calendrier bien particulier. \u00ab\u00a0La veille, on comm\u00e9more la lib\u00e9ration de l\u2019occupation nazie. Le lendemain les fascistes paradent dans les rues de Paris. Ces gens sont le malheur des peuples. Nous ne les laisserons pas avancer\u00a0\u00bb, pointe-t-il. Reste que le rendez-vous est fix\u00e9 chaque ann\u00e9e, et rien n\u2019indique qu\u2019en 2026, les m\u00eames hommes ne se r\u00e9uniront pas au m\u00eame endroit, pour les m\u00eames raisons.<\/p>\n<p><strong>\u00c0 voir \u00e9galement sur\u00a0Le HuffPost\u00a0:<\/strong><\/p>\n<p><a href=\"https:\/\/fr.news.yahoo.com\/pourquoi-combat-chefs-entre-bruno-053014528.html\" data-ylk=\"slk:Pourquoi le combat des chefs entre Bruno Retailleau et Laurent Wauquiez risque de laisser des traces (jusqu\u2019en 2027);elm:context_link;itc:0;sec:content-canvas;outcm:mb_qualified_link;_E:mb_qualified_link;ct:story;\" class=\"link  yahoo-link\" rel=\"nofollow noopener\" target=\"_blank\"> Pourquoi le combat des chefs entre Bruno Retailleau et Laurent Wauquiez risque de laisser des traces (jusqu\u2019en 2027) <\/a><\/p>\n<p><a href=\"https:\/\/fr.news.yahoo.com\/avant-congr%C3%A8s-ps-challenger-boris-173005248.html\" data-ylk=\"slk:Avant le Congr\u00e8s du PS, comment le challenger Boris Vallaud tente de se frayer un chemin;elm:context_link;itc:0;sec:content-canvas;outcm:mb_qualified_link;_E:mb_qualified_link;ct:story;\" class=\"link  yahoo-link\" rel=\"nofollow noopener\" target=\"_blank\"> Avant le Congr\u00e8s du PS, comment le challenger Boris Vallaud tente de se frayer un chemin <\/a><\/p>\n","protected":false},"excerpt":{"rendered":"POLITIQUE &#8211; Des bras lev\u00e9s, des cr\u00e2nes ras\u00e9s, des hommes cagoul\u00e9s, des drapeaux celtiques. Aussi gla\u00e7antes soient-elles, les&hellip;\n","protected":false},"author":2,"featured_media":92362,"comment_status":"","ping_status":"","sticky":false,"template":"","format":"standard","meta":{"footnotes":""},"categories":[1888],"tags":[1111,1928,11,1927,20424,1013,1777,674,1011,27,20425,20426,7088,12,1926,626,1925,25],"class_list":{"0":"post-92361","1":"post","2":"type-post","3":"status-publish","4":"format-standard","5":"has-post-thumbnail","7":"category-paris","8":"tag-actu","9":"tag-actu-paris","10":"tag-actualites","11":"tag-actualites-paris","12":"tag-bras-de-fer","13":"tag-bruno-retailleau","14":"tag-eu","15":"tag-europe","16":"tag-fr","17":"tag-france","18":"tag-iiie-reich","19":"tag-les-reseaux-sociaux","20":"tag-ministre-de-linterieur","21":"tag-news","22":"tag-news-paris","23":"tag-paris","24":"tag-paris-news","25":"tag-republique-francaise"},"share_on_mastodon":{"url":"https:\/\/pubeurope.com\/@fr\/114490568182193231","error":""},"_links":{"self":[{"href":"https:\/\/www.europesays.com\/fr\/wp-json\/wp\/v2\/posts\/92361","targetHints":{"allow":["GET"]}}],"collection":[{"href":"https:\/\/www.europesays.com\/fr\/wp-json\/wp\/v2\/posts"}],"about":[{"href":"https:\/\/www.europesays.com\/fr\/wp-json\/wp\/v2\/types\/post"}],"author":[{"embeddable":true,"href":"https:\/\/www.europesays.com\/fr\/wp-json\/wp\/v2\/users\/2"}],"replies":[{"embeddable":true,"href":"https:\/\/www.europesays.com\/fr\/wp-json\/wp\/v2\/comments?post=92361"}],"version-history":[{"count":0,"href":"https:\/\/www.europesays.com\/fr\/wp-json\/wp\/v2\/posts\/92361\/revisions"}],"wp:featuredmedia":[{"embeddable":true,"href":"https:\/\/www.europesays.com\/fr\/wp-json\/wp\/v2\/media\/92362"}],"wp:attachment":[{"href":"https:\/\/www.europesays.com\/fr\/wp-json\/wp\/v2\/media?parent=92361"}],"wp:term":[{"taxonomy":"category","embeddable":true,"href":"https:\/\/www.europesays.com\/fr\/wp-json\/wp\/v2\/categories?post=92361"},{"taxonomy":"post_tag","embeddable":true,"href":"https:\/\/www.europesays.com\/fr\/wp-json\/wp\/v2\/tags?post=92361"}],"curies":[{"name":"wp","href":"https:\/\/api.w.org\/{rel}","templated":true}]}}