{"id":92365,"date":"2025-05-11T18:17:09","date_gmt":"2025-05-11T18:17:09","guid":{"rendered":"https:\/\/www.europesays.com\/fr\/92365\/"},"modified":"2025-05-11T18:17:09","modified_gmt":"2025-05-11T18:17:09","slug":"les-hussards-revelations-sur-le-groupe-neofasciste-heritier-des-zouaves-qui-frappe-a-paris","status":"publish","type":"post","link":"https:\/\/www.europesays.com\/fr\/92365\/","title":{"rendered":"\u00ab\u00a0Les Hussards\u00a0\u00bb\u00a0: r\u00e9v\u00e9lations sur le groupe n\u00e9ofasciste h\u00e9ritier des Zouaves qui frappe \u00e0 Paris"},"content":{"rendered":"<p>Le message est tomb\u00e9 le 11\u00a0f\u00e9vrier. Comminatoire, son titre ne souffre aucune discussion\u00a0: \u00ab\u00a0Mobilisation g\u00e9n\u00e9rale\u00a0\u00bb. Et les lignes qui suivent sont \u00e0 l\u2019avenant\u00a0: \u00ab\u00a0Le 16\u00a0f\u00e9vrier, la Jeune Garde organise un \u00e9v\u00e9nement \u00e0 Strasbourg-Saint-Denis, il faudrait que vous soyez disponibles de 15\u00a0heures jusqu\u2019en d\u00e9but de soir\u00e9e\u00a0\u00bb, ordonne, sous le pseudonyme \u00ab\u00a0Vicompte\u00a0\u00bb, un chef des Hussards Paris, le groupuscule n\u00e9onazi qui a <a href=\"https:\/\/www.humanite.fr\/societe\/extreme-droite\/un-neonazi-ex-leader-des-zouaves-condamne-pour-violences-aggravees\" target=\"_blank\" rel=\"noopener\">repris le flambeau des Zouaves<\/a> et du GUD apr\u00e8s leur dissolution.<\/p>\n<p> \u00ab\u00a0Le but est de fumer l\u2019\u00e9quipe type ou des mecs isol\u00e9s apr\u00e8s leur conf de merde. Je compte sur votre pr\u00e9sence. J\u2019attends vos excuses en message priv\u00e9 si vous \u00eates absent. M\u00eame principe que d\u2019habitude\u00a0: pouce en haut, pr\u00e9sent\u00a0; pouce en bas, absent.\u00a0\u00bb<\/p>\n<p>Le r\u00e9sultat de cette op\u00e9ration pr\u00e9m\u00e9dit\u00e9e\u00a0: un jeune antifasciste rou\u00e9 de coups<\/p>\n<p>Sur ce groupe priv\u00e9 baptis\u00e9 \u00ab\u00a016\/02\u00a0\u00bb et rassemblant au moins 21\u00a0nervis, les pouces se sont lev\u00e9s en masse, et l\u2019administrateur donne les ultimes consignes \u00e0 la veille du rendez-vous\u00a0: \u00ab\u00a0Pas d\u2019armes et de trucs de gogols, parapluies si vous voulez.\u00a0\u00bb<\/p>\n<p>Quand un des participants s\u2019\u00e9tonne de ne pas avoir trouv\u00e9 de trace d\u2019un \u00ab\u00a0\u00e9v\u00e9nement de la Jeune Garde\u00a0\u00bb \u2013 cette organisation antifasciste d\u00e9sormais sous le coup d\u2019une proc\u00e9dure de dissolution engag\u00e9e par le ministre de l\u2019Int\u00e9rieur \u2013, le m\u00eame lui donne les d\u00e9tails par message vocal.<\/p>\n<p>Et l\u2019autre r\u00e9pond\u00a0: \u00ab\u00a0Ah ouais, OK, c\u2019est s\u00fbr qu\u2019ils seront l\u00e0. La derni\u00e8re fois que j\u2019ai vu passer une manif kurde, il y avait la Jeune Garde.\u00a0\u00bb Signe qu\u2019il a bien compris la cible, le gars ajoute en guise de plaisanterie\u00a0: \u00ab\u00a0Je vais amener un drapeau turc.\u00a0\u00bb<\/p>\n<p>Le r\u00e9sultat de cette op\u00e9ration pr\u00e9m\u00e9dit\u00e9e, tout le monde a pu le voir sur <a href=\"https:\/\/www.humanite.fr\/politique\/antifa\/paris-est-nazi-apres-lattaque-des-militants-dextreme-droite-des-questions-et-le-silence-du-gouvernement\" target=\"_blank\" rel=\"noopener\">deux vid\u00e9os enregistr\u00e9es, le 16\u00a0f\u00e9vrier,<\/a> vers 17\u00a0heures, par des voisins de l\u2019Association culturelle des travailleurs immigr\u00e9s de Turquie (Actit), rue d\u2019Hauteville, dans le quartier de Strasbourg-Saint-Denis, \u00e0 Paris. Au beau milieu d\u2019une projection de Z de Costa-Gavras, organis\u00e9e sur place par le mouvement Young Struggle, la r\u00e9alit\u00e9 d\u00e9passe la fiction.<\/p>\n<p>Dans la premi\u00e8re s\u00e9quence, <a href=\"https:\/\/www.humanite.fr\/politique\/cgt\/ces-fascistes-ont-ils-vise-mon-rein-avec-un-couteau-paul-l-le-militant-cgt-agresse-par-des-neonazis-a-paris\" target=\"_blank\" rel=\"noopener\">Paul, un jeune antifasciste<\/a> tomb\u00e9 au sol dans la cour de l\u2019immeuble apr\u00e8s avoir \u00e9t\u00e9 frapp\u00e9 avec un casque, se fait rouer de coups de pied et de poing par une quinzaine d\u2019hommes, visages dissimul\u00e9s\u00a0; le jeune homme sera \u00e9galement bless\u00e9 avec des tessons de verre. Sur la seconde vid\u00e9o, entre 25 et 30\u00a0individus s\u2019enfuient pr\u00e9cipitamment dans la rue, et deux d\u2019entre eux hurlent une signature on ne peut plus explicite\u00a0: \u00ab\u00a0Paris est nazi\u00a0\u00bb, \u00ab\u00a0Lyon est nazi aussi\u00a0\u00bb.<\/p>\n<p>Sur le moment, six des sbires n\u00e9ofascistes sont interpell\u00e9s dans le m\u00e9tro. Ils sont plut\u00f4t jeunes \u2013 entre 18 et 24\u00a0ans et consid\u00e9r\u00e9s comme des \u00ab\u00a0prospects\u00a0\u00bb, des sympathisants devant encore faire leurs preuves. \u00ab\u00a0C\u2019est un peu l\u2019antichambre des Hussards, admet Alexandre H. Les Hussards sont l\u00e0 pour tester les prospects en termes d\u2019implication, de concentration, d\u2019absence de peur, s\u2019ils sont pr\u00e9sents.\u00a0\u00bb<\/p>\n<p>Dans le groupe, la panique gagne\u00a0: \u00ab\u00a0Tchoupi est en garde \u00e0 vue, il faut effacer les conversations avec lui\u00a0\u00bb, appelle l\u2019un des membres. Le meneur donne la consigne\u00a0: \u00ab\u00a0Si vous avez des doutes sur l\u2019un des mecs en garde \u00e0 vue, envoyez-moi un message priv\u00e9.\u00a0\u00bb<\/p>\n<p>Armes et drapeaux nazis<\/p>\n<p>Devant la violence de l\u2019attaque, ils sont entendus pour \u00ab\u00a0tentative de meurtre\u00a0\u00bb. \u00c0 l\u2019issue des gardes \u00e0 vue, en d\u00e9pit de leurs d\u00e9n\u00e9gations (\u00ab\u00a0Je ne suis pas un dur \u00e0 cuire, j\u2019ai juste \u00e9t\u00e9 spectateur\u00a0\u00bb) ou explications vaseuses (\u00ab\u00a0Il s\u2019agissait juste de faire un coup m\u00e9dia pour la promo sur les r\u00e9seaux sociaux\u00a0\u00bb), tous seront mis en examen pour \u00ab\u00a0violences aggrav\u00e9es avec arme, en r\u00e9union et avec pr\u00e9m\u00e9ditation\u00a0\u00bb et pour \u00ab\u00a0participation \u00e0 un groupement form\u00e9 en vue de la pr\u00e9paration de violences\u00a0\u00bb. Cinq seront remis en libert\u00e9, et le dernier plac\u00e9 en d\u00e9tention provisoire. Aujourd\u2019hui, les investigations se poursuivent, notamment via une commission rogatoire.<\/p>\n<p>Au lendemain <a href=\"https:\/\/www.humanite.fr\/politique\/action-francaise\/neofascistes-samedi-royalistes-dimanche-a-paris-un-week-end-sous-les-sigles-de-lextreme-droite-radicale\" target=\"_blank\" rel=\"noopener\">du d\u00e9fil\u00e9 organis\u00e9 chaque ann\u00e9e dans la capitale par les n\u00e9onazis du Comit\u00e9 du 9-Mai (C9M)<\/a>, les \u00e9l\u00e9ments que r\u00e9v\u00e8le aujourd\u2019hui l\u2019Humanit\u00e9 permettent d\u2019arracher les cagoules\u2026 Et de plonger au c\u0153ur d\u2019une organisation centrale dans l\u2019extr\u00eame droite radicale. Chez l\u2019un des interpell\u00e9s, les enqu\u00eateurs trouvent un cache-cou avec le sigle C9M ainsi qu\u2019un autocollant de l\u2019\u00e9dition 2024, avec une statue antique brandissant un glaive.<\/p>\n<p>Sur le t\u00e9l\u00e9phone d\u2019un autre, une photo de groupe derri\u00e8re un drapeau frapp\u00e9 d\u2019une croix celtique, prise l\u2019an dernier aussi. Le lien est \u00e9tabli explicitement par \u00ab\u00a0Vicompte\u00a0\u00bb dans son appel \u00e0 l\u2019attaque contre les antifascistes le 16\u00a0f\u00e9vrier\u00a0: le chef insiste sur la pr\u00e9sence de tous, car \u00ab\u00a0d\u00e9j\u00e0 cinq\u00a0\u00bb militants seront \u00ab\u00a0en d\u00e9placement en Allemagne ce week-end-l\u00e0 pour pr\u00e9parer le terrain pour le C9M\u00a0\u00bb.<\/p>\n<p>Armes, bibelots de la Waffen-SS, antis\u00e9mitisme et racisme\u2026 Derri\u00e8re la candeur affich\u00e9e devant la police et la justice, c\u2019est tout un arsenal de mat\u00e9riels dangereux et d\u2019id\u00e9es naus\u00e9abondes qui appara\u00eet au grand jour. Au cours des perquisitions, en particulier chez Lucas\u00a0W. et Alexis\u00a0L., on trouve une matraque t\u00e9lescopique, des poignards et des couteaux, des poings am\u00e9ricains, des gazeuses, trois mallettes devant contenir des pistolets \u00e0 blanc \u2013 dont deux sont vides. Par texto, les int\u00e9ress\u00e9s s\u2019\u00e9changent, pour certains, des images de s\u00e9ances de tir.<\/p>\n<p>La veille de l\u2019attaque contre Young Struggle, le 15\u00a0f\u00e9vrier, Louis\u00a0T. prend un clich\u00e9 d\u2019une table basse avec un revolver pos\u00e9 au milieu des bouteilles. La plupart des militants interpell\u00e9s fr\u00e9quentent, par ailleurs, des clubs de sports de combat plus ou moins officiels.<\/p>\n<p>Signe d\u2019une int\u00e9gration forte dans la mouvance d\u2019extr\u00eame droite radicale\u00a0: dans un \u00e9change avec l\u2019un d\u2019eux, il est question de donner son nom au \u00ab\u00a0g\u00e9rant du GUD\u00a0\u00bb pour pouvoir participer \u00e0 un \u00ab\u00a0active club\u00a0\u00bb, ces fight clubs nationalistes o\u00f9, comme le dira un des jeunes nazillons, on est \u00ab\u00a0entre potes\u00a0\u00bb pour des \u00ab\u00a0petites bagarres amicales\u00a0\u00bb.<\/p>\n<p>Dans les objets saisis par les enqu\u00eateurs, de spectaculaires \u00ab\u00a0collections\u00a0\u00bb de drapeaux hitl\u00e9riens\u00a0: un \u00ab\u00a0soleil noir\u00a0\u00bb \u2013 un symbole pa\u00efen tr\u00e8s populaire chez les SS \u2013, un drapeau de la division Charlemagne \u2013 \u00ab\u00a0des Fran\u00e7ais qui se sont battus aux c\u00f4t\u00e9s des nazis contre le bolchevisme\u00a0\u00bb, d\u00e9taille l\u2019un des prospects \u2013, des banni\u00e8res esclavagistes des \u00c9tats-Unis,\u00a0etc. Puis des affiches, des autocollants et sur les t\u00e9l\u00e9phones, des abonnements aux canaux de toute la mouvance ainsi que des \u00e9changes de m\u00e8mes \u2013 ces images \u00e0 vocation satirique \u2013 plus racistes et malodorants les uns que les autres.<\/p>\n<p>Tout \u00e7a n\u2019est pas que du folklore, \u00e9videmment. Alexis L. se filme en faisant un salut nazi\u00a0; sur une autre photo, il porte un tee-shirt qui affiche un clin d\u2019\u0153il un peu crypt\u00e9, mais clairement antis\u00e9mite. Interrog\u00e9 sur le cache-cou du GUD trouv\u00e9 dans ses affaires, Martin B., le plus vieux des interpell\u00e9s, dit l\u2019utiliser pour \u00ab\u00a0faire du VTT\u00a0\u00bb, apr\u00e8s l\u2019avoir achet\u00e9 lors d\u2019un concert parce que \u00ab\u00a0c\u2019est un peu les bad boys de la droite\u00a0\u00bb. \u00ab\u00a0Je n\u2019ai pas de contact avec ces gens-l\u00e0, jure-t-il. Je sais qu\u2019ils tol\u00e8rent la Shoah, ce sont des antis\u00e9mites notoires. Moi tuer des enfants, \u00e7a ne fait pas partie de mon id\u00e9ologie.\u00a0\u00bb<\/p>\n<p>Dans ses appareils \u00e9lectroniques, les enqu\u00eateurs trouvent une photo d\u2019un nazi humiliant une femme juive ou une cartographie de la \u00ab\u00a0population noire\u00a0\u00bb en Europe. Un autre qui pose avec une arme et un drapeau de Daech explique qu\u2019il fait \u00ab\u00a0le signe des djihadistes, mais c\u2019est pour rire\u00a0\u00bb. Relanc\u00e9 sur le fait qu\u2019il dit aimer \u00e9couter des nasheeds \u2013 ces chants traditionnels musulmans transform\u00e9s parfois en appel au djihad \u2013, il ajoute, en esth\u00e8te\u00a0: \u00ab\u00a0Je ne sais pas de quoi \u00e7a parle, mais c\u2019est une tr\u00e8s belle langue.\u00a0\u00bb<\/p>\n<p>Mais derri\u00e8re ces r\u00e9ponses aux enqu\u00eateurs, les ant\u00e9c\u00e9dents s\u2019expriment haut et fort. Au-del\u00e0 des individus interpell\u00e9s, un des membres du groupe \u00ab\u00a016\/2\u00a0\u00bb para\u00eet sous une identit\u00e9 renvoyant \u00e0 un n\u00e9onazi de Lyon Populaire. Dans le pass\u00e9, et m\u00eame si leurs casiers judiciaires sont vierges, tous les membres des Hussards identifi\u00e9s jusque-l\u00e0 sont connus de la police et de la justice. Alexandre H. a \u00e9t\u00e9 condamn\u00e9 \u00e0 un \u00ab\u00a0stage de citoyennet\u00e9\u00a0\u00bb pour avoir particip\u00e9 \u00e0 une descente ultraviolente dans un lyc\u00e9e du 3e\u00a0arrondissement de Paris en 2023.<\/p>\n<p>Lucas F. et Martin B. ont \u00e9t\u00e9 interpell\u00e9s avec 37\u00a0autres militants, en marge d\u2019un hommage sur la tombe de l\u2019\u00e9crivain collaborationniste Robert Brasillach. Avec eux, il y avait les deux gros bonnets des groupes successifs Zouaves, GUD et Hussards, Marc de Caqueray-Valm\u00e9nier \u2013 multicondamn\u00e9 pour violences, toujours \u00e0 la t\u00eate du C9M et aujourd\u2019hui, comme l\u2019a r\u00e9v\u00e9l\u00e9 la Lettre, vigile sur l\u2019\u00eele priv\u00e9e de Vincent Bollor\u00e9 aux larges de la Bretagne \u2013 et Gabriel Loustau \u2013 fils d\u2019un des chefs de la GUD Connexion \u2013, condamn\u00e9 pour une attaque homophobe perp\u00e9tr\u00e9e le soir de la victoire du RN aux europ\u00e9ennes de 2024.<\/p>\n<p>Des liens avec l\u2019extr\u00eame droite institutionnelle<\/p>\n<p>Parmi les \u00e9l\u00e9ments que l\u2019Humanit\u00e9 a pu consulter, ce qui appara\u00eet encore, c\u2019est la grande porosit\u00e9 avec, \u00e0 la fois, d\u2019autres mouvances de l\u2019extr\u00eame droite radicale, comme l\u2019Action fran\u00e7aise (AF) ou l\u2019\u0152uvre fran\u00e7aise, mais \u00e9galement avec les courants plus institutionnels.<\/p>\n<p>Parmi les Hussards en devenir, Louis T. est arriv\u00e9 via les royalistes\u00a0: dans ses quelques livres, les enqu\u00eateurs trouvent les \u0153uvres de Maurras \u00e0 c\u00f4t\u00e9 de Mein Kampf. Lucas G. partage des grosses blagues nationalistes avec un tr\u00e8s bon ami qui est \u00e0 l\u2019AF et qu\u2019il retrouve, comme tout ce petit monde, dans les bars de Saint-Germain \u00e0 Paris.<\/p>\n<p>Affirmant faire le cat\u00e9chisme avec un abb\u00e9 \u2013 qui s\u2019av\u00e8re \u00eatre int\u00e9griste \u2013, Alexis L. dit esp\u00e9rer le soutien dans sa m\u00e9saventure d\u2019une association qui partagerait ses id\u00e9es, le Clan, anim\u00e9 notamment par le p\u00e9tainiste Yvan Benedetti. Signe qu\u2019il ratisse large, sur le t\u00e9l\u00e9phone du m\u00eame personnage, les policiers ont d\u00e9couvert un SMS de Reconqu\u00eate lui demandant de r\u00e9adh\u00e9rer fissa. Mais, dans ce panorama, celui qui emporte tous les suffrages, <a href=\"https:\/\/www.humanite.fr\/politique\/extreme-droite\/mort-de-jean-marie-le-pen-antisemite-tortionnaire-et-patriarche-de-lextreme-droite\" target=\"_blank\" rel=\"noopener\">c\u2019est Jean-Marie Le Pen<\/a>\u00a0: tous, ou presque, se sont retrouv\u00e9s \u00e0 l\u2019hommage rendu en son honneur en d\u00e9but d\u2019ann\u00e9e.<\/p>\n<p>Mais m\u00eame ces grandes figures ne font jamais oublier l\u2019essentiel chez les Hussards et les prospects. Quelques jours apr\u00e8s les obs\u00e8ques du fondateur du Front national, et un mois avant leur attaque du 16\u00a0f\u00e9vrier, ils relancent leurs activit\u00e9s. Avec le m\u00eame mode d\u2019organisation\u00a0: un groupe priv\u00e9 sur les messageries crypt\u00e9es pour les pr\u00e9paratifs et une promesse de chasse \u00e0 l\u2019homme \u00e0 Strasbourg-Saint-Denis.<\/p>\n<p>Le 1er\u00a0f\u00e9vrier, les Hussards sont d\u00e9pit\u00e9s, ils n\u2019ont pas grand-chose \u00e0 se mettre sous la dent. \u00ab\u00a0Il n\u2019y a que des groupes de n\u00e8gres\u00a0\u00bb, d\u00e9plore un des gars. Un autre dit avoir vu un groupe suspect dans un bar, avant qu\u2019un autre ne vienne d\u00e9mentir\u00a0: \u00ab\u00a0Rien \u00e0 signaler, juste un renoi.\u00a0\u00bb Le chef ordonne\u00a0: \u00ab\u00a0Chopez-le\u00a0!\u00a0\u00bb<\/p>\n<p>La projection de Z n\u2019est pas termin\u00e9e, elle se poursuit \u00e0 ciel ouvert. Entre la justice et l\u2019extr\u00eame droite, la fin du film reste \u00e0 \u00e9crire. Mais le danger est l\u00e0\u00a0: stylis\u00e9 et esth\u00e9tis\u00e9 lors du d\u00e9fil\u00e9 du C9M, laid et l\u00e2che dans les rues.<\/p>\n<p>Face \u00e0 l\u2019extr\u00eame droite, ne rien l\u00e2cher\u00a0!<\/p>\n<p>C\u2019est pied \u00e0 pied, argument contre argument qu\u2019il faut combattre l\u2019extr\u00eame droite. Et c\u2019est ce que nous faisons chaque jour dans l\u2019Humanit\u00e9.<\/p>\n<p>Face aux attaques incessantes des racistes et des porteurs de haine\u00a0: soutenez-nous\u00a0! Ensemble, faisons entendre une autre voix dans ce d\u00e9bat public toujours plus naus\u00e9abond.<br \/><a href=\"https:\/\/www.humanite.fr\/lhumanite-cest-vous\" target=\"_blank\" rel=\"noopener\">Je veux en savoir plus.<\/a><\/p>\n","protected":false},"excerpt":{"rendered":"Le message est tomb\u00e9 le 11\u00a0f\u00e9vrier. Comminatoire, son titre ne souffre aucune discussion\u00a0: \u00ab\u00a0Mobilisation g\u00e9n\u00e9rale\u00a0\u00bb. Et les lignes&hellip;\n","protected":false},"author":2,"featured_media":92366,"comment_status":"","ping_status":"","sticky":false,"template":"","format":"standard","meta":{"footnotes":""},"categories":[1888],"tags":[11,20427,1777,674,6429,16959,1011,27,20428,16684,12,626,25],"class_list":{"0":"post-92365","1":"post","2":"type-post","3":"status-publish","4":"format-standard","5":"has-post-thumbnail","7":"category-paris","8":"tag-actualites","9":"tag-antifa","10":"tag-eu","11":"tag-europe","12":"tag-extru00eame-droite","13":"tag-fascisme","14":"tag-fr","15":"tag-france","16":"tag-groupuscules-dextru00eame-droite","17":"tag-nazisme","18":"tag-news","19":"tag-paris","20":"tag-republique-francaise"},"share_on_mastodon":{"url":"https:\/\/pubeurope.com\/@fr\/114490576062089011","error":""},"_links":{"self":[{"href":"https:\/\/www.europesays.com\/fr\/wp-json\/wp\/v2\/posts\/92365","targetHints":{"allow":["GET"]}}],"collection":[{"href":"https:\/\/www.europesays.com\/fr\/wp-json\/wp\/v2\/posts"}],"about":[{"href":"https:\/\/www.europesays.com\/fr\/wp-json\/wp\/v2\/types\/post"}],"author":[{"embeddable":true,"href":"https:\/\/www.europesays.com\/fr\/wp-json\/wp\/v2\/users\/2"}],"replies":[{"embeddable":true,"href":"https:\/\/www.europesays.com\/fr\/wp-json\/wp\/v2\/comments?post=92365"}],"version-history":[{"count":0,"href":"https:\/\/www.europesays.com\/fr\/wp-json\/wp\/v2\/posts\/92365\/revisions"}],"wp:featuredmedia":[{"embeddable":true,"href":"https:\/\/www.europesays.com\/fr\/wp-json\/wp\/v2\/media\/92366"}],"wp:attachment":[{"href":"https:\/\/www.europesays.com\/fr\/wp-json\/wp\/v2\/media?parent=92365"}],"wp:term":[{"taxonomy":"category","embeddable":true,"href":"https:\/\/www.europesays.com\/fr\/wp-json\/wp\/v2\/categories?post=92365"},{"taxonomy":"post_tag","embeddable":true,"href":"https:\/\/www.europesays.com\/fr\/wp-json\/wp\/v2\/tags?post=92365"}],"curies":[{"name":"wp","href":"https:\/\/api.w.org\/{rel}","templated":true}]}}