{"id":92392,"date":"2025-05-11T18:33:14","date_gmt":"2025-05-11T18:33:14","guid":{"rendered":"https:\/\/www.europesays.com\/fr\/92392\/"},"modified":"2025-05-11T18:33:14","modified_gmt":"2025-05-11T18:33:14","slug":"bagnaia-frustre-davoir-ete-percute-ma-strategie-etait-la-bonne","status":"publish","type":"post","link":"https:\/\/www.europesays.com\/fr\/92392\/","title":{"rendered":"Bagnaia frustr\u00e9 d&rsquo;avoir \u00e9t\u00e9 percut\u00e9\u00a0:\u00a0\u00ab\u00a0Ma strat\u00e9gie \u00e9tait la bonne\u00a0\u00bb"},"content":{"rendered":"<p>La pluie intermittente a cr\u00e9\u00e9 une certaine confusion avant le d\u00e9part au Mans. Les pilotes \u00e9taient tous en slicks sur la grille, mais l&rsquo;averse s&rsquo;est intensifi\u00e9e pendant le tour de formation et l&rsquo;int\u00e9gralit\u00e9 du plateau a emprunt\u00e9 la voie des stands pour passer sur les motos \u00e9quip\u00e9es de pneus pluie.<\/p>\n<p>Seulement, lorsque la proc\u00e9dure a \u00e9t\u00e9 relanc\u00e9e, les conditions s&rsquo;am\u00e9lioraient et une majorit\u00e9 de pilotes ont d\u00e9cid\u00e9 de repasser sur la moto avec les slicks, sachant qu&rsquo;ils recevraient un double long-lap pour ce changement tardif. Parmi les neuf hommes qui ont gard\u00e9 leur moto avec les pneus pluie figuraient <a href=\"https:\/\/fr.motorsport.com\/driver\/johann-zarco\/96107\/\" target=\"_blank\" rel=\"noopener\">Johann Zarco<\/a>, qui ne savait pas encore que ce choix allait contribuer \u00e0 sa victoire avec le retour de gouttes plus nombreuses, mais aussi <a href=\"https:\/\/fr.motorsport.com\/driver\/pecco-bagnaia\/109394\/\" target=\"_blank\" rel=\"noopener\">Pecco Bagnaia<\/a>, rare \u00e0 avoir fait ce choix parmi les leaders.<\/p>\n<p>\u00a0<\/p>\n<p>Sixi\u00e8me sur la grille, l&rsquo;Italien n&rsquo;a cependant pas pu profiter de son choix. Il a patin\u00e9 apr\u00e8s le d\u00e9part et perdu \u00e9norm\u00e9ment de positions, avant d&rsquo;\u00eatre percut\u00e9 par <a href=\"https:\/\/fr.motorsport.com\/driver\/enea-bastianini\/109398\/\" target=\"_blank\" rel=\"noopener\">Enea Bastianini<\/a> \u00e0 la premi\u00e8re chicane, ce qui a mis fin \u00e0 ses chances. Bastianini sera d&rsquo;ailleurs <a href=\"https:\/\/fr.motorsport.com\/motogp\/news\/quartararo-sanction-desobei-commissaires-bastianini-penalite\/10721897\/\" target=\"_blank\" rel=\"noopener\">p\u00e9nalis\u00e9 au GP de France pour l&rsquo;accrochage<\/a>.<\/p>\n<p>\u00ab\u00a0J&rsquo;avais les pneus pluie, j&rsquo;ai eu un tr\u00e8s bon d\u00e9part puis j&rsquo;ai commenc\u00e9 \u00e0 patiner\u00a0\u00bb, a expliqu\u00e9 Bagnaia. \u00ab\u00a0En arrivant au premier virage, j&rsquo;ai d\u00fb r\u00e9duire les gaz parce que je patinais trop. En r\u00e9duisant les gaz, tous les pilotes m&rsquo;ont doubl\u00e9, j&rsquo;ai juste essay\u00e9 de bien entrer dans le virage 3, sans trop prendre de risques face aux autres pilotes, et j&rsquo;ai juste senti que quelqu&rsquo;un passait sur le vibreur et me touchait.\u00a0\u00bb<\/p>\n<p>\u00ab\u00a0Sur ce circuit, ce n&rsquo;est pas la premi\u00e8re fois que nous avons ce genre de situation mais quand on a deux types de pneus diff\u00e9rents, ces d\u00e9sastres arrivent plus facilement.\u00a0\u00bb<\/p>\n<p>   <img decoding=\"async\" draggable=\"false\" src=\"https:\/\/www.europesays.com\/fr\/wp-content\/uploads\/2025\/05\/1746988394_911_francesco-bagnaia-ducati-team.jpg\" alt=\"Francesco Bagnaia, Ducati Team\" width=\"1200\" height=\"800\" loading=\"lazy\"\/> <\/p>\n<p class=\"title\">Pecco Bagnaia<\/p>\n<p class=\"photographer\">Photo de: Gold and Goose Photography \/ LAT Images \/ via Getty Images<\/p>\n<p>\u00ab\u00a0Ce qui est dommage, c&rsquo;est que ma strat\u00e9gie \u00e9tait la bonne\u00a0\u00bb, a d\u00e9plor\u00e9 Bagnaia, qui pensait pouvoir faire une bonne op\u00e9ration\u00a0: \u00ab\u00a0Une heure avant, [&#8230;] j&rsquo;ai v\u00e9rifi\u00e9 les pr\u00e9visions m\u00e9t\u00e9o et elles disaient que s&rsquo;il pleuvait, \u00e7a continuerait. J&rsquo;\u00e9tais s\u00fbr de partir avec les pneus pluie et de continuer \u00e0 rouler [sans changer de moto]. Puis je suis tomb\u00e9 et je n&rsquo;ai pas pu continuer la course de la m\u00eame fa\u00e7on.\u00a0\u00bb<\/p>\n<p>Bagnaia a en effet pu repartir mais pas rester sur cette Ducati, trop endommag\u00e9e. Il est donc pass\u00e9 par la voix des stands mais a d\u00fb patienter pour que la seconde moto soit pr\u00eate, et a finalement \u00e9t\u00e9 le seul pilote \u00e0 l&rsquo;arriv\u00e9e \u00e0 \u00eatre class\u00e9 hors des points, \u00e0 la 16e place.<\/p>\n<p>\u00ab\u00a0Si je regarde les \u00e9carts entre les pilotes, m\u00eame avec la chute j&rsquo;aurais pu finir dans le top 5 mais j&rsquo;ai d\u00fb m&rsquo;arr\u00eater parce que le levier d&#8217;embrayage \u00e9tait un peu coinc\u00e9, donc c&rsquo;\u00e9tait tr\u00e8s difficile de passer les rapports, et il manquait quelques pi\u00e8ces. Il a fallu que je m&rsquo;arr\u00eate donc je l&rsquo;ai fait, j&rsquo;ai attendu 15 secondes pour que l&rsquo;autre moto soit d\u00e9marr\u00e9e. Tout a mal tourn\u00e9 aujourd&rsquo;hui, tout a mal tourn\u00e9 ce week-end.\u00a0\u00bb<\/p>\n<p>Bagnaia quitte en effet Le Mans sans le moindre point, apr\u00e8s avoir <a href=\"https:\/\/fr.motorsport.com\/motogp\/news\/bagnaia-rien-fait-dingue-chute-le-mans\/10721646\/\" target=\"_blank\" rel=\"noopener\">d\u00e9j\u00e0 connu une chute lors du sprint<\/a>. Il se retrouve \u00e0 51 points de <a href=\"https:\/\/fr.motorsport.com\/driver\/marc-marquez\/92646\/\" target=\"_blank\" rel=\"noopener\">Marc M\u00e1rquez<\/a> au <a href=\"https:\/\/fr.motorsport.com\/motogp\/news\/championnat-marc-marquez-superbe-operation\/10721809\/\" target=\"_blank\" rel=\"noopener\">championnat<\/a>.<\/p>\n<p>Lire aussi :<\/p>\n<p><img decoding=\"async\" class=\"sizer\" draggable=\"false\" src=\"data:image\/png;base64,iVBORw0KGgoAAAANSUhEUgAAABAAAAAJCAYAAAA7KqwyAAAAGXRFWHRTb2Z0d2FyZQBBZG9iZSBJbWFnZVJlYWR5ccllPAAAABpJREFUeNpi\/P\/\/PwMlgImBQjBqwLAwACDAAOVfAw9\/ZDvcAAAAAElFTkSuQmCC\" alt=\"\" loading=\"lazy\"\/><\/p>\n<p class=\"title\">VID\u00c9O &#8211; R\u00c9SUM\u00c9 : Les meilleurs moments de la victoire de Zarco au GP de France<\/p>\n<\/p>\n<p>Dans cet article<\/p>\n<p>    Vincent Lalanne-Sicaud\n<\/p>\n<p>    MotoGP\n<\/p>\n<p>    Pecco Bagnaia\n<\/p>\n<p>    Ducati Team\n<\/p>\n<p>Soyez le premier inform\u00e9 et souscrivez aux alertes mails pour recevoir les infos en temps r\u00e9el<\/p>\n<p>    S&rsquo;abonner aux alertes de news<\/p>\n","protected":false},"excerpt":{"rendered":"La pluie intermittente a cr\u00e9\u00e9 une certaine confusion avant le d\u00e9part au Mans. Les pilotes \u00e9taient tous en&hellip;\n","protected":false},"author":2,"featured_media":92393,"comment_status":"","ping_status":"","sticky":false,"template":"","format":"standard","meta":{"footnotes":""},"categories":[1413],"tags":[4950,1011,27,15545,15546,1457,1456,1458,4951,60],"class_list":{"0":"post-92392","1":"post","2":"type-post","3":"status-publish","4":"format-standard","5":"has-post-thumbnail","7":"category-moto","8":"tag-ducati-team","9":"tag-fr","10":"tag-france","11":"tag-gp-de-france","12":"tag-le-mans-circuit-bugatti","13":"tag-moto","14":"tag-motocycle","15":"tag-motogp","16":"tag-pecco-bagnaia","17":"tag-sports"},"share_on_mastodon":{"url":"https:\/\/pubeurope.com\/@fr\/114490638584934489","error":""},"_links":{"self":[{"href":"https:\/\/www.europesays.com\/fr\/wp-json\/wp\/v2\/posts\/92392","targetHints":{"allow":["GET"]}}],"collection":[{"href":"https:\/\/www.europesays.com\/fr\/wp-json\/wp\/v2\/posts"}],"about":[{"href":"https:\/\/www.europesays.com\/fr\/wp-json\/wp\/v2\/types\/post"}],"author":[{"embeddable":true,"href":"https:\/\/www.europesays.com\/fr\/wp-json\/wp\/v2\/users\/2"}],"replies":[{"embeddable":true,"href":"https:\/\/www.europesays.com\/fr\/wp-json\/wp\/v2\/comments?post=92392"}],"version-history":[{"count":0,"href":"https:\/\/www.europesays.com\/fr\/wp-json\/wp\/v2\/posts\/92392\/revisions"}],"wp:featuredmedia":[{"embeddable":true,"href":"https:\/\/www.europesays.com\/fr\/wp-json\/wp\/v2\/media\/92393"}],"wp:attachment":[{"href":"https:\/\/www.europesays.com\/fr\/wp-json\/wp\/v2\/media?parent=92392"}],"wp:term":[{"taxonomy":"category","embeddable":true,"href":"https:\/\/www.europesays.com\/fr\/wp-json\/wp\/v2\/categories?post=92392"},{"taxonomy":"post_tag","embeddable":true,"href":"https:\/\/www.europesays.com\/fr\/wp-json\/wp\/v2\/tags?post=92392"}],"curies":[{"name":"wp","href":"https:\/\/api.w.org\/{rel}","templated":true}]}}