{"id":92395,"date":"2025-05-11T18:35:08","date_gmt":"2025-05-11T18:35:08","guid":{"rendered":"https:\/\/www.europesays.com\/fr\/92395\/"},"modified":"2025-05-11T18:35:08","modified_gmt":"2025-05-11T18:35:08","slug":"classement-general-et-resultats-apres-la-3e-etape","status":"publish","type":"post","link":"https:\/\/www.europesays.com\/fr\/92395\/","title":{"rendered":"Classement g\u00e9n\u00e9ral et r\u00e9sultats apr\u00e8s la 3e \u00e9tape"},"content":{"rendered":"<p>Mads Pedersen (Lidl-Trek) a mis tout le monde d\u2019accord, au sprint, dimanche apr\u00e8s-midi. Le Danois, qui avait d\u00e9j\u00e0 remport\u00e9 l\u2019\u00e9tape de vendredi, s\u2019impose pour la deuxi\u00e8me fois en Albanie, dans ce Tour d\u2019Italie 2025. Il reprend le maillot rose du leader, qu\u2019il aura laiss\u00e9 \u00e0 Primoz Roglic (Red Bull Bora) une seule journ\u00e9e.<\/p>\n<blockquote class=\"twitter-tweet\" align=\"center\" data-lang=\"fr_FR\">\n<p lang=\"it\" dir=\"ltr\">\ud83d\udd3bBis repetita for Mads Pedersen and Lidl-Trek! <br \/>A stunning team effort in the streets of Vlor\u00eb, and once again, a perfect delivery from the Dane<\/p>\n<p>\ud83d\udd3bAncora loro! Mads Pedersen e la Lidl-Trek colpiscono di nuovo! Lavoro di squadra impeccabile tra le strade di Valona e un&rsquo;altra\u2026 <a href=\"https:\/\/t.co\/qUHuxa1jXL\">pic.twitter.com\/qUHuxa1jXL<\/a><\/p>\n<p>\u2014 Giro d&rsquo;Italia (@giroditalia) <a href=\"https:\/\/twitter.com\/giroditalia\/status\/1921588621871562991?ref_src=twsrc%5Etfw\" target=\"_blank\" rel=\"noopener\">May 11, 2025<\/a><\/p><\/blockquote>\n<p class=\"mb-m@xs text-l@xs\">En cliquant sur\u00ab J\u2019accepte \u00bb, vous acceptez le d\u00e9p\u00f4t de cookies par des services externes et aurez ainsi acc\u00e8s aux contenus de nos partenaires.<\/p>\n<p class=\"mb-xl@xs text-s@xs\">Plus d\u2019informations sur la page<a href=\"https:\/\/www.20minutes.fr\/gestion-cookies\" class=\"mx-xxs@xs color-ultramarine\" target=\"_blank\" rel=\"noopener\">Politique de gestion des cookies<\/a><\/p>\n<p>J\u2019acceptePedersen refait le coup avant la journ\u00e9e de repos<\/p>\n<p>Sur les 160 kilom\u00e8tres autour de la ville albanaise de Vlor\u00eb et Vlor\u00eb, la formation Lidl-Trek a g\u00e9r\u00e9 les d\u00e9bats afin d\u2019emmener sa star sur un plateau jusqu\u2019aux derniers 400 m\u00e8tres. Derri\u00e8re Pedersen, c\u2019est Corbin Strong (Israel Premier Tech) qui a pris la deuxi\u00e8me place, au sprint, devant le V\u00e9n\u00e9zu\u00e9lien Orluis Aular (Movistar). Le col de Llogara (10,7 km \u00e0 7,4\u00a0%), \u00e0 40 kilom\u00e8tres de l\u2019arriv\u00e9e, n\u2019a pas \u00e9t\u00e9 la bataille esp\u00e9r\u00e9e entre favoris.<\/p>\n<p>Le peloton du Giro sera au repos ce lundi, et retrouvera les routes italiennes mardi entre Alberobello (Pietramadre) et Lecce (189 km). Cette \u00e9tape semble r\u00e9serv\u00e9e aux sprinteurs.<\/p>\n<p>Le classement de la 3e \u00e9tape du Giro 2025<\/p>\n<ol>\n<li>Mads Pedersen &#8211; Lidl &#8211; Trek, 3h49&rsquo;47\u00a0\u00bb<\/li>\n<li>Corbin Strong &#8211; Israel &#8211; Premier Tech, \u00e0 0&Prime;<\/li>\n<li>Orluis Aular &#8211; Movistar, \u00e0 0&Prime;<\/li>\n<li>Brandon Rivera &#8211; Ineos Grenadiers, \u00e0 0&Prime;<\/li>\n<li>Edoardo Zambanini &#8211; Bahrain Victorious, \u00e0 0&Prime;<\/li>\n<li>Stefano Oldani &#8211; Cofidis, \u00e0 0&Prime;<\/li>\n<li>Andrea Vendrame &#8211; Decathlon <a href=\"https:\/\/www.20minutes.fr\/dossier\/ag2r\" class=\"color-ultramarine c-link\" target=\"_blank\" rel=\"noopener\">AG2R<\/a> La Mondiale, \u00e0 0&Prime;<\/li>\n<li>Martin Marcellusi &#8211; VF Group-Bardiani CSF, \u00e0 0&Prime;<\/li>\n<li>Filippo Fiorelli &#8211; VF Group-Bardiani CSF, \u00e0 0&Prime;<\/li>\n<li>Christian Scaroni &#8211; XDS Astana, \u00e0 0&Prime;<\/li>\n<li>Davide De Pretto &#8211; Jayco AlUla, \u00e0 0&Prime;<\/li>\n<li>Gianmarco Garofoli, Soudal &#8211; Quick Step, \u00e0 0&Prime;<\/li>\n<li>Diego Ulissi &#8211; XDS <a href=\"https:\/\/www.20minutes.fr\/sport\/astana\/\" class=\"color-ultramarine c-link\" target=\"_blank\" rel=\"noopener\">Astana<\/a>, \u00e0 0&Prime;<\/li>\n<li>Max Poole &#8211; Picnic PostNL, \u00e0 0&Prime;<\/li>\n<li>Mattia Cattaneo &#8211; Soudal &#8211; <a href=\"https:\/\/www.20minutes.fr\/dossier\/quick_step\" class=\"color-ultramarine c-link\" target=\"_blank\" rel=\"noopener\">Quick Step<\/a>, \u00e0 0&Prime;<\/li>\n<li>Martin Tjotta, Ark\u00e9a &#8211; B &amp; B Hotels, \u00e0 0&Prime;<\/li>\n<li>Lorenzo Germani &#8211; Groupama-FDJ, \u00e0 0&Prime;<\/li>\n<li>Marco Brenner &#8211; Tudor, \u00e0 0&Prime;<\/li>\n<li>Felix Engelhardt &#8211; Jayco AlUla, \u00e0 0&Prime;<\/li>\n<li>Jonathan Lastra &#8211; <a href=\"https:\/\/www.20minutes.fr\/dossier\/cofidis\" class=\"color-ultramarine c-link\" target=\"_blank\" rel=\"noopener\">Cofidis<\/a>, \u00e0 0&Prime;<\/li>\n<\/ol>\n<p>Le classement g\u00e9n\u00e9ral du Giro 2025 apr\u00e8s 3 courses<\/p>\n<ol>\n<li>Mads Pedersen, Lidl &#8211; Trek, 7h42&rsquo;10\u00a0\u00bb<\/li>\n<li>Primoz Roglic, RedBull &#8211; Bora-Hansgrohe, \u00e0 0&rsquo;09\u00a0\u00bb<\/li>\n<li>Mathias Vacek, <a href=\"https:\/\/www.20minutes.fr\/economie\/lidl\/\" class=\"color-ultramarine c-link\" target=\"_blank\" rel=\"noopener\">Lidl<\/a> &#8211; Trek, \u00e0 0&rsquo;14\u00a0\u00bb<\/li>\n<li>Brandon McNulty, UAE Team Emirates, \u00e0 0&rsquo;21\u00a0\u00bb<\/li>\n<li>Juan Ayuso, UAE Team Emirates, \u00e0 0&rsquo;25\u00a0\u00bb<\/li>\n<li>Isaac Del Toro, UAE Team Emirates, \u00e0 0&rsquo;26\u00a0\u00bb<\/li>\n<li>Max Poole, Picnic PostNL, 0&rsquo;33\u00a0\u00bb<\/li>\n<li>Antonio Tiberi, Bahrain Victorious, \u00e0 0&rsquo;34\u00a0\u00bb<\/li>\n<li>Michael Storer, Tudor, \u00e0 0&rsquo;36\u00a0\u00bb<\/li>\n<li>Giulio Pellizzari, RedBull &#8211; Bora-Hansgrohe, \u00e0 0&rsquo;40\u00a0\u00bb<\/li>\n<\/ol>\n<p><script async src=\"https:\/\/platform.twitter.com\/widgets.js\" charset=\"utf-8\"><\/script><\/p>\n","protected":false},"excerpt":{"rendered":"Mads Pedersen (Lidl-Trek) a mis tout le monde d\u2019accord, au sprint, dimanche apr\u00e8s-midi. Le Danois, qui avait d\u00e9j\u00e0&hellip;\n","protected":false},"author":2,"featured_media":92396,"comment_status":"","ping_status":"","sticky":false,"template":"","format":"standard","meta":{"footnotes":""},"categories":[1411],"tags":[5230,1154,207,1011,27,19716,452,18629,517,60],"class_list":{"0":"post-92395","1":"post","2":"type-post","3":"status-publish","4":"format-standard","5":"has-post-thumbnail","7":"category-cyclisme","8":"tag-albanie","9":"tag-cycling","10":"tag-cyclisme","11":"tag-fr","12":"tag-france","13":"tag-giro","14":"tag-italie","15":"tag-primoz-roglic","16":"tag-sport","17":"tag-sports"},"share_on_mastodon":{"url":"https:\/\/pubeurope.com\/@fr\/114490646430752083","error":""},"_links":{"self":[{"href":"https:\/\/www.europesays.com\/fr\/wp-json\/wp\/v2\/posts\/92395","targetHints":{"allow":["GET"]}}],"collection":[{"href":"https:\/\/www.europesays.com\/fr\/wp-json\/wp\/v2\/posts"}],"about":[{"href":"https:\/\/www.europesays.com\/fr\/wp-json\/wp\/v2\/types\/post"}],"author":[{"embeddable":true,"href":"https:\/\/www.europesays.com\/fr\/wp-json\/wp\/v2\/users\/2"}],"replies":[{"embeddable":true,"href":"https:\/\/www.europesays.com\/fr\/wp-json\/wp\/v2\/comments?post=92395"}],"version-history":[{"count":0,"href":"https:\/\/www.europesays.com\/fr\/wp-json\/wp\/v2\/posts\/92395\/revisions"}],"wp:featuredmedia":[{"embeddable":true,"href":"https:\/\/www.europesays.com\/fr\/wp-json\/wp\/v2\/media\/92396"}],"wp:attachment":[{"href":"https:\/\/www.europesays.com\/fr\/wp-json\/wp\/v2\/media?parent=92395"}],"wp:term":[{"taxonomy":"category","embeddable":true,"href":"https:\/\/www.europesays.com\/fr\/wp-json\/wp\/v2\/categories?post=92395"},{"taxonomy":"post_tag","embeddable":true,"href":"https:\/\/www.europesays.com\/fr\/wp-json\/wp\/v2\/tags?post=92395"}],"curies":[{"name":"wp","href":"https:\/\/api.w.org\/{rel}","templated":true}]}}