{"id":9240,"date":"2025-04-08T02:58:15","date_gmt":"2025-04-08T02:58:15","guid":{"rendered":"https:\/\/www.europesays.com\/fr\/9240\/"},"modified":"2025-04-08T02:58:15","modified_gmt":"2025-04-08T02:58:15","slug":"quel-score-pour-la-finale-de-pekin-express-face-a-the-voice-sur-tf1","status":"publish","type":"post","link":"https:\/\/www.europesays.com\/fr\/9240\/","title":{"rendered":"quel score pour la finale de \u00abP\u00e9kin Express\u00bb face \u00e0 \u00abThe Voice\u00bb sur TF1 ?"},"content":{"rendered":"<p>                             Par     <a class=\"fig-content-metas__author\" href=\"https:\/\/www.lefigaro.fr\/auteur\/emmanuelle-litaud\" rel=\"author nofollow noopener\" target=\"_blank\">Emmanuelle Litaud<\/a><\/p>\n<p>\n            Publi\u00e9<br \/>\n                le 6 avril 2025 \u00e0 09h59,<br \/>\n                 mis \u00e0 jour le 6 avril 2025 \u00e0 09h59<\/p>\n<p>    Marion, \u00c9tienne, Judith et C\u00e9cile, les finalistes de \u00abP\u00e9kin Express\u00bb<br \/>\n                Patrick ROBERT\/M6<\/p>\n<p>Les audiences du samedi 5 avril 2025 pour les programmes diffus\u00e9s en premi\u00e8re partie de soir\u00e9e.<\/p>\n<p class=\"fig-paragraph\">C\u2019est France 3 qui termine en t\u00eate des audiences du samedi 5 avril 2025 gr\u00e2ce \u00e0 la diffusion d\u2019un t\u00e9l\u00e9film policier in\u00e9dit. La fiction, intitul\u00e9e Le crime de la Tour Eiffel, port\u00e9e par Flore Bonaventura et Bruno Wolkowitch, a tenu en haleine 4,18 millions de t\u00e9l\u00e9spectateurs repr\u00e9sentants, selon M\u00e9diam\u00e9trie, 24,2 % du public.<\/p>\n<p class=\"fig-paragraph\">TF1 se place sur la deuxi\u00e8me marche du podium de la soir\u00e9e avec un nouvel in\u00e9dit de\u00a0<a href=\"https:\/\/www.lefigaro.fr\/tag\/the-voice\" target=\"_blank\" rel=\"noopener nofollow\" data-gtm-custom-categorie=\"navigation\" data-gtm-custom-action=\"crossclick\" data-gtm-custom-label=\"Contextuel\" data-gtm-event=\"customEventSPE\">\u00abThe Voice\u00bb<\/a>. Le t\u00e9l\u00e9crochet, toujours pr\u00e9sent\u00e9 par\u00a0<a href=\"https:\/\/www.lefigaro.fr\/tag\/nikos-aliagas\" target=\"_blank\" rel=\"noopener nofollow\" data-gtm-custom-categorie=\"navigation\" data-gtm-custom-action=\"crossclick\" data-gtm-custom-label=\"Contextuel\" data-gtm-event=\"customEventSPE\">Nikos Aliagas<\/a>, proposait l\u2019\u00e9tape des Groupes. Les candidats ont \u00e9t\u00e9 suivis par 3,09 millions de fans, soit 17,4 % du public. Un score en l\u00e9g\u00e8re hausse par rapport \u00e0 la semaine pr\u00e9c\u00e9dente o\u00f9 l\u2019\u00e9mission avait \u00e9t\u00e9 regard\u00e9e par 3,05 millions de t\u00e9l\u00e9spectateurs (18,3%).<\/p>\n<p class=\"fig-body-link\">\n            \u00c0 lire aussi<br \/>\n        <a class=\"fig-body-link__link\" href=\"http:\/\/tvmag.lefigaro.fr\/programme-tv\/actu-tele\/c-est-une-grande-premiere-emu-aux-larmes-florent-pagny-tente-un-coup-de-poker-dans-the-voice-20250405\" target=\"_blank\" data-fig-type=\"Article\" rel=\"noopener nofollow\" data-gtm-custom-categorie=\"navigation\" data-gtm-custom-action=\"crossclick\" data-gtm-custom-label=\"Contextuel\" data-gtm-event=\"customEventSPE\" data-fig-domain=\"TVMAG\">\u00abC\u2019est une grande premi\u00e8re\u00bb\u00a0: \u00e9mu aux larmes, Florent Pagny tente un coup de poker dans \u00abThe Voice\u00bb<br \/>\n    <\/a>\n<\/p>\n<p class=\"fig-paragraph\">France 2 arrive en troisi\u00e8me position de la soir\u00e9e avec un nouveau num\u00e9ro in\u00e9dit de \u00ab100% logique\u00bb. Le jeu, pr\u00e9sent\u00e9 par\u00a0<a href=\"https:\/\/www.lefigaro.fr\/tag\/cyril-feraud\" target=\"_blank\" rel=\"noopener nofollow\" data-gtm-custom-categorie=\"navigation\" data-gtm-custom-action=\"crossclick\" data-gtm-custom-label=\"Contextuel\" data-gtm-event=\"customEventSPE\">Cyril F\u00e9raud<\/a>, a f\u00e9d\u00e9r\u00e9 2,72 millions de personnes soit 17,2 % de l\u2019ensemble du public. Un score en l\u00e9g\u00e8re baisse par rapport \u00e0 la derni\u00e8re diffusion de l\u2019\u00e9mission qui avait conquis, la semaine pr\u00e9c\u00e9dente, 2,9 millions de fans.<\/p>\n<p class=\"fig-paragraph\">M6 ne termine qu\u2019\u00e0 la quatri\u00e8me place avec la finale de\u00a0<a href=\"https:\/\/www.lefigaro.fr\/tag\/pekin-express\" target=\"_blank\" rel=\"noopener nofollow\" data-gtm-custom-categorie=\"navigation\" data-gtm-custom-action=\"crossclick\" data-gtm-custom-label=\"Contextuel\" data-gtm-event=\"customEventSPE\">\u00abP\u00e9kin Express\u00bb<\/a>. Le jeu d\u2019aventure, habituellement diffus\u00e9 le jeudi soir, avait laiss\u00e9 sa place au lancement de la saison 4 des \u00abTra\u00eetres\u00bb et \u00e9tait donc diffus\u00e9 ce samedi soir. Ce dernier \u00e9pisode, qui mettait aux prises les \u00e9tudiantes Marion et C\u00e9cile aux amoureux du Nord Judith et \u00c9tienne et qui a vu la victoire des jeunes femmes, a int\u00e9ress\u00e9 1,17 million de personnes, soit 6,6 % du public.<\/p>\n<p class=\"fig-paragraph\">France 5 se place en cinqui\u00e8me position avec un nouveau num\u00e9ro d\u2019\u00ab\u00c9chapp\u00e9es belles\u00bb sur le th\u00e8me d\u2019un \u00abWeek-end \u00e0 Bordeaux\u00bb qui a \u00e9t\u00e9 regard\u00e9 par 848 000 personnes soit 4,9 % du public.<\/p>\n<p class=\"fig-tv-audience__title\">Audiences de 1\u00e8re partie de soir\u00e9e du samedi 5 avril<\/p>\n<tr>\n<td class=\"fig-tv-audience__position\">1<\/td>\n<td class=\"fig-tv-audience__channel-container\">\n                        <a class=\"fig-channel-media fig-channel-media--no-margin\" href=\"https:\/\/tvmag.lefigaro.fr\/programme-tv\/chaine\/80\/tous-les-programmes-de-france-3\" title=\"Programme TV France 3\" rel=\"nofollow noopener\" target=\"_blank\"><br \/>\n        <img   alt=\"Programme TV France 3\" class=\"fig-img\"\/><\/p>\n<p>    <\/a><\/p>\n<\/td>\n<td class=\"fig-tv-audience__data\">\n                    <a href=\"https:\/\/tvmag.lefigaro.fr\/programme-tv\/programme\/le-crime-de-la-tour-eiffel-f1618311332\" class=\"fig-tv-audience__program-title\" rel=\"nofollow noopener\" target=\"_blank\"><br \/>\n                        Le crime de la tour Eiffel<br \/>\n                    <\/a><\/p>\n<p>                        4\u202f176\u202f000 t\u00e9l\u00e9spectateurs<\/p>\n<p>                    24,2\u00a0%<\/p>\n<\/td>\n<\/tr>\n<tr>\n<td class=\"fig-tv-audience__position\">2<\/td>\n<td class=\"fig-tv-audience__channel-container\">\n                        <a class=\"fig-channel-media fig-channel-media--no-margin\" href=\"https:\/\/tvmag.lefigaro.fr\/programme-tv\/chaine\/192\/tous-les-programmes-de-tf1\" title=\"Programme TV TF1\" rel=\"nofollow noopener\" target=\"_blank\"><br \/>\n        <img   alt=\"Programme TV TF1\" class=\"fig-img\"\/><\/p>\n<p>    <\/a><\/p>\n<\/td>\n<td class=\"fig-tv-audience__data\">\n                    <a href=\"https:\/\/tvmag.lefigaro.fr\/programme-tv\/programme\/the-voice-la-plus-belle-voix-f1393622045\" class=\"fig-tv-audience__program-title\" rel=\"nofollow noopener\" target=\"_blank\"><br \/>\n                        The Voice, la plus belle voix<br \/>\n                    <\/a><\/p>\n<p>                        3\u202f085\u202f000 t\u00e9l\u00e9spectateurs<\/p>\n<p>                    17,4\u00a0%<\/p>\n<\/td>\n<\/tr>\n<tr>\n<td class=\"fig-tv-audience__position\">3<\/td>\n<td class=\"fig-tv-audience__channel-container\">\n                        <a class=\"fig-channel-media fig-channel-media--no-margin\" href=\"https:\/\/tvmag.lefigaro.fr\/programme-tv\/chaine\/4\/tous-les-programmes-de-france-2\" title=\"Programme TV France 2\" rel=\"nofollow noopener\" target=\"_blank\"><br \/>\n        <img   alt=\"Programme TV France 2\" class=\"fig-img\"\/><\/p>\n<p>    <\/a><\/p>\n<\/td>\n<td class=\"fig-tv-audience__data\">\n                    <a href=\"https:\/\/tvmag.lefigaro.fr\/programme-tv\/programme\/100-logique-la-reponse-est-sous-vos-yeux-f713441421\" class=\"fig-tv-audience__program-title\" rel=\"nofollow noopener\" target=\"_blank\"><br \/>\n                        100 % logique\u00a0: la r\u00e9ponse est sous vos yeux<br \/>\n                    <\/a><\/p>\n<p>                        2\u202f735\u202f000 t\u00e9l\u00e9spectateurs<\/p>\n<p>                    17,2\u00a0%<\/p>\n<\/td>\n<\/tr>\n<tr>\n<td class=\"fig-tv-audience__position\">4<\/td>\n<td class=\"fig-tv-audience__channel-container\">\n                        <a class=\"fig-channel-media fig-channel-media--no-margin\" href=\"https:\/\/tvmag.lefigaro.fr\/programme-tv\/chaine\/118\/tous-les-programmes-de-m6\" title=\"Programme TV M6\" rel=\"nofollow noopener\" target=\"_blank\"><br \/>\n        <img   alt=\"Programme TV M6\" class=\"fig-img\"\/><\/p>\n<p>    <\/a><\/p>\n<\/td>\n<td class=\"fig-tv-audience__data\">\n                    <a href=\"https:\/\/tvmag.lefigaro.fr\/programme-tv\/programme\/pekin-express-f207114101\" class=\"fig-tv-audience__program-title\" rel=\"nofollow noopener\" target=\"_blank\"><br \/>\n                        P\u00e9kin express<br \/>\n                    <\/a><\/p>\n<p>                        1\u202f166\u202f000 t\u00e9l\u00e9spectateurs<\/p>\n<p>                    6,6\u00a0%<\/p>\n<\/td>\n<\/tr>\n<tr>\n<td class=\"fig-tv-audience__position\">5<\/td>\n<td class=\"fig-tv-audience__channel-container\">\n                        <a class=\"fig-channel-media fig-channel-media--no-margin\" href=\"https:\/\/tvmag.lefigaro.fr\/programme-tv\/chaine\/47\/tous-les-programmes-de-france-5\" title=\"Programme TV France 5\" rel=\"nofollow noopener\" target=\"_blank\"><br \/>\n        <img   alt=\"Programme TV France 5\" class=\"fig-img\"\/><\/p>\n<p>    <\/a><\/p>\n<\/td>\n<td class=\"fig-tv-audience__data\">\n                    <a href=\"https:\/\/tvmag.lefigaro.fr\/programme-tv\/programme\/echappees-belles-f1515735685\" class=\"fig-tv-audience__program-title\" rel=\"nofollow noopener\" target=\"_blank\"><br \/>\n                        Echapp\u00e9es belles<br \/>\n                    <\/a><\/p>\n<p>                        848\u202f000 t\u00e9l\u00e9spectateurs<\/p>\n<p>                    4,9\u00a0%<\/p>\n<\/td>\n<\/tr>\n<tr aria-hidden=\"true\">\n<td class=\"fig-tv-audience__position\">6<\/td>\n<td class=\"fig-tv-audience__channel-container\">\n                        <a class=\"fig-channel-media fig-channel-media--no-margin\" href=\"https:\/\/tvmag.lefigaro.fr\/programme-tv\/chaine\/111\/tous-les-programmes-de-arte\" title=\"Programme TV Arte\" rel=\"nofollow noopener\" target=\"_blank\"><br \/>\n        <img   alt=\"Programme TV Arte\" class=\"fig-img\"\/><\/p>\n<p>    <\/a><\/p>\n<\/td>\n<td class=\"fig-tv-audience__data\">\n                    <a href=\"https:\/\/tvmag.lefigaro.fr\/programme-tv\/programme\/fengyang-la-cite-imperiale-oubliee-f1283435589\" class=\"fig-tv-audience__program-title\" rel=\"nofollow noopener\" target=\"_blank\"><br \/>\n                        Fengyang, la Cit\u00e9 imp\u00e9riale oubli\u00e9e<br \/>\n                    <\/a><\/p>\n<p>                        670\u202f000 t\u00e9l\u00e9spectateurs<\/p>\n<p>                    3,9\u00a0%<\/p>\n<\/td>\n<\/tr>\n<tr aria-hidden=\"true\">\n<td class=\"fig-tv-audience__position\">7<\/td>\n<td class=\"fig-tv-audience__channel-container\">\n                        <a class=\"fig-channel-media fig-channel-media--no-margin\" href=\"https:\/\/tvmag.lefigaro.fr\/programme-tv\/chaine\/119\/tous-les-programmes-de-w9\" title=\"Programme TV W9\" rel=\"nofollow noopener\" target=\"_blank\"><br \/>\n        <img   alt=\"Programme TV W9\" class=\"fig-img\"\/><\/p>\n<p>    <\/a><\/p>\n<\/td>\n<td class=\"fig-tv-audience__data\">\n                    <a href=\"https:\/\/tvmag.lefigaro.fr\/programme-tv\/programme\/la-petite-histoire-de-france-f1035782491\" class=\"fig-tv-audience__program-title\" rel=\"nofollow noopener\" target=\"_blank\"><br \/>\n                        La petite histoire de France<br \/>\n                    <\/a><\/p>\n<p>                        449\u202f000 t\u00e9l\u00e9spectateurs<\/p>\n<p>                    2,8\u00a0%<\/p>\n<\/td>\n<\/tr>\n<tr aria-hidden=\"true\">\n<td class=\"fig-tv-audience__position\">8<\/td>\n<td class=\"fig-tv-audience__channel-container\">\n                        <a class=\"fig-channel-media fig-channel-media--no-margin\" href=\"https:\/\/tvmag.lefigaro.fr\/programme-tv\/chaine\/195\/tous-les-programmes-de-tmc\" title=\"Programme TV TMC\" rel=\"nofollow noopener\" target=\"_blank\"><br \/>\n        <img   alt=\"Programme TV TMC\" class=\"fig-img\"\/><\/p>\n<p>    <\/a><\/p>\n<\/td>\n<td class=\"fig-tv-audience__data\">\n                    <a href=\"https:\/\/tvmag.lefigaro.fr\/programme-tv\/programme\/columbo-f264524002\" class=\"fig-tv-audience__program-title\" rel=\"nofollow noopener\" target=\"_blank\"><br \/>\n                        Columbo<br \/>\n                    <\/a><\/p>\n<p>                        430\u202f000 t\u00e9l\u00e9spectateurs<\/p>\n<p>                    2,6\u00a0%<\/p>\n<\/td>\n<\/tr>\n<tr aria-hidden=\"true\">\n<td class=\"fig-tv-audience__position\">9<\/td>\n<td class=\"fig-tv-audience__channel-container\">\n                        <a class=\"fig-channel-media fig-channel-media--no-margin\" href=\"https:\/\/tvmag.lefigaro.fr\/programme-tv\/chaine\/446\/tous-les-programmes-de-tfx\" title=\"Programme TV TFX\" rel=\"nofollow noopener\" target=\"_blank\"><br \/>\n        <img   alt=\"Programme TV TFX\" class=\"fig-img\"\/><\/p>\n<p>    <\/a><\/p>\n<\/td>\n<td class=\"fig-tv-audience__data\">\n                    <a href=\"https:\/\/tvmag.lefigaro.fr\/programme-tv\/programme\/chroniques-criminelles-f1906486696\" class=\"fig-tv-audience__program-title\" rel=\"nofollow noopener\" target=\"_blank\"><br \/>\n                        Chroniques criminelles<br \/>\n                    <\/a><\/p>\n<p>                        281\u202f000 t\u00e9l\u00e9spectateurs<\/p>\n<p>                    1,7\u00a0%<\/p>\n<\/td>\n<\/tr>\n<tr aria-hidden=\"true\">\n<td class=\"fig-tv-audience__position\">10<\/td>\n<td class=\"fig-tv-audience__channel-container\">\n                        <a class=\"fig-channel-media fig-channel-media--no-margin\" href=\"https:\/\/tvmag.lefigaro.fr\/programme-tv\/chaine\/1404\/tous-les-programmes-de-tf1-series-films\" title=\"Programme TV TF1 S\u00e9ries Films\" rel=\"nofollow noopener\" target=\"_blank\"><br \/>\n        <img   alt=\"Programme TV TF1 S\u00e9ries Films\" class=\"fig-img\"\/><\/p>\n<p>    <\/a><\/p>\n<\/td>\n<td class=\"fig-tv-audience__data\">\n                    <a href=\"https:\/\/tvmag.lefigaro.fr\/programme-tv\/programme\/josephine-ange-gardien-f1410651066\" class=\"fig-tv-audience__program-title\" rel=\"nofollow noopener\" target=\"_blank\"><br \/>\n                        Jos\u00e9phine, ange gardien<br \/>\n                    <\/a><\/p>\n<p>                        247\u202f000 t\u00e9l\u00e9spectateurs<\/p>\n<p>                    1,5\u00a0%<\/p>\n<\/td>\n<\/tr>\n<tr aria-hidden=\"true\">\n<td class=\"fig-tv-audience__position\">11<\/td>\n<td class=\"fig-tv-audience__channel-container\">\n                        <a class=\"fig-channel-media fig-channel-media--no-margin\" href=\"https:\/\/tvmag.lefigaro.fr\/programme-tv\/chaine\/1403\/tous-les-programmes-de-6ter\" title=\"Programme TV 6ter\" rel=\"nofollow noopener\" target=\"_blank\"><br \/>\n        <img   alt=\"Programme TV 6ter\" class=\"fig-img\"\/><\/p>\n<p>    <\/a><\/p>\n<\/td>\n<td class=\"fig-tv-audience__data\">\n                    <a href=\"https:\/\/tvmag.lefigaro.fr\/programme-tv\/programme\/macgyver-2016-f2138351751\" class=\"fig-tv-audience__program-title\" rel=\"nofollow noopener\" target=\"_blank\"><br \/>\n                        MacGyver<br \/>\n                    <\/a><\/p>\n<p>                        249\u202f000 t\u00e9l\u00e9spectateurs<\/p>\n<p>                    1,4\u00a0%<\/p>\n<\/td>\n<\/tr>\n<tr aria-hidden=\"true\">\n<td class=\"fig-tv-audience__position\">12<\/td>\n<td class=\"fig-tv-audience__channel-container\">\n                        <a class=\"fig-channel-media fig-channel-media--no-margin\" href=\"https:\/\/tvmag.lefigaro.fr\/programme-tv\/chaine\/458\/tous-les-programmes-de-cstar\" title=\"Programme TV CSTAR\" rel=\"nofollow noopener\" target=\"_blank\"><br \/>\n        <img   alt=\"Programme TV CSTAR\" class=\"fig-img\"\/><\/p>\n<p>    <\/a><\/p>\n<\/td>\n<td class=\"fig-tv-audience__data\">\n                    <a href=\"https:\/\/tvmag.lefigaro.fr\/programme-tv\/programme\/les-heros-de-la-route-f367521944\" class=\"fig-tv-audience__program-title\" rel=\"nofollow noopener\" target=\"_blank\"><br \/>\n                        Les h\u00e9ros de la route<br \/>\n                    <\/a><\/p>\n<p>                        218\u202f000 t\u00e9l\u00e9spectateurs<\/p>\n<p>                    1,3\u00a0%<\/p>\n<\/td>\n<\/tr>\n<tr aria-hidden=\"true\">\n<td class=\"fig-tv-audience__position\">13<\/td>\n<td class=\"fig-tv-audience__channel-container\">\n                        <a class=\"fig-channel-media fig-channel-media--no-margin\" href=\"https:\/\/tvmag.lefigaro.fr\/programme-tv\/chaine\/1400\/tous-les-programmes-de-rmc-decouverte\" title=\"Programme TV RMC D\u00e9couverte\" rel=\"nofollow noopener\" target=\"_blank\"><br \/>\n        <img   alt=\"Programme TV RMC D\u00e9couverte\" class=\"fig-img\"\/><\/p>\n<p>    <\/a><\/p>\n<\/td>\n<td class=\"fig-tv-audience__data\">\n                    <a href=\"https:\/\/tvmag.lefigaro.fr\/programme-tv\/programme\/alaska-seuls-au-monde-f1680643606\" class=\"fig-tv-audience__program-title\" rel=\"nofollow noopener\" target=\"_blank\"><br \/>\n                        Alaska\u00a0: seuls au monde<br \/>\n                    <\/a><\/p>\n<p>                        199\u202f000 t\u00e9l\u00e9spectateurs<\/p>\n<p>                    1,1\u00a0%<\/p>\n<\/td>\n<\/tr>\n<tr aria-hidden=\"true\">\n<td class=\"fig-tv-audience__position\">14<\/td>\n<td class=\"fig-tv-audience__channel-container\">\n                        <a class=\"fig-channel-media fig-channel-media--no-margin\" href=\"https:\/\/tvmag.lefigaro.fr\/programme-tv\/chaine\/1402\/tous-les-programmes-de-rmc-story\" title=\"Programme TV RMC Story\" rel=\"nofollow noopener\" target=\"_blank\"><br \/>\n        <img   alt=\"Programme TV RMC Story\" class=\"fig-img\"\/><\/p>\n<p>    <\/a><\/p>\n<\/td>\n<td class=\"fig-tv-audience__data\">\n                    <a href=\"https:\/\/tvmag.lefigaro.fr\/programme-tv\/programme\/retour-a-l-instinct-primaire-seul-au-monde-f1936890272\" class=\"fig-tv-audience__program-title\" rel=\"nofollow noopener\" target=\"_blank\"><br \/>\n                        Retour \u00e0 l&rsquo;instinct primaire\u00a0: seul au monde<br \/>\n                    <\/a><\/p>\n<p>                        177\u202f000 t\u00e9l\u00e9spectateurs<\/p>\n<p>                    1\u00a0%<\/p>\n<\/td>\n<\/tr>\n<tr aria-hidden=\"true\">\n<td class=\"fig-tv-audience__position\">15<\/td>\n<td class=\"fig-tv-audience__channel-container\">\n                        <a class=\"fig-channel-media fig-channel-media--no-margin\" href=\"https:\/\/tvmag.lefigaro.fr\/programme-tv\/chaine\/1399\/tous-les-programmes-de-cherie-25\" title=\"Programme TV Ch\u00e9rie 25\" rel=\"nofollow noopener\" target=\"_blank\"><br \/>\n        <img   alt=\"Programme TV Ch\u00e9rie 25\" class=\"fig-img\"\/><\/p>\n<p>    <\/a><\/p>\n<\/td>\n<td class=\"fig-tv-audience__data\">\n                    <a href=\"https:\/\/tvmag.lefigaro.fr\/programme-tv\/programme\/dix-pour-cent-f233378357\" class=\"fig-tv-audience__program-title\" rel=\"nofollow noopener\" target=\"_blank\"><br \/>\n                        Dix pour cent<br \/>\n                    <\/a><\/p>\n<p>                        163\u202f000 t\u00e9l\u00e9spectateurs<\/p>\n<p>                    0,9\u00a0%<\/p>\n<\/td>\n<\/tr>\n<tr aria-hidden=\"true\">\n<td class=\"fig-tv-audience__position\">16<\/td>\n<td class=\"fig-tv-audience__channel-container\">\n                        <a class=\"fig-channel-media fig-channel-media--no-margin\" href=\"https:\/\/tvmag.lefigaro.fr\/programme-tv\/chaine\/482\/tous-les-programmes-de-gulli\" title=\"Programme TV Gulli\" rel=\"nofollow noopener\" target=\"_blank\"><br \/>\n        <img   alt=\"Programme TV Gulli\" class=\"fig-img\"\/><\/p>\n<p>    <\/a><\/p>\n<\/td>\n<td class=\"fig-tv-audience__data\">\n                    <a href=\"https:\/\/tvmag.lefigaro.fr\/programme-tv\/programme\/the-middle-f138890979\" class=\"fig-tv-audience__program-title\" rel=\"nofollow noopener\" target=\"_blank\"><br \/>\n                        The Middle<br \/>\n                    <\/a><\/p>\n<p>                        95\u202f000 t\u00e9l\u00e9spectateurs<\/p>\n<p>                    0,5\u00a0%<\/p>\n<\/td>\n<\/tr>\n<p>            Voir plus<\/p>\n","protected":false},"excerpt":{"rendered":"Par Emmanuelle Litaud Publi\u00e9 le 6 avril 2025 \u00e0 09h59, mis \u00e0 jour le 6 avril 2025 \u00e0&hellip;\n","protected":false},"author":2,"featured_media":9241,"comment_status":"","ping_status":"","sticky":false,"template":"","format":"standard","meta":{"footnotes":""},"categories":[1356],"tags":[2376,2374,2369,2370,2371,2372,2367,2378,2377,2373,58,59,1011,27,494,2375,3172,503,502,252,1364,2368],"class_list":{"0":"post-9240","1":"post","2":"type-post","3":"status-publish","4":"format-standard","5":"has-post-thumbnail","7":"category-television","8":"tag-analyse-audience-tv","9":"tag-audience-programme-tv","10":"tag-audience-tv","11":"tag-audience-tv-hier","12":"tag-audience-tv-hier-soir","13":"tag-audience-tv-jour-par-jour","14":"tag-audiences","15":"tag-audiences-television","16":"tag-audiences-tv","17":"tag-audimat","18":"tag-divertissement","19":"tag-entertainment","20":"tag-fr","21":"tag-france","22":"tag-m6","23":"tag-meilleure-audience-tv","24":"tag-pekin-express","25":"tag-programme-tele","26":"tag-programme-tv","27":"tag-television","28":"tag-tv","29":"tag-tv-ce-soir"},"share_on_mastodon":{"url":"https:\/\/pubeurope.com\/@fr\/114300105946871383","error":""},"_links":{"self":[{"href":"https:\/\/www.europesays.com\/fr\/wp-json\/wp\/v2\/posts\/9240","targetHints":{"allow":["GET"]}}],"collection":[{"href":"https:\/\/www.europesays.com\/fr\/wp-json\/wp\/v2\/posts"}],"about":[{"href":"https:\/\/www.europesays.com\/fr\/wp-json\/wp\/v2\/types\/post"}],"author":[{"embeddable":true,"href":"https:\/\/www.europesays.com\/fr\/wp-json\/wp\/v2\/users\/2"}],"replies":[{"embeddable":true,"href":"https:\/\/www.europesays.com\/fr\/wp-json\/wp\/v2\/comments?post=9240"}],"version-history":[{"count":0,"href":"https:\/\/www.europesays.com\/fr\/wp-json\/wp\/v2\/posts\/9240\/revisions"}],"wp:featuredmedia":[{"embeddable":true,"href":"https:\/\/www.europesays.com\/fr\/wp-json\/wp\/v2\/media\/9241"}],"wp:attachment":[{"href":"https:\/\/www.europesays.com\/fr\/wp-json\/wp\/v2\/media?parent=9240"}],"wp:term":[{"taxonomy":"category","embeddable":true,"href":"https:\/\/www.europesays.com\/fr\/wp-json\/wp\/v2\/categories?post=9240"},{"taxonomy":"post_tag","embeddable":true,"href":"https:\/\/www.europesays.com\/fr\/wp-json\/wp\/v2\/tags?post=9240"}],"curies":[{"name":"wp","href":"https:\/\/api.w.org\/{rel}","templated":true}]}}