{"id":92415,"date":"2025-05-11T18:45:09","date_gmt":"2025-05-11T18:45:09","guid":{"rendered":"https:\/\/www.europesays.com\/fr\/92415\/"},"modified":"2025-05-11T18:45:09","modified_gmt":"2025-05-11T18:45:09","slug":"albert-ii-de-monaco-ses-jumeaux-jacques-et-gabriella-realisent-leur-premiere-communion","status":"publish","type":"post","link":"https:\/\/www.europesays.com\/fr\/92415\/","title":{"rendered":"Albert II de Monaco : ses jumeaux Jacques et Gabriella r\u00e9alisent leur premi\u00e8re communion"},"content":{"rendered":"<p>Ce dimanche 11 mai 2025 restera un jour sp\u00e9cial pour la famille princi\u00e8re de Monaco. Jacques et Gabriella, les jumeaux du prince Albert II et de la princesse Charlene, ont c\u00e9l\u00e9br\u00e9 leur\u00a0<strong>premi\u00e8re communion<\/strong>\u00a0dans un cadre solennel et \u00e9mouvant, \u00e0 l\u2019\u00e9glise Saint-Charles de Monaco. Une \u00e9tape importante pour ces deux enfants \u00e2g\u00e9s de 9 ans, qui vivent main dans la main <strong>les premiers grands moments de leur vie\u2026<\/strong> Et toujours sous le regard attentionn\u00e9 de leurs parents.<\/p>\n<p>La premi\u00e8re communion marque, dans la tradition catholique,\u00a0<strong>l\u2019entr\u00e9e plus consciente dans la vie spirituelle<\/strong>. Pour Jacques et Gabriella, c\u2019\u00e9tait l\u2019occasion de franchir ce cap entour\u00e9s de leurs proches. Le Palais princier n\u2019a pas manqu\u00e9 de partager <strong>quelques clich\u00e9s de l\u2019\u00e9v\u00e9nement<\/strong> sur son compte Instagram officiel. De quoi permettre aux Mon\u00e9gasques \u2014 et au-del\u00e0 \u2014 de vivre ce moment \u00e0 leurs c\u00f4t\u00e9s.<\/p>\n<p>Sous l&rsquo;\u0153il bienveillant de leurs parents, Jacques et Gabriella de Monaco re\u00e7oivent leur Premi\u00e8re Communion<\/p>\n<p>Sur la premi\u00e8re photo publi\u00e9e, les jumeaux apparaissent\u00a0<strong>v\u00eatus de longues aubes blanches<\/strong>, symboles de puret\u00e9, avec autour du cou une croix en bois. Debout, c\u00f4te \u00e0 c\u00f4te, ils affichent un sourire discret. Ce qui frappe, c\u2019est leur\u00a0<strong>attitude calme, sereine, presque solennelle<\/strong>. Toutefois, cela ne fait aucun doute, les jumeaux sont plus complices que jamais. Ils apparaissent main dans la main et les regards ne trompent pas. La deuxi\u00e8me photo montre\u00a0<strong>un portrait de famille touchant<\/strong>. Devant la fa\u00e7ade de l\u2019\u00e9glise Saint-Charles, Gabriella se tient devant sa m\u00e8re, la princesse Charlene, v\u00eatue d\u2019un sobre ensemble gris.<\/p>\n<p>Jacques est accompagn\u00e9 de son p\u00e8re, le prince Albert, qui lui pose affectueusement la main sur l\u2019\u00e9paule. Le clich\u00e9 capture sans aucun doute la fiert\u00e9 des parents et le bonheur de leurs enfants. En l\u00e9gende, le Palais \u00e9crit : \u00ab En ce jour de Premi\u00e8re Communion, nous adressons nos plus sinc\u00e8res f\u00e9licitations au Prince h\u00e9r\u00e9ditaire Jacques et \u00e0 la Princesse Gabriella qui <strong>ont re\u00e7u ce sacrement avec foi et recueillement. \u00bb.<\/strong><\/p>\n<p>Jacques et Gabriella de Monaco partagent un week-end sacr\u00e9 en famille<\/p>\n<p>Avant cette c\u00e9r\u00e9monie, la famille avait assist\u00e9 \u00e0 la messe du Salut du Tr\u00e8s-Saint Sacrement, c\u00e9l\u00e9br\u00e9e \u00e0 l\u2019\u00e9glise Sainte-D\u00e9vote par Mgr Dominique-Marie David. Un week-end plac\u00e9 <strong>sous le signe de la foi et du recueillement <\/strong>pour les enfants princiers. Jacques et Gabriella sont apparus tr\u00e8s proches tout au long de l\u2019\u00e9v\u00e9nement, comme souvent lors de leurs apparitions publiques.<\/p>\n<p>Lors de la f\u00eate de la Sainte D\u00e9vote en janvier dernier, ils avaient <strong>d\u00e9j\u00e0 fait fondre les c\u0153urs<\/strong> en se r\u00e9chauffant mutuellement pr\u00e8s du feu, main dans la main. Une sc\u00e8ne attendrissante qui montrait leur belle relation de jumeaux soud\u00e9s. Derri\u00e8re les sourires sages et les gestes tendres, on sent que\u00a0<strong>le lien entre Jacques et Gabriella est tr\u00e8s fort<\/strong>. Ils grandissent ensemble sous le regard bienveillant de leurs parents, et partagent \u00e0 deux toutes les grandes \u00e9tapes de leur vie, comme celle-ci.<\/p>\n<p>Jacques et Gabriella : des enfants comme les autres, mais d\u00e9j\u00e0 tr\u00e8s impliqu\u00e9s dans la vie publique<\/p>\n<p>\u00c0 9 ans, les jumeaux commencent \u00e0 prendre une place de plus en plus visible dans la vie publique mon\u00e9gasque. En effet, le 9 avril dernier, ils ont fait leur premi\u00e8re visite officielle. D\u2019ailleurs, Albert II avait confi\u00e9 : \u00ab\u00a0\u00c7a se passe plut\u00f4t bien, non ?\u00a0<strong>Ils \u00e9taient un peu timides,<\/strong>\u00a0c\u2019\u00e9tait impressionnant pour eux (&#8230;) Ils ont \u00e9t\u00e9 pr\u00e9par\u00e9s, j\u2019ai commenc\u00e9 \u00e0 leur raconter cette histoire, et ils ont effectu\u00e9 un travail au palais. Le directeur des archives et de la biblioth\u00e8que leur a montr\u00e9 par diff\u00e9rentes illustrations quels \u00e9taient leurs liens\u00a0\u00bb. <\/p>\n<p>Mais attention, ils restent des enfants comme les autres, avec <a href=\"https:\/\/www.public.fr\/albert-ii-de-monaco-evoque-laddiction-de-jacques-son-fils-de-10-ans-aux-ecrans\" rel=\"nofollow noopener\" target=\"_blank\">une certaine addiction aux \u00e9crans comme l\u2019avait confi\u00e9 le prince Albert II.<\/a> Un joli souvenir pour la fratrie\u2026 et pour leurs parents, toujours fiers de les voir grandir.<\/p>\n<p>      Mentionn\u00e9s dans cet article<\/p>\n<p>\u00c0 lire aussi<\/p>\n","protected":false},"excerpt":{"rendered":"Ce dimanche 11 mai 2025 restera un jour sp\u00e9cial pour la famille princi\u00e8re de Monaco. Jacques et Gabriella,&hellip;\n","protected":false},"author":2,"featured_media":92416,"comment_status":"","ping_status":"","sticky":false,"template":"","format":"standard","meta":{"footnotes":""},"categories":[8],"tags":[20429,58,59,1011,27],"class_list":{"0":"post-92415","1":"post","2":"type-post","3":"status-publish","4":"format-standard","5":"has-post-thumbnail","7":"category-divertissement","8":"tag-albert-ii-de-monaco","9":"tag-divertissement","10":"tag-entertainment","11":"tag-fr","12":"tag-france"},"share_on_mastodon":{"url":"https:\/\/pubeurope.com\/@fr\/114490685842167940","error":""},"_links":{"self":[{"href":"https:\/\/www.europesays.com\/fr\/wp-json\/wp\/v2\/posts\/92415","targetHints":{"allow":["GET"]}}],"collection":[{"href":"https:\/\/www.europesays.com\/fr\/wp-json\/wp\/v2\/posts"}],"about":[{"href":"https:\/\/www.europesays.com\/fr\/wp-json\/wp\/v2\/types\/post"}],"author":[{"embeddable":true,"href":"https:\/\/www.europesays.com\/fr\/wp-json\/wp\/v2\/users\/2"}],"replies":[{"embeddable":true,"href":"https:\/\/www.europesays.com\/fr\/wp-json\/wp\/v2\/comments?post=92415"}],"version-history":[{"count":0,"href":"https:\/\/www.europesays.com\/fr\/wp-json\/wp\/v2\/posts\/92415\/revisions"}],"wp:featuredmedia":[{"embeddable":true,"href":"https:\/\/www.europesays.com\/fr\/wp-json\/wp\/v2\/media\/92416"}],"wp:attachment":[{"href":"https:\/\/www.europesays.com\/fr\/wp-json\/wp\/v2\/media?parent=92415"}],"wp:term":[{"taxonomy":"category","embeddable":true,"href":"https:\/\/www.europesays.com\/fr\/wp-json\/wp\/v2\/categories?post=92415"},{"taxonomy":"post_tag","embeddable":true,"href":"https:\/\/www.europesays.com\/fr\/wp-json\/wp\/v2\/tags?post=92415"}],"curies":[{"name":"wp","href":"https:\/\/api.w.org\/{rel}","templated":true}]}}