{"id":92421,"date":"2025-05-11T18:48:08","date_gmt":"2025-05-11T18:48:08","guid":{"rendered":"https:\/\/www.europesays.com\/fr\/92421\/"},"modified":"2025-05-11T18:48:08","modified_gmt":"2025-05-11T18:48:08","slug":"des-documents-nazis-retrouves-dans-les-archives-de-la-cour-supreme","status":"publish","type":"post","link":"https:\/\/www.europesays.com\/fr\/92421\/","title":{"rendered":"des documents nazis retrouv\u00e9s dans les archives de la Cour supr\u00eame"},"content":{"rendered":"<p>                             Par Le Figaro avec AFP<\/p>\n<p>                Il y a 22 minutes<\/p>\n<p>\u00a0\u00bb<br \/>\n        data-script=\u00a0\u00bbhttps:\/\/static.lefigaro.fr\/widget-video\/short-ttl\/video\/index.js\u00a0\u00bb<br \/>\n    &gt;<\/p>\n<p>Sept bo\u00eetes contenant des documents et des cartes de membres d\u2019organisations nazies ont \u00e9t\u00e9 ouvertes afin de d\u00e9terminer si elles peuvent fournir des informations pertinentes sur la fuite de nazis vers l\u2019Argentine.<\/p>\n<p class=\"fig-paragraph\">La justice argentine a trouv\u00e9 des centaines de documents et de cartes de membres d&rsquo;organisations nazies dans des bo\u00eetes au sein des archives de la Cour supr\u00eame du pays, a r\u00e9v\u00e9l\u00e9 dimanche le journal Clar\u00edn. Les bo\u00eetes, sept au total, ont \u00e9t\u00e9 ouvertes vendredi et leur contenu a \u00e9t\u00e9 class\u00e9, document\u00e9 et conserv\u00e9 sur ordre de la Cour supr\u00eame, afin de d\u00e9terminer si elles peuvent fournir des informations pertinentes concernant des \u00e9v\u00e9nements li\u00e9s \u00e0 l&rsquo;Holocauste ou \u00e0 la\u00a0<a href=\"http:\/\/www.lefigaro.fr\/culture\/la-police-argentine-saisit-plus-de-200-publications-d-endoctrinement-sur-le-nazisme-20230914\" data-fig-type=\"Article\" data-gtm-custom-categorie=\"navigation\" data-gtm-custom-action=\"crossclick\" data-gtm-custom-label=\"Contextuel\" data-gtm-event=\"customEventSPE\" data-fig-domain=\"LEFIGARO\" rel=\"nofollow noopener\" target=\"_blank\">fuite de nazis vers l&rsquo;Argentine<\/a>.<\/p>\n<p class=\"fig-paragraph\">Selon l&rsquo;enqu\u00eate journalistique, une premi\u00e8re inspection du contenu a r\u00e9v\u00e9l\u00e9 l&rsquo;existence d&rsquo;\u00e9l\u00e9ments de propagande nazie et de photographies. Le Mus\u00e9e de l&rsquo;Holocauste de Buenos Aires, dont les repr\u00e9sentants \u00e9taient pr\u00e9sents lors de l&rsquo;ouverture des bo\u00eetes vendredi avec le pr\u00e9sident de la Cour supr\u00eame, Horacio Rosatti, participe aux travaux d&rsquo;inventaire et de conservation, selon Clar\u00edn.<\/p>\n<p>Des milliers de nazis en Argentine<\/p>\n<p class=\"fig-paragraph\">Selon la presse locale, les documents sont li\u00e9s \u00e0 la retenue par le bureau des douanes, en 1941, d&rsquo;une cargaison envoy\u00e9e \u00e0 l&rsquo;ambassade d&rsquo;Allemagne \u00e0 Buenos Aires depuis la l\u00e9gation allemande \u00e0 Tokyo. Une commission parlementaire avait alors saisi la justice pour savoir si ces bo\u00eetes pouvaient contenir des \u00e9l\u00e9ments susceptibles de compromettre la politique de neutralit\u00e9 de l&rsquo;Argentine pendant la Seconde Guerre mondiale. Les bo\u00eetes ont \u00e9t\u00e9 ouvertes et laiss\u00e9es sous scell\u00e9s judiciaires pendant des d\u00e9cennies.<\/p>\n<p class=\"fig-paragraph\">On estime que des milliers de nazis ont travers\u00e9 l&rsquo;Argentine ou s&rsquo;y sont r\u00e9fugi\u00e9s apr\u00e8s la guerre. Les cas les plus retentissants sont Adolf Eichmann, captur\u00e9 \u00e0 Buenos Aires en 1960 et jug\u00e9 et ex\u00e9cut\u00e9 en Isra\u00ebl ; Josef Mengele, m\u00e9decin connu pour ses exp\u00e9riences sur les prisonniers, qui s&rsquo;est cach\u00e9 en Argentine avant de fuir au Paraguay et au Br\u00e9sil, o\u00f9 il est mort ; et Erich Priebke, responsable d&rsquo;un massacre en 1944 pendant l&rsquo;occupation allemande de l&rsquo;Italie. Priebke a \u00e9t\u00e9 arr\u00eat\u00e9 en Argentine et extrad\u00e9 vers l&rsquo;Italie en 1995, o\u00f9 il est mort en prison en 2013, purgeant une peine de prison \u00e0 vie.<\/p>\n","protected":false},"excerpt":{"rendered":"Par Le Figaro avec AFP Il y a 22 minutes \u00a0\u00bb data-script=\u00a0\u00bbhttps:\/\/static.lefigaro.fr\/widget-video\/short-ttl\/video\/index.js\u00a0\u00bb &gt; Sept bo\u00eetes contenant des documents&hellip;\n","protected":false},"author":2,"featured_media":92422,"comment_status":"","ping_status":"","sticky":false,"template":"","format":"standard","meta":{"footnotes":""},"categories":[5],"tags":[259,11,260,6715,1011,27,14,261,16684,12,262,28],"class_list":{"0":"post-92421","1":"post","2":"type-post","3":"status-publish","4":"format-standard","5":"has-post-thumbnail","7":"category-international","8":"tag-actualite-internationale","9":"tag-actualites","10":"tag-affaires-etrangeres","11":"tag-argentine","12":"tag-fr","13":"tag-france","14":"tag-international","15":"tag-ministere-des-affaires-etrangeres","16":"tag-nazisme","17":"tag-news","18":"tag-politique-etrangere","19":"tag-world"},"share_on_mastodon":{"url":"https:\/\/pubeurope.com\/@fr\/114490697511676604","error":""},"_links":{"self":[{"href":"https:\/\/www.europesays.com\/fr\/wp-json\/wp\/v2\/posts\/92421","targetHints":{"allow":["GET"]}}],"collection":[{"href":"https:\/\/www.europesays.com\/fr\/wp-json\/wp\/v2\/posts"}],"about":[{"href":"https:\/\/www.europesays.com\/fr\/wp-json\/wp\/v2\/types\/post"}],"author":[{"embeddable":true,"href":"https:\/\/www.europesays.com\/fr\/wp-json\/wp\/v2\/users\/2"}],"replies":[{"embeddable":true,"href":"https:\/\/www.europesays.com\/fr\/wp-json\/wp\/v2\/comments?post=92421"}],"version-history":[{"count":0,"href":"https:\/\/www.europesays.com\/fr\/wp-json\/wp\/v2\/posts\/92421\/revisions"}],"wp:featuredmedia":[{"embeddable":true,"href":"https:\/\/www.europesays.com\/fr\/wp-json\/wp\/v2\/media\/92422"}],"wp:attachment":[{"href":"https:\/\/www.europesays.com\/fr\/wp-json\/wp\/v2\/media?parent=92421"}],"wp:term":[{"taxonomy":"category","embeddable":true,"href":"https:\/\/www.europesays.com\/fr\/wp-json\/wp\/v2\/categories?post=92421"},{"taxonomy":"post_tag","embeddable":true,"href":"https:\/\/www.europesays.com\/fr\/wp-json\/wp\/v2\/tags?post=92421"}],"curies":[{"name":"wp","href":"https:\/\/api.w.org\/{rel}","templated":true}]}}