{"id":92423,"date":"2025-05-11T18:49:09","date_gmt":"2025-05-11T18:49:09","guid":{"rendered":"https:\/\/www.europesays.com\/fr\/92423\/"},"modified":"2025-05-11T18:49:09","modified_gmt":"2025-05-11T18:49:09","slug":"le-pen-decroche-au-profit-de-bardella-philippe-favori-dans-le-bloc-central","status":"publish","type":"post","link":"https:\/\/www.europesays.com\/fr\/92423\/","title":{"rendered":"Le\u00a0Pen d\u00e9croche au profit de Bardella, Philippe favori dans le bloc central"},"content":{"rendered":"<p>Selon une \u00e9tude Ifop-Fiducial pour Le Figaro et Sud Radio, les souhaits et les pronostics de candidature rebattent les cartes deux ans avant la pr\u00e9sidentielle.<\/p>\n<p class=\"fig-paragraph\">Deux ans, c\u2019est d\u00e9j\u00e0 long. Mais deux ans en politique, c\u2019est une \u00e9ternit\u00e9. Alors que les candidats, d\u00e9clar\u00e9s ou pressentis, \u00e0 la prochaine pr\u00e9sidentielle tentent d\u2019avancer leurs pions dans cette\u00a0<a href=\"http:\/\/www.lefigaro.fr\/presidentielle-2027-les-candidats-se-bousculent-mais-les-francais-ne-savent-pas-encore-pour-qui-voter-20250502\" data-fig-type=\"Article\" data-gtm-custom-categorie=\"navigation\" data-gtm-custom-action=\"crossclick\" data-gtm-custom-label=\"Contextuel\" data-gtm-event=\"customEventSPE\" data-fig-domain=\"LEFIGARO\" target=\"_blank\" rel=\"noopener\">p\u00e9riode de \u00ab\u00a0pr\u00e9campagne\u00a0\u00bb<\/a>\u00a0qui s\u2019ouvre, la prudence reste de mise dans tous les camps. Car d\u2019ici \u00e0 l\u2019\u00e9ch\u00e9ance \u00e9lys\u00e9enne, fix\u00e9e en 2027, bien des rebondissements ou des impr\u00e9vus peuvent encore rebattre les cartes &#8211; dans un sens comme dans l\u2019autre.<\/p>\n<p class=\"fig-paragraph\">La condamnation de\u00a0<a href=\"http:\/\/www.lefigaro.fr\/politique\/1er-mai-a-narbonne-marine-le-pen-reaffirme-sa-stature-presidentielle-20250501\" data-fig-type=\"Article\" data-gtm-custom-categorie=\"navigation\" data-gtm-custom-action=\"crossclick\" data-gtm-custom-label=\"Contextuel\" data-gtm-event=\"customEventSPE\" data-fig-domain=\"LEFIGARO\" target=\"_blank\" rel=\"noopener\">Marine Le\u00a0Pen<\/a>\u00a0fin mars \u00e0 une peine d\u2019in\u00e9ligibilit\u00e9 imm\u00e9diate &#8211; dont elle a fait appel -, dans l\u2019affaire des assistants parlementaires des eurod\u00e9put\u00e9s FN (devenu RN), en est une illustration frappante. Un mois et demi apr\u00e8s ce coup de tonnerre judiciaire, qui compromet s\u00e9rieusement les chances de la chef des d\u00e9put\u00e9s RN de concourir une quatri\u00e8me fois \u00e0 la fonction supr\u00eame, l\u2019\u00e9lu du Pas-de-Calais accuse un net recul dans la deuxi\u00e8me vague du barom\u00e8tre de l\u2019ambition pr\u00e9sidentielle.<\/p>\n<p class=\"fig-body-link\">\n            \u00c0 lire aussi<br \/>\n        <a class=\"fig-body-link__link fig-premium-mark\" href=\"http:\/\/www.lefigaro.fr\/politique\/presidentielle-comment-cyril-hanouna-va-s-engager-dans-le-debat-politique-20250511\" target=\"_blank\" data-fig-type=\"Article\" rel=\"noopener\" data-gtm-custom-categorie=\"navigation\" data-gtm-custom-action=\"crossclick\" data-gtm-custom-label=\"Contextuel\" data-gtm-event=\"customEventSPE\" data-fig-domain=\"LEFIGARO\">Pr\u00e9sidentielle\u00a0: comment Cyril Hanouna va s\u2019engager dans le d\u00e9bat politique<br \/>\n    <\/a>\n<\/p>\n<p class=\"fig-paragraph\">R\u00e9alis\u00e9e par Ifop-Fiducial pour Le Figaro et Sud Radio\u2026<\/p>\n<p class=\"fig-premium-paywall__infos\">\n        Cet article est r\u00e9serv\u00e9 aux abonn\u00e9s.        Il vous reste 82% \u00e0 d\u00e9couvrir.\n    <\/p>\n<p>                <img  data- alt=\"Le Figaro\" class=\"fig-img--complete fig-img\"\/><\/p>\n<p class=\"fig-premium-paywall__title\">Je m&rsquo;informe, je m&rsquo;inspire, je m&rsquo;abonne.<\/p>\n<p class=\"fig-premium-paywall__subtitle\">D\u00e9couvrez notre offre de bienvenue.<\/p>\n<p class=\"fig-premium-paywall__connect\">\n                D\u00e9j\u00e0 abonn\u00e9\u00a0?                <a class=\"fig-premium-paywall__connect-link\" href=\"https:\/\/connect.lefigaro.fr\/login?client=horizon_web&amp;type=main&amp;redirect_uri=https%3A%2F%2Fwww.lefigaro.fr%2Factualite-france%2Fsondage-presidentielle-2027-le-pen-decroche-au-profit-de-bardella-philippe-favori-dans-le-bloc-central-20250511\" data-js-gtm=\"{&quot;customCategorie&quot;: &quot;conversion&quot;, &quot;customAction&quot;: &quot;before_Landing_Connexion_paywall_auto&quot;, &quot;customLabel&quot;: &quot;bGVmaWdhcm8uZnJfXzFmMDJlNjkxLTZjMzUtNmNmNC1iMTVlLTU5NzU3OWNkY2UwNl9fQXJ0aWNsZQ==_Pronostic pr\u00e9sidentielle 2027\u00a0: Le\u00a0Pen d\u00e9croche au profit de Bardella, Philippe favori dans le bloc central_52&quot;, &quot;customIDSPE&quot;: &quot;bGVmaWdhcm8uZnJfXzFmMDJlNjkxLTZjMzUtNmNmNC1iMTVlLTU5NzU3OWNkY2UwNl9fQXJ0aWNsZQ==&quot;, &quot;event&quot;: &quot;customEventSPE&quot;}\" target=\"_blank\" rel=\"noopener\"><br \/>\n                    Connectez-vous<br \/>\n                <\/a>\n            <\/p>\n","protected":false},"excerpt":{"rendered":"Selon une \u00e9tude Ifop-Fiducial pour Le Figaro et Sud Radio, les souhaits et les pronostics de candidature rebattent&hellip;\n","protected":false},"author":2,"featured_media":92424,"comment_status":"","ping_status":"","sticky":false,"template":"","format":"standard","meta":{"footnotes":""},"categories":[4],"tags":[47,1058,1054,1059,1060,1055,11,3080,1057,118,1011,27,1061,303,430,12,1062,3766,25,656,104,1056,809],"class_list":{"0":"post-92423","1":"post","2":"type-post","3":"status-publish","4":"format-standard","5":"has-post-thumbnail","7":"category-france","8":"tag-actualite","9":"tag-actualite-education","10":"tag-actualite-france","11":"tag-actualite-justice","12":"tag-actualite-securite","13":"tag-actualite-societe","14":"tag-actualites","15":"tag-edouard-philippe","16":"tag-education","17":"tag-faits-divers","18":"tag-fr","19":"tag-france","20":"tag-immigration","21":"tag-justice","22":"tag-marine-le-pen","23":"tag-news","24":"tag-polemique","25":"tag-presidentielle","26":"tag-republique-francaise","27":"tag-securite","28":"tag-societe","29":"tag-societe-francaise","30":"tag-violence"},"share_on_mastodon":{"url":"https:\/\/pubeurope.com\/@fr\/114490701472277131","error":""},"_links":{"self":[{"href":"https:\/\/www.europesays.com\/fr\/wp-json\/wp\/v2\/posts\/92423","targetHints":{"allow":["GET"]}}],"collection":[{"href":"https:\/\/www.europesays.com\/fr\/wp-json\/wp\/v2\/posts"}],"about":[{"href":"https:\/\/www.europesays.com\/fr\/wp-json\/wp\/v2\/types\/post"}],"author":[{"embeddable":true,"href":"https:\/\/www.europesays.com\/fr\/wp-json\/wp\/v2\/users\/2"}],"replies":[{"embeddable":true,"href":"https:\/\/www.europesays.com\/fr\/wp-json\/wp\/v2\/comments?post=92423"}],"version-history":[{"count":0,"href":"https:\/\/www.europesays.com\/fr\/wp-json\/wp\/v2\/posts\/92423\/revisions"}],"wp:featuredmedia":[{"embeddable":true,"href":"https:\/\/www.europesays.com\/fr\/wp-json\/wp\/v2\/media\/92424"}],"wp:attachment":[{"href":"https:\/\/www.europesays.com\/fr\/wp-json\/wp\/v2\/media?parent=92423"}],"wp:term":[{"taxonomy":"category","embeddable":true,"href":"https:\/\/www.europesays.com\/fr\/wp-json\/wp\/v2\/categories?post=92423"},{"taxonomy":"post_tag","embeddable":true,"href":"https:\/\/www.europesays.com\/fr\/wp-json\/wp\/v2\/tags?post=92423"}],"curies":[{"name":"wp","href":"https:\/\/api.w.org\/{rel}","templated":true}]}}