{"id":92432,"date":"2025-05-11T18:59:18","date_gmt":"2025-05-11T18:59:18","guid":{"rendered":"https:\/\/www.europesays.com\/fr\/92432\/"},"modified":"2025-05-11T18:59:18","modified_gmt":"2025-05-11T18:59:18","slug":"un-lieu-innovant-pour-les-services-a-la-personne","status":"publish","type":"post","link":"https:\/\/www.europesays.com\/fr\/92432\/","title":{"rendered":"un lieu innovant pour les services \u00e0 la personne"},"content":{"rendered":"<p>Sobre, efficient, \u00e9conome en \u00e9nergie, con\u00e7u sur la base de la transparence, de la modularit\u00e9, de l\u2019accessibilit\u00e9, le PHARE Lab de Villes &amp; Services a \u00e9t\u00e9 inaugur\u00e9 18 mois apr\u00e8s la pose de la premi\u00e8re pierre.<\/p>\n<p>\u00ab\u00a0Un phare, c\u2019est solide, un phare \u00e9claire, illumine \u00e0 360\u00b0, prot\u00e8ge des temp\u00eates, donne la direction, c\u2019est un guide, il oriente et propose des solutions. Lab comme laboratoire, car nous proposons beaucoup plus que de l\u2019accompagnement \u00e0 domicile, nous proposons des services&#8230;<\/p>\n","protected":false},"excerpt":{"rendered":"Sobre, efficient, \u00e9conome en \u00e9nergie, con\u00e7u sur la base de la transparence, de la modularit\u00e9, de l\u2019accessibilit\u00e9, le&hellip;\n","protected":false},"author":2,"featured_media":92433,"comment_status":"","ping_status":"","sticky":false,"template":"","format":"standard","meta":{"footnotes":""},"categories":[9635],"tags":[1111,11,1704,1777,674,1011,27,775,10262,1702,12,25,104,10261],"class_list":{"0":"post-92432","1":"post","2":"type-post","3":"status-publish","4":"format-standard","5":"has-post-thumbnail","7":"category-nancy","8":"tag-actu","9":"tag-actualites","10":"tag-edition-nancy-et-agglomeration","11":"tag-eu","12":"tag-europe","13":"tag-fr","14":"tag-france","15":"tag-grand-est","16":"tag-metropole-du-grand-nancy-54b5","17":"tag-nancy","18":"tag-news","19":"tag-republique-francaise","20":"tag-societe","21":"tag-villers-les-nancy"},"share_on_mastodon":{"url":"https:\/\/pubeurope.com\/@fr\/114490740707990810","error":""},"_links":{"self":[{"href":"https:\/\/www.europesays.com\/fr\/wp-json\/wp\/v2\/posts\/92432","targetHints":{"allow":["GET"]}}],"collection":[{"href":"https:\/\/www.europesays.com\/fr\/wp-json\/wp\/v2\/posts"}],"about":[{"href":"https:\/\/www.europesays.com\/fr\/wp-json\/wp\/v2\/types\/post"}],"author":[{"embeddable":true,"href":"https:\/\/www.europesays.com\/fr\/wp-json\/wp\/v2\/users\/2"}],"replies":[{"embeddable":true,"href":"https:\/\/www.europesays.com\/fr\/wp-json\/wp\/v2\/comments?post=92432"}],"version-history":[{"count":0,"href":"https:\/\/www.europesays.com\/fr\/wp-json\/wp\/v2\/posts\/92432\/revisions"}],"wp:featuredmedia":[{"embeddable":true,"href":"https:\/\/www.europesays.com\/fr\/wp-json\/wp\/v2\/media\/92433"}],"wp:attachment":[{"href":"https:\/\/www.europesays.com\/fr\/wp-json\/wp\/v2\/media?parent=92432"}],"wp:term":[{"taxonomy":"category","embeddable":true,"href":"https:\/\/www.europesays.com\/fr\/wp-json\/wp\/v2\/categories?post=92432"},{"taxonomy":"post_tag","embeddable":true,"href":"https:\/\/www.europesays.com\/fr\/wp-json\/wp\/v2\/tags?post=92432"}],"curies":[{"name":"wp","href":"https:\/\/api.w.org\/{rel}","templated":true}]}}