{"id":92438,"date":"2025-05-11T19:02:09","date_gmt":"2025-05-11T19:02:09","guid":{"rendered":"https:\/\/www.europesays.com\/fr\/92438\/"},"modified":"2025-05-11T19:02:09","modified_gmt":"2025-05-11T19:02:09","slug":"le-ministre-manuel-valls-en-conference-pour-le-25e-anniversaire-de-linstitut-maimonide","status":"publish","type":"post","link":"https:\/\/www.europesays.com\/fr\/92438\/","title":{"rendered":"le ministre Manuel Valls en conf\u00e9rence pour le 25e anniversaire de l&rsquo;Institut Ma\u00efmonide"},"content":{"rendered":"<p>            Par<br \/>\n        <strong><br \/>\n            <a href=\"https:\/\/actu.fr\/auteur\/metropoop\" title=\"Consulter tous les articles de R\u00e9daction M\u00e9tropolitain\" target=\"_blank\" rel=\"noopener\">R\u00e9daction M\u00e9tropolitain<\/a><br \/>\n        <\/strong><\/p>\n<p>        Publi\u00e9 le<\/p>\n<p>            11 mai 2025 \u00e0 19h25        <\/p>\n<p>\u00ab\u00a0Le Printemps des consciences. La lettre et l\u2019esprit\u2026\u00a0\u00bb <strong>L\u2019Institut Ma\u00efmonide<\/strong> de<strong> Montpellier<\/strong> ne pouvait pas passer \u00e0 c\u00f4t\u00e9 de son 25e anniversaire. Ce sera chose faite du mardi 20 mai au lundi 23 juin 2025 avec Daniel Mesguich, <strong>Manuel Valls<\/strong>, un colloque sur le g\u00e9nocide arm\u00e9nien, Fr\u00e9d\u00e9ric Encel, Ha\u00efm Korsia, l\u2019\u00e9v\u00eaque de Montpellier\u00a0<strong>Norbert Turini<\/strong> et Mordeha\u00ef Bensoussan.<\/p>\n<p class=\" wall-content\">Premier rendez-vous: mardi 20 mai, salle P\u00e9trarque\u00a0\u00e0 18h30\u00a0(entr\u00e9e libre),\u00a0avec le com\u00e9dien et metteur en sc\u00e8ne\u00a0<strong>Daniel Mesguich<\/strong>. L\u2019un des plus grands hommes de th\u00e9\u00e2tre en France pr\u00e9sentera son dernier livre\u2026 \u00ab\u00a0Le Premier Livre\u00a0\u00bb.<\/p>\n<p class=\" wall-content\">Deuxi\u00e8me rendez-vous lundi 26 mai, salle Rabelais avec le ministre d\u2019Etat en charge de l\u2019Outre-Mer, Manuel Valls. Sa venue, r\u00e9cemment, avait \u00e9t\u00e9 annul\u00e9e en raison de son voyage urgent en Nouvelle-Cal\u00e9donie. \u00a0L\u2019ancien Premier ministre interviendra pour une conf\u00e9rence-d\u00e9bat sur \u00ab\u00a0Le courage en politique et dans l\u2019action publique.\u00a0\u00bb\u00a0L\u2019entr\u00e9e est\u00a0 libre, mais la r\u00e9servation obligatoire en cliquant\u00a0sur ce lien <a href=\"https:\/\/my.weezevent.com\/manuel-valls-le-courage-en-politique-et-dans-laction-publique\" target=\"_blank\" rel=\"noopener\">https:\/\/my.weezevent.com\/manuel-valls-le-courage-en-politique-et-dans-laction-publique<\/a>\u00a0Ouverture des portes \u00e0 17h15, s\u00e9ance de d\u00e9dicace de 17h30 \u00e0 18het conf\u00e9rence \u00e0 18h.<\/p>\n<p class=\" wall-content\">Enfin, toujours dans le cadre de son 25e anniversaire, l\u2019Institut Ma\u00efmonide, qui a con\u00e7u et r\u00e9alis\u00e9 la <strong>mini s\u00e9rie Harari <\/strong>-la possibilit\u00e9 de percevoir \u00e0 travers des patronymes et lignages h\u00e9bra\u00efques fameux, l\u2019\u00e9volution urbanistique de la cit\u00e9 de Montpellier, entre pass\u00e9, pr\u00e9sent et avenir- proposera un autre petit feuilleton,<strong> Kimhi<\/strong>,\u00a0l\u2019opportunit\u00e9 de percevoir \u00e0 travers des noms et familles juives renomm\u00e9es, l\u2019histoire et la g\u00e9ographie de l\u2019Occitanie.<\/p>\n<p>Vid\u00e9os : en ce moment sur Actu&gt; Plus d\u2019informations sur notre nouveau site internet<a href=\"http:\/\/iumat.fr\" target=\"_blank\" rel=\"noopener\">\u00a0iumat.fr<\/a>\u00a0, sur les r\u00e9seaux sociaux X, YouTube et Instagram.<\/p>\n<p class=\" wall-content\">Suivez toute l\u2019actualit\u00e9 de vos villes et m\u00e9dias favoris en vous inscrivant \u00e0 <a href=\"https:\/\/moncompte.actu.fr\" title=\"D\u00e9couvez Mon Actu\" rel=\"nofollow noopener\" data-trk=\"{&quot;cta&quot;:{&quot;action&quot;:&quot;https:\\\/\\\/moncompte.actu.fr&quot;,&quot;category&quot;:&quot;mon compte&quot;,&quot;from&quot;:&quot;article footer&quot;,&quot;name&quot;:&quot;Mon actu&quot;,&quot;type&quot;:&quot;cta&quot;}}\" target=\"_blank\">Mon Actu<\/a>.<\/p>\n","protected":false},"excerpt":{"rendered":"Par R\u00e9daction M\u00e9tropolitain Publi\u00e9 le 11 mai 2025 \u00e0 19h25 \u00ab\u00a0Le Printemps des consciences. La lettre et l\u2019esprit\u2026\u00a0\u00bb&hellip;\n","protected":false},"author":2,"featured_media":92439,"comment_status":"","ping_status":"","sticky":false,"template":"","format":"standard","meta":{"footnotes":""},"categories":[9599],"tags":[1111,11,1777,674,1011,27,1652,15315,2208,12,2680,25],"class_list":{"0":"post-92438","1":"post","2":"type-post","3":"status-publish","4":"format-standard","5":"has-post-thumbnail","7":"category-montpellier","8":"tag-actu","9":"tag-actualites","10":"tag-eu","11":"tag-europe","12":"tag-fr","13":"tag-france","14":"tag-loisirs-culture","15":"tag-manuel-valls","16":"tag-montpellier","17":"tag-news","18":"tag-occitanie","19":"tag-republique-francaise"},"share_on_mastodon":{"url":"https:\/\/pubeurope.com\/@fr\/114490752561904726","error":""},"_links":{"self":[{"href":"https:\/\/www.europesays.com\/fr\/wp-json\/wp\/v2\/posts\/92438","targetHints":{"allow":["GET"]}}],"collection":[{"href":"https:\/\/www.europesays.com\/fr\/wp-json\/wp\/v2\/posts"}],"about":[{"href":"https:\/\/www.europesays.com\/fr\/wp-json\/wp\/v2\/types\/post"}],"author":[{"embeddable":true,"href":"https:\/\/www.europesays.com\/fr\/wp-json\/wp\/v2\/users\/2"}],"replies":[{"embeddable":true,"href":"https:\/\/www.europesays.com\/fr\/wp-json\/wp\/v2\/comments?post=92438"}],"version-history":[{"count":0,"href":"https:\/\/www.europesays.com\/fr\/wp-json\/wp\/v2\/posts\/92438\/revisions"}],"wp:featuredmedia":[{"embeddable":true,"href":"https:\/\/www.europesays.com\/fr\/wp-json\/wp\/v2\/media\/92439"}],"wp:attachment":[{"href":"https:\/\/www.europesays.com\/fr\/wp-json\/wp\/v2\/media?parent=92438"}],"wp:term":[{"taxonomy":"category","embeddable":true,"href":"https:\/\/www.europesays.com\/fr\/wp-json\/wp\/v2\/categories?post=92438"},{"taxonomy":"post_tag","embeddable":true,"href":"https:\/\/www.europesays.com\/fr\/wp-json\/wp\/v2\/tags?post=92438"}],"curies":[{"name":"wp","href":"https:\/\/api.w.org\/{rel}","templated":true}]}}