{"id":92442,"date":"2025-05-11T19:04:08","date_gmt":"2025-05-11T19:04:08","guid":{"rendered":"https:\/\/www.europesays.com\/fr\/92442\/"},"modified":"2025-05-11T19:04:08","modified_gmt":"2025-05-11T19:04:08","slug":"eure-lorchestre-de-lopera-de-rouen-sera-en-concert-dans-ce-village","status":"publish","type":"post","link":"https:\/\/www.europesays.com\/fr\/92442\/","title":{"rendered":"Eure. L&rsquo;orchestre de l&rsquo;op\u00e9ra de Rouen sera en concert dans ce village"},"content":{"rendered":"<p>            Par<br \/>\n        <strong><br \/>\n            <a href=\"https:\/\/actu.fr\/auteur\/aurelie-hebert\" title=\"Consulter tous les articles de Aur\u00e9lie H\u00e9bert\" target=\"_blank\" rel=\"noopener\">Aur\u00e9lie H\u00e9bert<\/a><br \/>\n        <\/strong><\/p>\n<p>        Publi\u00e9 le<\/p>\n<p>            11 mai 2025 \u00e0 20h26        <\/p>\n<p>Dans le cadre de sa saison culturelle, la <a href=\"https:\/\/www.cdcla.fr\/agenda\/concert-symphonique-opera-orchestre-normandie-rouen\/\" target=\"_blank\" rel=\"noopener\">Communaut\u00e9 de communes Lyons Andelle<\/a>, situ\u00e9 dans le nord est de l\u2019<a href=\"https:\/\/actu.fr\/l-impartial\/\" target=\"_blank\" rel=\"noopener\"><b>Eure<\/b><\/a>, propose un rendez-vous \u00e0 ne pas manquer <b>dimanche 25 mai 2025<\/b>.<\/p>\n<p class=\" wall-content\">L\u2019<b>orchestre de l\u2019Op\u00e9ra de Rouen<\/b> (Seine-Maritime) donnera un concert exceptionnel \u00e0 16 h \u00e0 la salle socioculturelle de <a href=\"https:\/\/actu.fr\/normandie\/vandrimare_27670\" target=\"_blank\" rel=\"noopener\"><b>Vandrimare<\/b><\/a> (Eure).<\/p>\n<p>Un maestro et 40 musiciens<br \/>\n      <img   decoding=\"async\" loading=\"lazy\" class=\"size-large\" src=\"https:\/\/www.europesays.com\/fr\/wp-content\/uploads\/2025\/05\/f7d1fd581e1861cd1fd581e18ffd1fv-960x640.jpg\" alt=\"Le jeune maestro fran\u00e7ais, Swann Van Rechem, dirigera l'orchestre de l'op\u00e9ra Rouen Normandie lors du concert du 25 mai 2025 \u00e0 Vandrimare (Eure).\" width=\"960\" height=\"640\"\/><br \/>\n    Le jeune maestro fran\u00e7ais, Swann Van Rechem, dirigera l\u2019orchestre de l\u2019op\u00e9ra Rouen Normandie lors du concert du 25 mai 2025 \u00e0 Vandrimare (Eure). \u00a9Anica Steinbart<\/p>\n<p class=\" wall-content\">Quarante musiciens donneront vie aux \u0153uvres de\u00a0 Beethoven et Ravel, deux immenses compositeurs.<\/p>\n<p class=\" wall-content\">Ils seront dirig\u00e9s brillamment par le maestro fran\u00e7ais <a href=\"https:\/\/www.operaorchestrenormandierouen.fr\/programmation\/tournee-de-mai-2025\/\" target=\"_blank\" rel=\"noopener\">Swann Van Rechem<\/a>.\u00a0 \u00c0 seulement 25\u00a0ans, ce jeune chef est r\u00e9v\u00e9lation des Victoires de la Musique classique 2024 et laur\u00e9at de prestigieux concours.<\/p>\n<p>Beethoven et Ravel<\/p>\n<p class=\" wall-content\">Ces musiciens proposent de (re) d\u00e9couvrir des chefs-d\u2019\u0153uvre : Coriolan de Beethoven, une musique de style \u00ab h\u00e9ro\u00efque \u00bb, l\u2019une de ses ouvertures les plus c\u00e9l\u00e8bres qui porte le nom d\u2019un g\u00e9n\u00e9ral romain.<\/p>\n<p>Vid\u00e9os : en ce moment sur Actu<\/p>\n<p class=\" wall-content\">Et pour le 150e anniversaire de la naissance de Ravel, Le Tombeau de Couperin, plus nostalgique et po\u00e9tique, rend hommage \u00e0 ses amis tomb\u00e9s pendant la Premi\u00e8re Guerre mondiale. Mais aussi une compositrice oubli\u00e9e : Bonis, dont l\u2019\u0153uvre d\u00e9licate m\u00eale romantisme et impressionnisme.<\/p>\n<p class=\" wall-content\">Ils mettront \u00e0 l\u2019honneur le cor : un soliste interpr\u00e8te une pi\u00e8ce m\u00e9lodieuse de Chabrier qui propose de d\u00e9couvrir la richesse de cet instrument. Un concert puissant, qui met en valeur toutes les subtilit\u00e9s et richesses de l\u2019orchestre.<\/p>\n<p>Concert de l\u2019Op\u00e9ra orchestre Normandie Rouen, dimanche 25 mai 2025 \u00e0 Vandrimare (16h, salle socioculturelle) Dur\u00e9e 1 h. Tout public. Tarif : 8 \u20ac, r\u00e9duit 5 \u20ac \u2013 de 30 ans, demandeurs d\u2019emploi, \u00e9tudiants, handicap ; formule famille adulte 5 \u20ac, moins de 18 ans 2 \u20ac.\u00a0 R\u00e9servation au 02 32 49 61 27 ou <a href=\"https:\/\/actu.fr\/cdn-cgi\/l\/email-protection\" class=\"__cf_email__\" data-cfemail=\"dfbcb0b1abbebcab9fbcbbbcb3bef1b9ad\" target=\"_blank\" rel=\"noopener\">[email\u00a0protected]<\/a><\/p>\n<p class=\" wall-content\">Suivez toute l\u2019actualit\u00e9 de vos villes et m\u00e9dias favoris en vous inscrivant \u00e0 <a href=\"https:\/\/moncompte.actu.fr\" title=\"D\u00e9couvez Mon Actu\" rel=\"nofollow noopener\" data-trk=\"{&quot;cta&quot;:{&quot;action&quot;:&quot;https:\\\/\\\/moncompte.actu.fr&quot;,&quot;category&quot;:&quot;mon compte&quot;,&quot;from&quot;:&quot;article footer&quot;,&quot;name&quot;:&quot;Mon actu&quot;,&quot;type&quot;:&quot;cta&quot;}}\" target=\"_blank\">Mon Actu<\/a>.<\/p>\n<ul class=\"ac-article-tag wall-content\">\n<li><a href=\"https:\/\/actu.fr\/tag\/lyons-andelle\" data-trk=\"{&quot;cta&quot;:{&quot;action&quot;:&quot;Lyons Andelle&quot;,&quot;category&quot;:&quot;tag&quot;,&quot;from&quot;:&quot;article footer&quot;,&quot;name&quot;:&quot;Lyons Andelle&quot;,&quot;type&quot;:&quot;cta&quot;}}\" target=\"_blank\" rel=\"noopener\">#Lyons Andelle<\/a><\/li>\n<li><a href=\"https:\/\/actu.fr\/tag\/opera-de-rouen\" data-trk=\"{&quot;cta&quot;:{&quot;action&quot;:&quot;Op\\u00e9ra de Rouen&quot;,&quot;category&quot;:&quot;tag&quot;,&quot;from&quot;:&quot;article footer&quot;,&quot;name&quot;:&quot;Op\\u00e9ra de Rouen&quot;,&quot;type&quot;:&quot;cta&quot;}}\" target=\"_blank\" rel=\"noopener\">#Op\u00e9ra de Rouen<\/a><\/li>\n<\/ul>\n","protected":false},"excerpt":{"rendered":"Par Aur\u00e9lie H\u00e9bert Publi\u00e9 le 11 mai 2025 \u00e0 20h26 Dans le cadre de sa saison culturelle, la&hellip;\n","protected":false},"author":2,"featured_media":92443,"comment_status":"","ping_status":"","sticky":false,"template":"","format":"standard","meta":{"footnotes":""},"categories":[9587],"tags":[1111,11,1777,674,1011,27,1652,2750,12,5161,20431,25,9590],"class_list":{"0":"post-92442","1":"post","2":"type-post","3":"status-publish","4":"format-standard","5":"has-post-thumbnail","7":"category-rouen","8":"tag-actu","9":"tag-actualites","10":"tag-eu","11":"tag-europe","12":"tag-fr","13":"tag-france","14":"tag-loisirs-culture","15":"tag-lyons-andelle","16":"tag-news","17":"tag-normandie","18":"tag-opera-de-rouen","19":"tag-republique-francaise","20":"tag-rouen"},"share_on_mastodon":{"url":"https:\/\/pubeurope.com\/@fr\/114490760538069646","error":""},"_links":{"self":[{"href":"https:\/\/www.europesays.com\/fr\/wp-json\/wp\/v2\/posts\/92442","targetHints":{"allow":["GET"]}}],"collection":[{"href":"https:\/\/www.europesays.com\/fr\/wp-json\/wp\/v2\/posts"}],"about":[{"href":"https:\/\/www.europesays.com\/fr\/wp-json\/wp\/v2\/types\/post"}],"author":[{"embeddable":true,"href":"https:\/\/www.europesays.com\/fr\/wp-json\/wp\/v2\/users\/2"}],"replies":[{"embeddable":true,"href":"https:\/\/www.europesays.com\/fr\/wp-json\/wp\/v2\/comments?post=92442"}],"version-history":[{"count":0,"href":"https:\/\/www.europesays.com\/fr\/wp-json\/wp\/v2\/posts\/92442\/revisions"}],"wp:featuredmedia":[{"embeddable":true,"href":"https:\/\/www.europesays.com\/fr\/wp-json\/wp\/v2\/media\/92443"}],"wp:attachment":[{"href":"https:\/\/www.europesays.com\/fr\/wp-json\/wp\/v2\/media?parent=92442"}],"wp:term":[{"taxonomy":"category","embeddable":true,"href":"https:\/\/www.europesays.com\/fr\/wp-json\/wp\/v2\/categories?post=92442"},{"taxonomy":"post_tag","embeddable":true,"href":"https:\/\/www.europesays.com\/fr\/wp-json\/wp\/v2\/tags?post=92442"}],"curies":[{"name":"wp","href":"https:\/\/api.w.org\/{rel}","templated":true}]}}