{"id":92448,"date":"2025-05-11T19:09:09","date_gmt":"2025-05-11T19:09:09","guid":{"rendered":"https:\/\/www.europesays.com\/fr\/92448\/"},"modified":"2025-05-11T19:09:09","modified_gmt":"2025-05-11T19:09:09","slug":"a-thorigne-fouillard-48-heures-pour-mettre-en-lumiere-lagriculture-urbaine","status":"publish","type":"post","link":"https:\/\/www.europesays.com\/fr\/92448\/","title":{"rendered":"\u00c0 Thorign\u00e9-Fouillard, 48\u00a0heures pour mettre en lumi\u00e8re l\u2019agriculture urbaine"},"content":{"rendered":"<p>En 2017, l\u2019association Aneth prend possession d\u2019un d\u00e9laiss\u00e9 de l\u2019autoroute 84\u00a0proche de la Juteauderie, \u00e0 Thorign\u00e9-Fouillard, pr\u00e8s de Rennes. Aujourd\u2019hui, sur 1,6\u00a0ha est n\u00e9 ce parc, avec son potager associatif, son arboretum, ses animaux et ses ateliers.<\/p>\n<p>Cette ann\u00e9e l\u2019association participera aux 48\u00a0heures de l\u2019agriculture urbaine avec un programme d\u2019activit\u00e9 sur deux jours.<\/p>\n<p>\u00ab\u00a0Le b\u00e9n\u00e9volat est indispensable\u00a0\u00bb<\/p>\n<p>Avec ses 150\u00a0familles adh\u00e9rentes, les valeurs de l\u2019association Aneth sont partag\u00e9es avec le volet nature au Juteauderie et r\u00e9emploi, avec la ressourcerie.<\/p>\n<p><strong>Lire aussi\u00a0: <\/strong> <a href=\"https:\/\/rennes.maville.com\/actu\/actudet_-a-rennes-les-48-heures-de-l-agriculture-urbaine-se-preparent-a-feter-leurs-dix-ans-_7-6784430_actu.Htm\" target=\"_blank\" rel=\"noopener\">\u00c0 Rennes, les 48\u00a0heures de l\u2019agriculture urbaine se pr\u00e9parent \u00e0 f\u00eater leurs dix ans<\/a><\/p>\n<p>S\u00e9verine Arnaud a pass\u00e9 de nombreuses ann\u00e9es au Canada. \u00a0Je suis rentr\u00e9 en France en 2016. J\u2019habite en face de la Juteauderie, c\u2019est l\u00e0 que j\u2019ai d\u00e9couvert le parc o\u00f9 j\u2019allais nourrir les animaux pendant l\u2019\u00e9t\u00e9. Les animaux, la nature et la ressourcerie cela repr\u00e9sente toutes ces valeurs que j\u2019ai v\u00e9cues avec mes grands-parents. Je suis engag\u00e9e dans quelque chose d\u2019important pour nous et le futur.\u00a0<\/p>\n<p>Bertrand Peguy partage la m\u00eame philosophie. \u00a0Je souhaitais concr\u00e9tiser sur le terrain mes id\u00e9es avec les moyens d\u2019agir concr\u00e8tement. Aneh \u00e9tait en r\u00e9sonance avec ces valeurs. J\u2019\u00e9tais venu pour me renseigner et je suis ressorti tr\u00e9sorier\u00a0!\u00a0<\/p>\n<p>Lionel Rigaud, le vice-pr\u00e9sident, est venu parce qu\u2019il connaissait une autre b\u00e9n\u00e9vole. \u00a0Le r\u00e9emploi, c\u2019est ma fa\u00e7on de consommer depuis longtemps. La ressourcerie, c\u2019est plus mon domaine. Je donne aussi des coups de main au parc car, malgr\u00e9 les quatre salari\u00e9s, le b\u00e9n\u00e9volat est indispensable pour le parc et la ressourcerie.\u00a0<\/p>\n<p>Au plus pr\u00e8s de la nature<\/p>\n<p>Le parc sera ouvert \u00e0 tous, notamment \u00e0 un public familial et aux enfants. Les visites guid\u00e9es de 45\u00a0minutes sont programm\u00e9es samedi 17\u00a0mai, \u00e0 14\u00a0h\u00a030 et 16\u00a0h, et dimanche 18\u00a0mai, \u00e0 11\u00a0h et 14\u00a0h\u00a030.<\/p>\n<p>\u00a0Nous expliquerons l\u2019int\u00e9r\u00eat et le r\u00f4le de chaque zone, nous pr\u00e9senterons l\u2019inventaire des insectes (en photos) qui vivent dans le parc, soit environ une centaine de vari\u00e9t\u00e9s diff\u00e9rentes, pr\u00e9cise S\u00e9verine Arnaud. Des animations sont pr\u00e9vues avec ateliers de fabrication de nichoirs, ateliers de peinture v\u00e9g\u00e9tale, v\u00e9lo smoothie qui est un v\u00e9lo connect\u00e9 avec un mixeur pour faire des jus de fruits, sensibilisation au r\u00e9emploi dans le jardin et le potager et sensibilisation au compostage et utilisation des d\u00e9chets verts au jardin.\u00a0<\/p>\n<p>La ressourcerie \u00e9largit ses horaires d\u2019ouverture le lundi, vendredi et samedi, de 10\u00a0h \u00e0 12\u00a0h et de 14\u00a0h \u00e0 18\u00a0h et le mercredi de 14\u00a0h \u00e0 18\u00a0h.<\/p>\n<p><strong>Samedi\u00a017 et dimanche 18\u00a0mai 2025,<\/strong> le parc des Juteauderie, 9, rue Charles-Gounod \u00e0 Thorign\u00e9-Fouillard\u00a0; pique nique possible le dimanche midi\u00a0; contact\u00a0: aneth35235@gmail.com<\/p>\n<p>\u00a0<\/p>\n","protected":false},"excerpt":{"rendered":"En 2017, l\u2019association Aneth prend possession d\u2019un d\u00e9laiss\u00e9 de l\u2019autoroute 84\u00a0proche de la Juteauderie, \u00e0 Thorign\u00e9-Fouillard, pr\u00e8s de&hellip;\n","protected":false},"author":2,"featured_media":92449,"comment_status":"","ping_status":"","sticky":false,"template":"","format":"standard","meta":{"footnotes":""},"categories":[2821],"tags":[15649,1111,11,327,829,1777,674,1011,27,6203,15926,7557,12,3086,584,25,4182,15650],"class_list":{"0":"post-92448","1":"post","2":"type-post","3":"status-publish","4":"format-standard","5":"has-post-thumbnail","7":"category-rennes","8":"tag-15649","9":"tag-actu","10":"tag-actualites","11":"tag-agriculture","12":"tag-bretagne","13":"tag-eu","14":"tag-europe","15":"tag-fr","16":"tag-france","17":"tag-heures","18":"tag-lumiere","19":"tag-mettre","20":"tag-news","21":"tag-redon","22":"tag-rennes","23":"tag-republique-francaise","24":"tag-thorigne-fouillard","25":"tag-urbaine"},"share_on_mastodon":{"url":"https:\/\/pubeurope.com\/@fr\/114490780095371756","error":""},"_links":{"self":[{"href":"https:\/\/www.europesays.com\/fr\/wp-json\/wp\/v2\/posts\/92448","targetHints":{"allow":["GET"]}}],"collection":[{"href":"https:\/\/www.europesays.com\/fr\/wp-json\/wp\/v2\/posts"}],"about":[{"href":"https:\/\/www.europesays.com\/fr\/wp-json\/wp\/v2\/types\/post"}],"author":[{"embeddable":true,"href":"https:\/\/www.europesays.com\/fr\/wp-json\/wp\/v2\/users\/2"}],"replies":[{"embeddable":true,"href":"https:\/\/www.europesays.com\/fr\/wp-json\/wp\/v2\/comments?post=92448"}],"version-history":[{"count":0,"href":"https:\/\/www.europesays.com\/fr\/wp-json\/wp\/v2\/posts\/92448\/revisions"}],"wp:featuredmedia":[{"embeddable":true,"href":"https:\/\/www.europesays.com\/fr\/wp-json\/wp\/v2\/media\/92449"}],"wp:attachment":[{"href":"https:\/\/www.europesays.com\/fr\/wp-json\/wp\/v2\/media?parent=92448"}],"wp:term":[{"taxonomy":"category","embeddable":true,"href":"https:\/\/www.europesays.com\/fr\/wp-json\/wp\/v2\/categories?post=92448"},{"taxonomy":"post_tag","embeddable":true,"href":"https:\/\/www.europesays.com\/fr\/wp-json\/wp\/v2\/tags?post=92448"}],"curies":[{"name":"wp","href":"https:\/\/api.w.org\/{rel}","templated":true}]}}