{"id":92460,"date":"2025-05-11T19:15:11","date_gmt":"2025-05-11T19:15:11","guid":{"rendered":"https:\/\/www.europesays.com\/fr\/92460\/"},"modified":"2025-05-11T19:15:11","modified_gmt":"2025-05-11T19:15:11","slug":"au-secours-on-ma-vole-mon-velo-les-conseils-dun-policier","status":"publish","type":"post","link":"https:\/\/www.europesays.com\/fr\/92460\/","title":{"rendered":"\u00ab\u00a0Au secours, on m\u2019a vol\u00e9 mon v\u00e9lo\u00a0\u00bb\u00a0: les conseils d\u2019un policier"},"content":{"rendered":"<p>\u00a0Ce matin, on a restitu\u00e9 \u00e0 une dame son v\u00e9lo, vol\u00e9 dans la nuit du 5 au 6\u00a0mai. Il n\u2019avait pas grande valeur marchande, mais elle \u00e9tait tr\u00e8s heureuse, il lui servait tout de m\u00eame \u00e0 aller travailler\u00a0, sourit le brigadier-chef Ludovic Eudes, responsable de la communication au sein du commissariat central. Le v\u00e9lo en question a \u00e9t\u00e9 retrouv\u00e9 lors d\u2019un faux rendez-vous, organis\u00e9 par la victime accompagn\u00e9e de policiers. \u00a0Dans le domicile du vendeur, on en a retrouv\u00e9 deux autres, l\u2019un d\u2019eux a pu retrouver son propri\u00e9taire aujourd\u2019hui\u00a0, ajoute-t-il. Deux hommes ont \u00e9t\u00e9 interpell\u00e9s dans ce dossier.<\/p>\n<p>V\u00e9lo vol\u00e9, que faire\u00a0?<\/p>\n<p>Vous venez de vous faire d\u00e9rober votre v\u00e9lo\u00a0? \u00a0Le premier r\u00e9flexe, c\u2019est de porter plainte en ligne, sur le site MaS\u00e9curit\u00e9.fr ou appeler le 17\u00a0 d\u00e9taille le brigadier-chef.<\/p>\n<p>\u00a0La victime doit \u00eatre s\u00fbre de l\u2019avoir identifi\u00e9, ce qu\u2019on recommande c\u2019est de le faire marquer d\u00e8s l\u2019achat, de le prendre en photo, de garder la facture\u00a0!\u00a0, explique Ludovic Eudes.<\/p>\n<p>C\u2019est \u00e0 la victime de fixer le rendez-vous<\/p>\n<p>Et alors, si ce v\u00e9lo on le retrouve, sur Le Bon Coin, Paru Vendu, Facebook ou m\u00eame sur un vide-grenier\u00a0? On retourne sur le portail MaS\u00e9curit\u00e9.fr et on ouvre le tchat, pour discuter avec un policier, afin de lui transmettre le lieu o\u00f9 est d\u00e9sormais le v\u00e9lo. \u00a0Dans ce cas, un policier de la brigade anticriminalit\u00e9 (BAC) ou de la brigade sp\u00e9cialis\u00e9e de terrain (BST) vous rappelle\u00a0, indique Ludovic Eudes.<\/p>\n<p>\u00a0C\u2019est \u00e0 vous de fixer le rendez-vous avec le vendeur, en vous pr\u00e9sentant comme un acheteur int\u00e9ress\u00e9\u00a0, ajoute le policier, pr\u00e9cisant\u00a0: \u00a0On vous demande dans l\u2019id\u00e9al de le caler dans un lieu public, si possible couvert de cam\u00e9ras\u00a0.<\/p>\n<p>Le vendeur interpell\u00e9 pour recel de vol<\/p>\n<p>Les policiers accompagnent la personne pour qu\u2019il n\u2019y ait pas de danger pour elle. \u00a0On essaye d\u2019y aller rapidement, le jour m\u00eame ou le lendemain\u00a0, reprend Ludovic Eudes.<\/p>\n<p>Le vendeur est alors interpell\u00e9 pour recel de vol, qui est le fait de d\u00e9tenir ou vendre un objet en sachant qu\u2019il provient d\u2019un vol. Il s\u2019agit d\u2019un d\u00e9lit, m\u00eame si la personne qui se rend responsable de recel n\u2019a pas directement vol\u00e9 le v\u00e9lo.<\/p>\n<p>\u00a0<\/p>\n","protected":false},"excerpt":{"rendered":"\u00a0Ce matin, on a restitu\u00e9 \u00e0 une dame son v\u00e9lo, vol\u00e9 dans la nuit du 5 au 6\u00a0mai.&hellip;\n","protected":false},"author":2,"featured_media":92461,"comment_status":"","ping_status":"","sticky":false,"template":"","format":"standard","meta":{"footnotes":""},"categories":[2818],"tags":[1111,11,2612,1777,674,1011,27,766,12,2636,10910,25,7342,208,9343],"class_list":{"0":"post-92460","1":"post","2":"type-post","3":"status-publish","4":"format-standard","5":"has-post-thumbnail","7":"category-nantes","8":"tag-actu","9":"tag-actualites","10":"tag-conseils","11":"tag-eu","12":"tag-europe","13":"tag-fr","14":"tag-france","15":"tag-nantes","16":"tag-news","17":"tag-pays-de-la-loire","18":"tag-policier","19":"tag-republique-francaise","20":"tag-secours","21":"tag-velo","22":"tag-vole"},"share_on_mastodon":{"url":"https:\/\/pubeurope.com\/@fr\/114490803685330466","error":""},"_links":{"self":[{"href":"https:\/\/www.europesays.com\/fr\/wp-json\/wp\/v2\/posts\/92460","targetHints":{"allow":["GET"]}}],"collection":[{"href":"https:\/\/www.europesays.com\/fr\/wp-json\/wp\/v2\/posts"}],"about":[{"href":"https:\/\/www.europesays.com\/fr\/wp-json\/wp\/v2\/types\/post"}],"author":[{"embeddable":true,"href":"https:\/\/www.europesays.com\/fr\/wp-json\/wp\/v2\/users\/2"}],"replies":[{"embeddable":true,"href":"https:\/\/www.europesays.com\/fr\/wp-json\/wp\/v2\/comments?post=92460"}],"version-history":[{"count":0,"href":"https:\/\/www.europesays.com\/fr\/wp-json\/wp\/v2\/posts\/92460\/revisions"}],"wp:featuredmedia":[{"embeddable":true,"href":"https:\/\/www.europesays.com\/fr\/wp-json\/wp\/v2\/media\/92461"}],"wp:attachment":[{"href":"https:\/\/www.europesays.com\/fr\/wp-json\/wp\/v2\/media?parent=92460"}],"wp:term":[{"taxonomy":"category","embeddable":true,"href":"https:\/\/www.europesays.com\/fr\/wp-json\/wp\/v2\/categories?post=92460"},{"taxonomy":"post_tag","embeddable":true,"href":"https:\/\/www.europesays.com\/fr\/wp-json\/wp\/v2\/tags?post=92460"}],"curies":[{"name":"wp","href":"https:\/\/api.w.org\/{rel}","templated":true}]}}