{"id":92474,"date":"2025-05-11T19:23:07","date_gmt":"2025-05-11T19:23:07","guid":{"rendered":"https:\/\/www.europesays.com\/fr\/92474\/"},"modified":"2025-05-11T19:23:07","modified_gmt":"2025-05-11T19:23:07","slug":"on-essaye-de-deceler-de-quoi-sont-composees-les-exoplanetes","status":"publish","type":"post","link":"https:\/\/www.europesays.com\/fr\/92474\/","title":{"rendered":"On essaye de d\u00e9celer de quoi sont compos\u00e9es les exoplan\u00e8tes"},"content":{"rendered":"<p>Dans le cadre de la 3e \u00e9dition du <a href=\"https:\/\/www.laprovence.com\/actu\/en-direct\/3531935276235215\/marseille-un-festival-d-astronomie-pour-s-emerveiller-de-la-beaute-du-ciel-nocturne\" target=\"_blank\" rel=\"nofollow noopener\">Festival d&rsquo;astronomie de Provence<\/a>, une conf\u00e9rence a eu lieu \u00e0 l&rsquo;\u00c9tincelle sur le th\u00e8me des <a href=\"https:\/\/www.laprovence.com\/article\/region\/5444373714816614\/plusieurs-exoplanetes-particulieres-decouvertes-grace-aux-donnees-de-lobservatoire-de-haute-provence\" target=\"_blank\" rel=\"nofollow noopener\">exoplan\u00e8tes<\/a> vues du <a href=\"https:\/\/www.laprovence.com\/article\/france-monde\/1254613224981316\/telescope-james-webb-des-prouesses-et-des-promesses\" target=\"_blank\" rel=\"nofollow noopener\">t\u00e9lescope spatial James Webb<\/a>. La salle de conf\u00e9rences \u00e9tait bond\u00e9e et l&rsquo;astronome \u00c9lodie Choquet a su partager avec beaucoup de p\u00e9dagogie, les r\u00e9v\u00e9lations du plus grand t\u00e9lescope et le plus complexe jamais envoy\u00e9 dans l&rsquo;espace. Nous avons voulu en savoir plus aupr\u00e8s de cette jeune scientifique.<\/p>\n<p><strong>Quels sont les sujets principaux de vos recherches en tant qu&rsquo;astronome\u00a0?<\/strong>&#13;\n<\/p>\n<p>Notre principale activit\u00e9 au <a href=\"https:\/\/www.laprovence.com\/article\/region\/3778426066950615\/sciences-5-choses-a-savoir-sur-le-laboratoire-d-astrophysique-de-marseille\" target=\"_blank\" rel=\"nofollow noopener\">laboratoire d&rsquo;astrophysique de Marseille<\/a> (LAM) consiste \u00e0 essayer de d\u00e9celer de quoi sont compos\u00e9es ces exoplan\u00e8tes gr\u00e2ce \u00e0 des m\u00e9thodes de traitement d&rsquo;images notamment.<\/p>\n<p><strong>Est-ce important pour vous de pr\u00e9senter vos recherches au plus grand nombre dans de petites communes\u00a0?<\/strong>&#13;\n<\/p>\n<p>Cette mission de vulgarisation est importante gr\u00e2ce notamment au festival. Nous accueillons aussi des \u00e9coles, on organise des parrainages ainsi que la r\u00e9ception du public au moment de la f\u00eate de la science en particulier.<\/p>\n<p><strong>Quelles sont les derni\u00e8res informations majeures r\u00e9v\u00e9l\u00e9es par le t\u00e9lescope spatial James Webb\u00a0?<\/strong>&#13;\n<\/p>\n<p>Ce t\u00e9lescope a \u00e9t\u00e9 construit en 11 ans et poss\u00e8de un miroir de 6,5\u00a0m de diam\u00e8tre, il permet d&rsquo;appr\u00e9hender les atmosph\u00e8res des exoplan\u00e8tes, leur masse, leur temp\u00e9rature m\u00eame si on ne per\u00e7oit qu&rsquo;un point. Ces plan\u00e8tes sont \u00e0 12\/13 ann\u00e9es-lumi\u00e8re voire plus. Une ann\u00e9e-lumi\u00e8re correspond \u00e0 900\u00a0milliards de km environ. \u00c0 ce jour on n&rsquo;a pas encore d\u00e9couvert une plan\u00e8te avec la m\u00eame atmosph\u00e8re que la Terre, il faudra un t\u00e9lescope encore plus puissant.<\/p>\n","protected":false},"excerpt":{"rendered":"Dans le cadre de la 3e \u00e9dition du Festival d&rsquo;astronomie de Provence, une conf\u00e9rence a eu lieu \u00e0&hellip;\n","protected":false},"author":2,"featured_media":92475,"comment_status":"","ping_status":"","sticky":false,"template":"","format":"standard","meta":{"footnotes":""},"categories":[2814],"tags":[17,1111,11,20436,20435,20438,20361,20437,1777,674,1011,27,884,12,5241,882,5577,25,104],"class_list":{"0":"post-92474","1":"post","2":"type-post","3":"status-publish","4":"format-standard","5":"has-post-thumbnail","7":"category-marseille","8":"tag-17","9":"tag-actu","10":"tag-actualites","11":"tag-astronome","12":"tag-choquet","13":"tag-deceler","14":"tag-elodie","15":"tag-essaye","16":"tag-eu","17":"tag-europe","18":"tag-fr","19":"tag-france","20":"tag-marseille","21":"tag-news","22":"tag-on","23":"tag-provence-alpes-cote-dazur","24":"tag-quoi","25":"tag-republique-francaise","26":"tag-societe"},"share_on_mastodon":{"url":"https:\/\/pubeurope.com\/@fr\/114490835484929180","error":""},"_links":{"self":[{"href":"https:\/\/www.europesays.com\/fr\/wp-json\/wp\/v2\/posts\/92474","targetHints":{"allow":["GET"]}}],"collection":[{"href":"https:\/\/www.europesays.com\/fr\/wp-json\/wp\/v2\/posts"}],"about":[{"href":"https:\/\/www.europesays.com\/fr\/wp-json\/wp\/v2\/types\/post"}],"author":[{"embeddable":true,"href":"https:\/\/www.europesays.com\/fr\/wp-json\/wp\/v2\/users\/2"}],"replies":[{"embeddable":true,"href":"https:\/\/www.europesays.com\/fr\/wp-json\/wp\/v2\/comments?post=92474"}],"version-history":[{"count":0,"href":"https:\/\/www.europesays.com\/fr\/wp-json\/wp\/v2\/posts\/92474\/revisions"}],"wp:featuredmedia":[{"embeddable":true,"href":"https:\/\/www.europesays.com\/fr\/wp-json\/wp\/v2\/media\/92475"}],"wp:attachment":[{"href":"https:\/\/www.europesays.com\/fr\/wp-json\/wp\/v2\/media?parent=92474"}],"wp:term":[{"taxonomy":"category","embeddable":true,"href":"https:\/\/www.europesays.com\/fr\/wp-json\/wp\/v2\/categories?post=92474"},{"taxonomy":"post_tag","embeddable":true,"href":"https:\/\/www.europesays.com\/fr\/wp-json\/wp\/v2\/tags?post=92474"}],"curies":[{"name":"wp","href":"https:\/\/api.w.org\/{rel}","templated":true}]}}