{"id":92476,"date":"2025-05-11T19:24:15","date_gmt":"2025-05-11T19:24:15","guid":{"rendered":"https:\/\/www.europesays.com\/fr\/92476\/"},"modified":"2025-05-11T19:24:15","modified_gmt":"2025-05-11T19:24:15","slug":"premiere-ligue-le-rc-lens-et-lolympique-de-marseille-promus-dans-lelite-du-football","status":"publish","type":"post","link":"https:\/\/www.europesays.com\/fr\/92476\/","title":{"rendered":"Premi\u00e8re Ligue. Le RC Lens et l\u2019Olympique de Marseille promus dans l\u2019\u00e9lite du football"},"content":{"rendered":"<p>Les \u00e9quipes f\u00e9minines de l\u2019Olympique de Marseille et du RC Lens ont obtenu dimanche leur promotion en Premi\u00e8re Ligue, la premi\u00e8re division, gr\u00e2ce \u00e0 leurs succ\u00e8s respectifs sur la pelouse de Saint-Malo (3-1) et Toulouse (3-2).<\/p>\n<p>Alors qu\u2019il reste une journ\u00e9e \u00e0 jouer, Lens (1er, 45\u00a0points) et Marseille (2e, 42\u00a0pts), ne peuvent plus \u00eatre rattrap\u00e9s par leurs poursuivantes.<\/p>\n<p>L\u2019\u00e9quipe f\u00e9minine de l\u2019OM avait \u00e9t\u00e9 <a href=\"https:\/\/paris.maville.com\/sport\/detail_-football.-d1-feminine-marseille-et-metz-relegues-lyon-de-nouveau-champion_54135-4085756_actu.Htm\" target=\"_self\" rel=\"nofollow noopener\">rel\u00e9gu\u00e9e en deuxi\u00e8me division \u00e0 la fin de la saison 2019-2020<\/a> et n\u2019\u00e9tait plus parvenue \u00e0 remonter depuis.<\/p>\n<p>Une ambition du pr\u00e9sident Pablo Longoria<\/p>\n<p>Apr\u00e8s avoir disparu \u00e0 la fin des ann\u00e9es 1980, la section f\u00e9minine avait \u00e9t\u00e9 relanc\u00e9e en 2012 et \u00e9tait repartie tout en bas de l\u2019\u00e9chelle, au niveau d\u00e9partemental. Dans l\u2019histoire r\u00e9cente, son meilleur r\u00e9sultat est une 4e place en premi\u00e8re division en 2017.<\/p>\n<p>Lors de la d\u00e9signation en septembre de l\u2019Italo-Argentin Stefano Petruzzo en tant que Directeur G\u00e9n\u00e9ral de la section f\u00e9minine, le pr\u00e9sident de l\u2019OM Pablo Longoria avait redit son <strong>\u00ab\u00a0ambition [\u2026] de voir l\u2019\u00e9quipe premi\u00e8re retrouver, dans les meilleurs d\u00e9lais, l\u2019\u00e9lite du football fran\u00e7ais\u00a0\u00bb<\/strong>.<\/p>\n<p>Chez les hommes comme chez les femmes, l\u2019OM disputera le week-end prochain un dernier match de championnat sans enjeu autre que symbolique.<\/p>\n<p><strong>Lire aussi\u00a0:<\/strong> <a href=\"https:\/\/www.ouest-france.fr\/sport\/football\/olympique-lyonnais\/direct-lyon-dijon-suivez-la-demi-finale-de-premiere-ligue-de-lol-en-live-7942d357-c34f-4554-8338-181cf374e82e\" target=\"_self\" rel=\"nofollow noopener\">Premi\u00e8re Ligue. Sans trembler, l\u2019OL se qualifie en finale en dominant Dijon<\/a><\/p>\n<p>L\u2019\u00e9quipe f\u00e9minine recevra Toulouse avec un mince espoir d\u2019obtenir le titre de championne de France de D2, alors que l\u2019\u00e9quipe masculine, qualifi\u00e9e samedi pour la Ligue des Champions, accueillera Rennes et tentera de conserver sa place de dauphin du Paris SG.<\/p>\n<p>\u00a0<\/p>\n","protected":false},"excerpt":{"rendered":"Les \u00e9quipes f\u00e9minines de l\u2019Olympique de Marseille et du RC Lens ont obtenu dimanche leur promotion en Premi\u00e8re&hellip;\n","protected":false},"author":2,"featured_media":92477,"comment_status":"","ping_status":"","sticky":false,"template":"","format":"standard","meta":{"footnotes":""},"categories":[2814],"tags":[1111,11,3809,1465,1777,674,63,1011,27,1792,1922,884,12,882,25,479,3728,517,1470],"class_list":{"0":"post-92476","1":"post","2":"type-post","3":"status-publish","4":"format-standard","5":"has-post-thumbnail","7":"category-marseille","8":"tag-actu","9":"tag-actualites","10":"tag-ball","11":"tag-basket","12":"tag-eu","13":"tag-europe","14":"tag-football","15":"tag-fr","16":"tag-france","17":"tag-handball","18":"tag-info","19":"tag-marseille","20":"tag-news","21":"tag-provence-alpes-cote-dazur","22":"tag-republique-francaise","23":"tag-rugby","24":"tag-saint-malo","25":"tag-sport","26":"tag-volley"},"share_on_mastodon":{"url":"https:\/\/pubeurope.com\/@fr\/114490839151366610","error":""},"_links":{"self":[{"href":"https:\/\/www.europesays.com\/fr\/wp-json\/wp\/v2\/posts\/92476","targetHints":{"allow":["GET"]}}],"collection":[{"href":"https:\/\/www.europesays.com\/fr\/wp-json\/wp\/v2\/posts"}],"about":[{"href":"https:\/\/www.europesays.com\/fr\/wp-json\/wp\/v2\/types\/post"}],"author":[{"embeddable":true,"href":"https:\/\/www.europesays.com\/fr\/wp-json\/wp\/v2\/users\/2"}],"replies":[{"embeddable":true,"href":"https:\/\/www.europesays.com\/fr\/wp-json\/wp\/v2\/comments?post=92476"}],"version-history":[{"count":0,"href":"https:\/\/www.europesays.com\/fr\/wp-json\/wp\/v2\/posts\/92476\/revisions"}],"wp:featuredmedia":[{"embeddable":true,"href":"https:\/\/www.europesays.com\/fr\/wp-json\/wp\/v2\/media\/92477"}],"wp:attachment":[{"href":"https:\/\/www.europesays.com\/fr\/wp-json\/wp\/v2\/media?parent=92476"}],"wp:term":[{"taxonomy":"category","embeddable":true,"href":"https:\/\/www.europesays.com\/fr\/wp-json\/wp\/v2\/categories?post=92476"},{"taxonomy":"post_tag","embeddable":true,"href":"https:\/\/www.europesays.com\/fr\/wp-json\/wp\/v2\/tags?post=92476"}],"curies":[{"name":"wp","href":"https:\/\/api.w.org\/{rel}","templated":true}]}}