{"id":924824,"date":"2026-05-11T02:39:10","date_gmt":"2026-05-11T02:39:10","guid":{"rendered":"https:\/\/www.europesays.com\/fr\/924824\/"},"modified":"2026-05-11T02:39:10","modified_gmt":"2026-05-11T02:39:10","slug":"nationale-4-masculine-un-jour-sans-pour-le-tc-bressuire-face-au-tc-larmor-plage-de-yoann-gourcuff","status":"publish","type":"post","link":"https:\/\/www.europesays.com\/fr\/924824\/","title":{"rendered":"Nationale 4 masculine. Un jour sans pour le TC Bressuire, face au TC Larmor-Plage de&#8230; Yoann Gourcuff"},"content":{"rendered":"<p>La m\u00e9t\u00e9o tr\u00e8s pluvieuse oblige les acteurs \u00e0 se replier en int\u00e9rieur tout au long de la journ\u00e9e. L\u2019absence prolong\u00e9e du leader de l\u2019\u00e9quipe, le Belge Romain Faucon, oblige encore au remaniement de l\u2019effectif du <a href=\"https:\/\/www.ouest-france.fr\/sport\/tennis\/on-pense-tennis-pendant-dix-jours-adrien-effectue-ses-premiers-pas-comme-directeur-de-tournoi-91501292-ad9d-11f0-b75e-b80ca3a1c619\" target=\"_self\" rel=\"nofollow noopener\">capitaine Adrien Lemoine<\/a>. Ainsi, ce sont Brian Harpin\u00a0(3\/6), Valentin Congiu\u00a0(15), Adrien Lemoine\u00a0(15) et Wilson Leven Nadal\u00a0(3\/6) qui \u0153uvrent en simple, tandis que les paires Harpin\u00a0&#8211;\u00a0Martin Girardeau\u00a0(15) et Lemoine\u00a0&#8211;\u00a0Julien Series\u00a0(15\/1) bataillent en double.<\/p>\n<p><strong>&gt; LIRE AUSSI.<\/strong>\u00a0<a href=\"https:\/\/www.ouest-france.fr\/sport\/tennis\/tennis-n4m-on-est-sur-un-objectif-de-maintien-adrien-lemoine-le-capitaine-de-bressuire-se-veut-prudent-1ced8bfc-3e3c-11f1-9f14-5006fd1ed889\" target=\"_self\" rel=\"nofollow noopener\">Tennis &#8211; N4M. \u00ab On est sur un objectif de maintien \u00bb : Adrien Lemoine, le capitaine de Bressuire, se veut prudent<\/a><\/p>\n<p>        Yoann Gourcuff en face<\/p>\n<p>Dans le simple n\u00b01, Leven Nadal a bien r\u00e9sist\u00e9 \u00e0 Aubry\u00a0(1\/6) en s\u2019inclinant en deux manches apr\u00e8s une lutte acharn\u00e9e d\u2019un bout \u00e0 l\u2019autre de la rencontre. Le second simple opposait le local Portebois\u00a0(2\/6) \u00e0\u00a0Harpin, le score de 6-3, 6-2 refl\u00e9tant sans discussion l\u2019\u00e9cart entre les deux joueurs La logique a \u00e9t\u00e9 respect\u00e9e, conc\u00e8de Adrien Lemoine qui, lui, s\u2019est inclin\u00e9 au terme d\u2019un match accroch\u00e9 contre <a href=\"https:\/\/www.ouest-france.fr\/sport\/football\/yoann-gourcuff\/entretien-1-2-yoann-gourcuff-japprecie-pleinement-ma-nouvelle-vie-e26be120-e026-11ed-85f8-8628b3aa7259\" target=\"_blank\" rel=\"nofollow noopener\">l\u2019ancienne star du football breton Yoann Gourcuff<\/a>\u00a0(5\/6)\u00a0: 6-3, 7-6. Men\u00e9 4-0, je reviens dans la partie et prends les devants 5-4, sans r\u00e9ussir \u00e0 conclure par deux fois, pour finalement \u00e9chouer au tie-break avec quelques maladresses.<\/p>\n<p><strong>&gt; LIRE AUSSI.<\/strong>\u00a0<a href=\"https:\/\/www.ouest-france.fr\/sport\/tennis\/tennis-cetait-intense-adrien-lemoine-fait-le-bilan-de-son-premier-top-10-12-comme-directeur-9c83a63c-b3ed-11f0-b69a-6e4ddcc8cd29\" target=\"_self\" rel=\"nofollow noopener\">Tennis. \u00ab C\u2019\u00e9tait intense \u00bb : Adrien Lemoine fait le bilan de son premier Top 10-12 comme directeur<\/a><\/p>\n<p>Le jeune Congiu a rendu quant \u00e0 lui les armes contre Chaleil\u00a0(4\/6) apr\u00e8s une opposition de plus de trois heures\u00a0: 5-7, 7-5, 6-1. Valentin finit cramp\u00e9, c\u2019est pour dire toute l\u2019\u00e9nergie qu\u2019il a mise dans ce match pour gratter quelque chose, commente encore le capitaine Adrien Lemoine.<\/p>\n<p>Enfin, les deux doubles se sont av\u00e9r\u00e9s \u00e0\u00a0sens unique, ce qui a contraint les Bressuirais \u00e0 rentrer bredouilles de Bretagne.<\/p>\n<p>        LA FICHE<\/p>\n<p><strong class=\"date\">Simples. <\/strong> Leven Nadal perd Aubry 4-6, 5-7\u00a0; Portebois bat Harpin perd Portebois 3-6, 2-6\u00a0; Congiu perd Chaleil 7-5, 5-7, 1-6\u00a0; Lemoine perd Gourcuff 3-6, 6-7.<\/p>\n<p><strong class=\"date\">Doubles.<\/strong> Harpin\u00a0&#8211;\u00a0Girardeau perdent Aubry\u00a0&#8211;\u00a0Portebois 1-6, 4-6\u00a0; Lemoine\u00a0&#8211;\u00a0Series perdent Masselis\u00a0&#8211;\u00a0Th\u00e9baud 6-3, 3-6, 6-10.<\/p>\n","protected":false},"excerpt":{"rendered":"La m\u00e9t\u00e9o tr\u00e8s pluvieuse oblige les acteurs \u00e0 se replier en int\u00e9rieur tout au long de la journ\u00e9e.&hellip;\n","protected":false},"author":2,"featured_media":924825,"comment_status":"","ping_status":"","sticky":false,"template":"","format":"standard","meta":{"footnotes":"","_share_on_mastodon":"0"},"categories":[1415],"tags":[6753,2545,1011,27,93461,3729,517,60,1467,96],"class_list":["post-924824","post","type-post","status-publish","format-standard","has-post-thumbnail","category-tennis","tag-bressuire","tag-deux-sevres","tag-fr","tag-france","tag-larmor-plage","tag-morbihan","tag-sport","tag-sports","tag-tennis","tag-une"],"share_on_mastodon":{"url":"https:\/\/pubeurope.com\/@fr\/116553630748251058","error":""},"_links":{"self":[{"href":"https:\/\/www.europesays.com\/fr\/wp-json\/wp\/v2\/posts\/924824","targetHints":{"allow":["GET"]}}],"collection":[{"href":"https:\/\/www.europesays.com\/fr\/wp-json\/wp\/v2\/posts"}],"about":[{"href":"https:\/\/www.europesays.com\/fr\/wp-json\/wp\/v2\/types\/post"}],"author":[{"embeddable":true,"href":"https:\/\/www.europesays.com\/fr\/wp-json\/wp\/v2\/users\/2"}],"replies":[{"embeddable":true,"href":"https:\/\/www.europesays.com\/fr\/wp-json\/wp\/v2\/comments?post=924824"}],"version-history":[{"count":0,"href":"https:\/\/www.europesays.com\/fr\/wp-json\/wp\/v2\/posts\/924824\/revisions"}],"wp:featuredmedia":[{"embeddable":true,"href":"https:\/\/www.europesays.com\/fr\/wp-json\/wp\/v2\/media\/924825"}],"wp:attachment":[{"href":"https:\/\/www.europesays.com\/fr\/wp-json\/wp\/v2\/media?parent=924824"}],"wp:term":[{"taxonomy":"category","embeddable":true,"href":"https:\/\/www.europesays.com\/fr\/wp-json\/wp\/v2\/categories?post=924824"},{"taxonomy":"post_tag","embeddable":true,"href":"https:\/\/www.europesays.com\/fr\/wp-json\/wp\/v2\/tags?post=924824"}],"curies":[{"name":"wp","href":"https:\/\/api.w.org\/{rel}","templated":true}]}}