{"id":92487,"date":"2025-05-11T19:31:09","date_gmt":"2025-05-11T19:31:09","guid":{"rendered":"https:\/\/www.europesays.com\/fr\/92487\/"},"modified":"2025-05-11T19:31:09","modified_gmt":"2025-05-11T19:31:09","slug":"paris-une-jeune-femme-se-tue-en-chutant-du-toit-du-pantheon","status":"publish","type":"post","link":"https:\/\/www.europesays.com\/fr\/92487\/","title":{"rendered":"Paris\u00a0: une jeune femme se tue en chutant du toit du Panth\u00e9on"},"content":{"rendered":"<p class=\"paragraph text_align_left\">Un accident ? Un suicide ? On ne conna\u00eet pas encore les raisons de la chute dont a \u00e9t\u00e9 victime ce dimanche en fin d\u2019apr\u00e8s-midi une jeune femme de 18 ans. Toujours est-il qu\u2019elle est tomb\u00e9e du toit du <a href=\"https:\/\/www.leparisien.fr\/societe\/le-resistant-et-historien-marc-bloch-va-entrer-au-pantheon-annonce-emmanuel-macron-23-11-2024-N5MVDMV355GIBH4WRN6O5WYR4Q.php\" target=\"_blank\" rel=\"nofollow noopener\">Panth\u00e9on<\/a> \u00e0 Paris (Ve). Elle s\u2019est retrouv\u00e9e au pied des marches, dans l\u2019enceinte du monument national.<\/p>\n<p class=\"paragraph text_align_left\">Rapidement sur place, les secours l\u2019ont prise en charge. D\u2019apr\u00e8s les pompiers, qui sont intervenus avec le Samu, elle se trouvait alors en urgence absolue. \u00ab On ne sait pas de quelle hauteur elle a chut\u00e9 \u00bb, ajoute le m\u00eame officier. Plusieurs massages cardiaques lui ont \u00e9t\u00e9 prodigu\u00e9s sur place. En vain, d\u2019apr\u00e8s une autre source.<\/p>\n<p>\u00ab Nous n\u2019avons pas trouv\u00e9 de t\u00e9moin visuel \u00bb, glisse une source proche de l\u2019enqu\u00eate<\/p>\n<p class=\"paragraph text_align_left\">Un drap blanc \u00e9tait encore dispos\u00e9 ce dimanche en fin d\u2019apr\u00e8s-midi au pied des marches. La victime aurait \u00e9chapp\u00e9 \u00e0 la vigilance des agents de s\u00e9curit\u00e9 en empruntant une aile ferm\u00e9e au public. C\u2019est de l\u00e0 qu\u2019elle est parvenue \u00e0 atteindre le toit de l\u2019\u00e9difice. Que s\u2019est-il pass\u00e9 ensuite ? On l\u2019ignore. \u00ab Nous n\u2019avons pas trouv\u00e9 de t\u00e9moin visuel \u00bb, pr\u00e9cise une source proche de l\u2019enqu\u00eate.<\/p>\n<p class=\"paragraph text_align_left\">Les forces de l\u2019ordre ont boucl\u00e9 le secteur aux automobilistes pour permettre aux secouristes de travailler dans de bonnes conditions. \u00c9norm\u00e9ment de badauds se trouvaient encore autour du monument, qui reste ouvert jusqu\u2019\u00e0 18h30 le dimanche. \u00ab Comment a-t-elle pu monter aussi haut sans qu\u2019on s\u2019en rende compte ? \u00bb, s\u2019interrogeait un touriste.<\/p>\n","protected":false},"excerpt":{"rendered":"Un accident ? Un suicide ? On ne conna\u00eet pas encore les raisons de la chute dont a&hellip;\n","protected":false},"author":2,"featured_media":92488,"comment_status":"","ping_status":"","sticky":false,"template":"","format":"standard","meta":{"footnotes":""},"categories":[1888],"tags":[11,1777,674,1011,27,1944,12,626,25],"class_list":{"0":"post-92487","1":"post","2":"type-post","3":"status-publish","4":"format-standard","5":"has-post-thumbnail","7":"category-paris","8":"tag-actualites","9":"tag-eu","10":"tag-europe","11":"tag-fr","12":"tag-france","13":"tag-ma-ville","14":"tag-news","15":"tag-paris","16":"tag-republique-francaise"},"share_on_mastodon":{"url":"https:\/\/pubeurope.com\/@fr\/114490866619979806","error":""},"_links":{"self":[{"href":"https:\/\/www.europesays.com\/fr\/wp-json\/wp\/v2\/posts\/92487","targetHints":{"allow":["GET"]}}],"collection":[{"href":"https:\/\/www.europesays.com\/fr\/wp-json\/wp\/v2\/posts"}],"about":[{"href":"https:\/\/www.europesays.com\/fr\/wp-json\/wp\/v2\/types\/post"}],"author":[{"embeddable":true,"href":"https:\/\/www.europesays.com\/fr\/wp-json\/wp\/v2\/users\/2"}],"replies":[{"embeddable":true,"href":"https:\/\/www.europesays.com\/fr\/wp-json\/wp\/v2\/comments?post=92487"}],"version-history":[{"count":0,"href":"https:\/\/www.europesays.com\/fr\/wp-json\/wp\/v2\/posts\/92487\/revisions"}],"wp:featuredmedia":[{"embeddable":true,"href":"https:\/\/www.europesays.com\/fr\/wp-json\/wp\/v2\/media\/92488"}],"wp:attachment":[{"href":"https:\/\/www.europesays.com\/fr\/wp-json\/wp\/v2\/media?parent=92487"}],"wp:term":[{"taxonomy":"category","embeddable":true,"href":"https:\/\/www.europesays.com\/fr\/wp-json\/wp\/v2\/categories?post=92487"},{"taxonomy":"post_tag","embeddable":true,"href":"https:\/\/www.europesays.com\/fr\/wp-json\/wp\/v2\/tags?post=92487"}],"curies":[{"name":"wp","href":"https:\/\/api.w.org\/{rel}","templated":true}]}}