{"id":92490,"date":"2025-05-11T19:34:08","date_gmt":"2025-05-11T19:34:08","guid":{"rendered":"https:\/\/www.europesays.com\/fr\/92490\/"},"modified":"2025-05-11T19:34:08","modified_gmt":"2025-05-11T19:34:08","slug":"la-pologne-accuse-les-services-de-renseignement-russes-davoir-ordonne-un-grand-incendie-a-varsovie-en-2024","status":"publish","type":"post","link":"https:\/\/www.europesays.com\/fr\/92490\/","title":{"rendered":"La Pologne accuse les services de renseignement russes d&rsquo;avoir ordonn\u00e9 un grand incendie \u00e0 Varsovie en 2024"},"content":{"rendered":"<p>Un incendie avait enti\u00e8rement d\u00e9truit dans la capitale polonaise une grande halle avec 1400 petits commerces. Les autorit\u00e9s avaient rapidement lanc\u00e9 une enqu\u00eate d\u2019envergure, mais avaient jusqu\u2019alors refus\u00e9 toute mise en cause de Moscou.<\/p>\n<p class=\"fig-paragraph\">Les autorit\u00e9s polonaises ont accus\u00e9 dimanche les services de renseignement russes d&rsquo;avoir commandit\u00e9 un incendie qui a d\u00e9truit une grande halle avec des commerces l&rsquo;an dernier \u00e0 Varsovie. Depuis le d\u00e9but de\u00a0<a href=\"http:\/\/www.lefigaro.fr\/international\/guerre-en-ukraine-les-occidentaux-unis-pour-contraindre-la-russie-au-cessez-le-feu-20250511\" data-fig-type=\"Article\" data-gtm-custom-categorie=\"navigation\" data-gtm-custom-action=\"crossclick\" data-gtm-custom-label=\"Contextuel\" data-gtm-event=\"customEventSPE\" data-fig-domain=\"LEFIGARO\" target=\"_blank\" rel=\"noopener\">l&rsquo;agression russe contre l&rsquo;Ukraine<\/a>\u00a0en f\u00e9vrier 2022, la Pologne, fid\u00e8le alli\u00e9e de Kiev, dit \u00eatre la cible de tentatives d&rsquo;actes de sabotage orchestr\u00e9s, selon elle, par la Russie.<\/p>\n<p class=\"fig-paragraph\">En mai 2024, un incendie a enti\u00e8rement d\u00e9truit dans la capitale polonaise une grande halle avec 1400 petits commerces, principalement d\u00e9tenus par les membres de la communaut\u00e9 vietnamienne. Imm\u00e9diatement, les autorit\u00e9s ont lanc\u00e9 une enqu\u00eate d&rsquo;envergure, mais avaient jusqu&rsquo;alors refus\u00e9 toute mise en cause de Moscou.<\/p>\n<p class=\"fig-paragraph\">\u00abNous savons maintenant, sur la base des preuves recueillies, que l&rsquo;incendie est le r\u00e9sultat d&rsquo;un incendie criminel ordonn\u00e9 par les services sp\u00e9ciaux russes\u00bb, ont indiqu\u00e9 dimanche les minist\u00e8res de la Justice et de l&rsquo;Int\u00e9rieur, responsable des services sp\u00e9ciaux, dans un communiqu\u00e9 commun publi\u00e9 sur X.<\/p>\n<p class=\"fig-paragraph\">Varsovie indique dans ce communiqu\u00e9 avoir \u00abune connaissance approfondie de l&rsquo;ordre et du d\u00e9roulement de l&rsquo;incendie et de la mani\u00e8re dont il a \u00e9t\u00e9 document\u00e9 par les auteurs\u00bb. \u00abLeurs actions ont \u00e9t\u00e9 organis\u00e9es et dirig\u00e9es par une personne identifi\u00e9e r\u00e9sidant dans la F\u00e9d\u00e9ration de Russie\u00bb, indique encore le texte. Selon le communiqu\u00e9, \u00abcertains des auteurs sont d\u00e9j\u00e0 en d\u00e9tention, les autres sont identifi\u00e9s et recherch\u00e9s\u00bb. Les services polonais ont encore indiqu\u00e9 coop\u00e9rer \u00abavec la Lituanie, o\u00f9 certains des auteurs ont \u00e9galement men\u00e9 des activit\u00e9s de diversion\u00bb.<\/p>\n<p>\u00abGuerre hybride\u00bb<\/p>\n<p class=\"fig-paragraph\">Depuis l&rsquo;invasion russe de l&rsquo;Ukraine, la Pologne a interpell\u00e9 et condamn\u00e9 plusieurs personnes soup\u00e7onn\u00e9es d&rsquo;actes de sabotage pour le compte des services de renseignement russes, et accus\u00e9es de passages \u00e0 tabac, d&rsquo;incendies ou de tentatives d&rsquo;incendies criminels.<\/p>\n<p class=\"fig-paragraph\">En mai 2024, la Pologne a d\u00e9cid\u00e9 d&rsquo;imposer des restrictions aux d\u00e9placements des diplomates russes sur son sol en raison de \u00abl&rsquo;implication\u00bb de Moscou dans \u00abune guerre hybride\u00bb. Et cinq mois plus tard, Varsovie a ordonn\u00e9 la fermeture du consulat russe \u00e0 Poznan (Ouest), accusant Moscou d&rsquo;organiser des \u00abtentatives de sabotage\u00bb.<\/p>\n<p class=\"fig-paragraph\">En d\u00e9cembre, la diplomatie polonaise s&rsquo;est d\u00e9clar\u00e9e pr\u00eate \u00e0 fermer tous les consulats russes en Pologne si des actes de \u00abterrorisme\u00bb se poursuivaient. En guise de repr\u00e9sailles, la Russie a ferm\u00e9 en janvier le consulat polonais \u00e0 Saint-P\u00e9tersbourg. Frontali\u00e8re de l&rsquo;Ukraine, la Pologne &#8211; membre de l&rsquo;Otan et de l&rsquo;Union europ\u00e9enne &#8211; est l&rsquo;un des principaux pays par lesquels les \u00c9tats occidentaux acheminent des armes et des munitions \u00e0 Kiev, pour l&rsquo;aider \u00e0 lutter contre l&rsquo;invasion russe.<\/p>\n","protected":false},"excerpt":{"rendered":"Un incendie avait enti\u00e8rement d\u00e9truit dans la capitale polonaise une grande halle avec 1400 petits commerces. Les autorit\u00e9s&hellip;\n","protected":false},"author":2,"featured_media":92491,"comment_status":"","ping_status":"","sticky":false,"template":"","format":"standard","meta":{"footnotes":""},"categories":[1591],"tags":[259,11,260,1887,14,261,12,262,2437,1885,1886,132],"class_list":{"0":"post-92490","1":"post","2":"type-post","3":"status-publish","4":"format-standard","5":"has-post-thumbnail","7":"category-russie","8":"tag-actualite-internationale","9":"tag-actualites","10":"tag-affaires-etrangeres","11":"tag-federation-de-russie","12":"tag-international","13":"tag-ministere-des-affaires-etrangeres","14":"tag-news","15":"tag-politique-etrangere","16":"tag-pologne","17":"tag-russia","18":"tag-russian-federation","19":"tag-russie"},"share_on_mastodon":{"url":"https:\/\/pubeurope.com\/@fr\/114490878420591318","error":""},"_links":{"self":[{"href":"https:\/\/www.europesays.com\/fr\/wp-json\/wp\/v2\/posts\/92490","targetHints":{"allow":["GET"]}}],"collection":[{"href":"https:\/\/www.europesays.com\/fr\/wp-json\/wp\/v2\/posts"}],"about":[{"href":"https:\/\/www.europesays.com\/fr\/wp-json\/wp\/v2\/types\/post"}],"author":[{"embeddable":true,"href":"https:\/\/www.europesays.com\/fr\/wp-json\/wp\/v2\/users\/2"}],"replies":[{"embeddable":true,"href":"https:\/\/www.europesays.com\/fr\/wp-json\/wp\/v2\/comments?post=92490"}],"version-history":[{"count":0,"href":"https:\/\/www.europesays.com\/fr\/wp-json\/wp\/v2\/posts\/92490\/revisions"}],"wp:featuredmedia":[{"embeddable":true,"href":"https:\/\/www.europesays.com\/fr\/wp-json\/wp\/v2\/media\/92491"}],"wp:attachment":[{"href":"https:\/\/www.europesays.com\/fr\/wp-json\/wp\/v2\/media?parent=92490"}],"wp:term":[{"taxonomy":"category","embeddable":true,"href":"https:\/\/www.europesays.com\/fr\/wp-json\/wp\/v2\/categories?post=92490"},{"taxonomy":"post_tag","embeddable":true,"href":"https:\/\/www.europesays.com\/fr\/wp-json\/wp\/v2\/tags?post=92490"}],"curies":[{"name":"wp","href":"https:\/\/api.w.org\/{rel}","templated":true}]}}