{"id":92499,"date":"2025-05-11T19:39:10","date_gmt":"2025-05-11T19:39:10","guid":{"rendered":"https:\/\/www.europesays.com\/fr\/92499\/"},"modified":"2025-05-11T19:39:10","modified_gmt":"2025-05-11T19:39:10","slug":"leurovision-2025-miroir-romantique-de-leurope-qui-se-recroqueville","status":"publish","type":"post","link":"https:\/\/www.europesays.com\/fr\/92499\/","title":{"rendered":"L\u2019Eurovision 2025, miroir romantique de l\u2019Europe qui se recroqueville"},"content":{"rendered":"<p>Aussi invraisemblable que cela puisse para\u00eetre, \u00e0 sa mani\u00e8re loufoque, l\u2019Eurovision 2025 raconte les soubresauts du Vieux-Continent dans son retour aux territoires nationaux.<\/p>\n<p>Elections apr\u00e8s scrutins, les pays europ\u00e9ens \u2013 Royaume-Uni inclus \u2013 penchent pour des partis de droite souverainistes et op\u00e8rent un recentrement sur eux-m\u00eames. Fracass\u00e9 par Donald Trump, le multilat\u00e9ralisme est aussi mis \u00e0 mal en Europe, y compris dans la maison UE. Il s\u2019op\u00e8re m\u00eame une alliance objective entre une droite souverainiste et des factions \u00e9cologistes. Au c\u0153ur de ces pens\u00e9es: la patrie ou la valeur du local.<\/p>\n<p>            D\u00e9couvrez <a href=\"https:\/\/www.letemps.ch\/articles\/le-grand-guide-de-l-eurovision-2025-classement-predictions-et-presentation-interactive-des-37-artistes\" target=\"_blank\" rel=\"noopener\">Le grand guide de l\u2019Eurovision 2025 \u2013 classement, pr\u00e9dictions et pr\u00e9sentation interactive des 37 artistes<\/a>  <\/p>\n<p>L\u2019anglais est en minorit\u00e9<\/p>\n<p>En chantant, les artistes de l\u2019Eurovision paraissent loin de ces rugueuses r\u00e9alit\u00e9s politiques. Pourtant, ils les \u00e9voquent, avec d\u00e9formation. Jamais depuis longtemps, les odes du t\u00e9l\u00e9crochet n\u2019ont \u00e9t\u00e9 aussi enracin\u00e9es dans leurs terroirs nationaux. Pour la premi\u00e8re fois depuis 2016, l\u2019anglais devient langue minoritaire \u2013 grosse minorit\u00e9, certes, mais minorit\u00e9. Des pays sous intraveineuse de pop en anglais depuis des d\u00e9cennies retrouvent soudain leurs idiomes.<\/p>\n<p>Une part importante des concourants \u00e0 B\u00e2le brandissent leur patrimoine. Ne soyons pas na\u00effs: dans bien des cas, c\u2019est de l\u2019esbroufe au service de chansons format\u00e9es pour le concours, compos\u00e9es par des industriels du genre.<\/p>\n<p>Lire aussi: <a href=\"https:\/\/www.letemps.ch\/articles\/eurovision-baloise-du-sacre-de-nemo-a-la-halle-saint-jacques\" target=\"_blank\" rel=\"noopener\">L&rsquo;Eurovision 2025 \u00e0 B\u00e2le: du sacre de Nemo \u00e0 la Halle Saint-Jacques<\/a>  <\/p>\n<p>De la vari\u00e9t\u00e9 sucr\u00e9e d\u2019essence romantique<\/p>\n<p>Mais cette ann\u00e9e, cette tendance est d\u2019une force rare \u00e0 l\u2019Eurovision. Bien des artistes veulent composer entre leurs aspirations mondiales et leurs identit\u00e9s. On cherche \u00e0 retrouver une origine, f\u00fbt-elle fantasm\u00e9e, et on l\u2019ins\u00e8re dans un cadre pop, \u00e9lectro ou de kermesse.<\/p>\n<p>Les troubadours de l\u2019Eurovision se font romantiques, au sens litt\u00e9raire du terme. Des po\u00e8tes et \u00e9crivains du d\u00e9but du XIXe\u00a0si\u00e8cle revenaient au mysticisme des paysages germaniques, aux anciens contes,\u00a0etc. Toutes proportions gard\u00e9es, il y a un peu de cet \u00e9lan dans les mises en sc\u00e8ne du concours avec leurs sorci\u00e8res lettones, leur saz (luth) azerba\u00efdjanais, leur hardingfele ou violon norv\u00e9gien\u2026 Comme si, face aux cloisonnements politiques, il fallait un miroir bouffon, un reflet fantasque. Un groupe de la s\u00e9lection 2025 s\u2019appelle Katarsis. On ne peut mieux donner le ton.<\/p>\n<p>Lire aussi: <a href=\"https:\/\/www.letemps.ch\/articles\/des-dizaines-de-milliers-de-personnes-assistent-a-la-ceremonie-d-ouverture-de-l-eurovision\" target=\"_blank\" rel=\"noopener\">Des dizaines de milliers de personnes ont assist\u00e9 \u00e0 la c\u00e9r\u00e9monie d\u2019ouverture de l\u2019Eurovision \u00e0 B\u00e2le<\/a>  <\/p>\n","protected":false},"excerpt":{"rendered":"Aussi invraisemblable que cela puisse para\u00eetre, \u00e0 sa mani\u00e8re loufoque, l\u2019Eurovision 2025 raconte les soubresauts du Vieux-Continent dans&hellip;\n","protected":false},"author":2,"featured_media":92500,"comment_status":"","ping_status":"","sticky":false,"template":"","format":"standard","meta":{"footnotes":""},"categories":[1586],"tags":[11,1777,674,4500,1011,27,4438,12,25],"class_list":{"0":"post-92499","1":"post","2":"type-post","3":"status-publish","4":"format-standard","5":"has-post-thumbnail","7":"category-europe","8":"tag-actualites","9":"tag-eu","10":"tag-europe","11":"tag-eurovision-2025","12":"tag-fr","13":"tag-france","14":"tag-free","15":"tag-news","16":"tag-republique-francaise"},"share_on_mastodon":{"url":"https:\/\/pubeurope.com\/@fr\/114490898047557633","error":""},"_links":{"self":[{"href":"https:\/\/www.europesays.com\/fr\/wp-json\/wp\/v2\/posts\/92499","targetHints":{"allow":["GET"]}}],"collection":[{"href":"https:\/\/www.europesays.com\/fr\/wp-json\/wp\/v2\/posts"}],"about":[{"href":"https:\/\/www.europesays.com\/fr\/wp-json\/wp\/v2\/types\/post"}],"author":[{"embeddable":true,"href":"https:\/\/www.europesays.com\/fr\/wp-json\/wp\/v2\/users\/2"}],"replies":[{"embeddable":true,"href":"https:\/\/www.europesays.com\/fr\/wp-json\/wp\/v2\/comments?post=92499"}],"version-history":[{"count":0,"href":"https:\/\/www.europesays.com\/fr\/wp-json\/wp\/v2\/posts\/92499\/revisions"}],"wp:featuredmedia":[{"embeddable":true,"href":"https:\/\/www.europesays.com\/fr\/wp-json\/wp\/v2\/media\/92500"}],"wp:attachment":[{"href":"https:\/\/www.europesays.com\/fr\/wp-json\/wp\/v2\/media?parent=92499"}],"wp:term":[{"taxonomy":"category","embeddable":true,"href":"https:\/\/www.europesays.com\/fr\/wp-json\/wp\/v2\/categories?post=92499"},{"taxonomy":"post_tag","embeddable":true,"href":"https:\/\/www.europesays.com\/fr\/wp-json\/wp\/v2\/tags?post=92499"}],"curies":[{"name":"wp","href":"https:\/\/api.w.org\/{rel}","templated":true}]}}