{"id":92505,"date":"2025-05-11T19:42:08","date_gmt":"2025-05-11T19:42:08","guid":{"rendered":"https:\/\/www.europesays.com\/fr\/92505\/"},"modified":"2025-05-11T19:42:08","modified_gmt":"2025-05-11T19:42:08","slug":"nombre-de-voix-texte-tres-prepare-cardinaux-impressionnes-les-premiers-secrets-de-lelection-de-leon-xiv","status":"publish","type":"post","link":"https:\/\/www.europesays.com\/fr\/92505\/","title":{"rendered":"Nombre de voix, texte tr\u00e8s pr\u00e9par\u00e9, cardinaux impressionn\u00e9s&#8230; Les premiers secrets de l\u2019\u00e9lection de L\u00e9on\u00a0XIV"},"content":{"rendered":"<p><strong>ENQU\u00caTE &#8211; <\/strong>Alors que la vie du nouveau pape commence au Vatican, Le Figaro d\u00e9voile les coulisses du conclave. Si les cardinaux sont tenus de ne rien divulguer du huis clos de la chapelle Sixtine, des indices permettent de dessiner un sc\u00e9nario.<\/p>\n<p class=\"fig-paragraph\">En trois jours, le nouveau pape, L\u00e9on\u00a0XIV, a d\u00e9j\u00e0 pris toute sa place \u00e0 la t\u00eate de l\u2019\u00c9glise catholique. Dimanche, son premier rendez-vous du Regina caeli, cette pri\u00e8re de louange \u00e0 la Vierge Marie r\u00e9cit\u00e9e en public, a donn\u00e9 sa premi\u00e8re tribune mondiale \u00e0 cet homme timide et r\u00e9serv\u00e9. Le soir de son \u00e9lection, jeudi, il apparaissait en blanc au m\u00eame endroit pour une premi\u00e8re b\u00e9n\u00e9diction sous le signe de la paix. Avec force, le pape a persist\u00e9 dimanche en admonestant tous les bellig\u00e9rants du monde, visant l\u2019Ukraine, la bande de Gaza, l\u2019Inde et le Pakistan en particulier\u00a0:\u00a0<a href=\"http:\/\/www.lefigaro.fr\/actualite-france\/le-pape-leon-xiv-prie-pour-les-vocations-au-balcon-de-la-basilique-saint-pierre-20250511\" target=\"_blank\" data-fig-type=\"Article\" rel=\"noopener\" data-gtm-custom-categorie=\"navigation\" data-gtm-custom-action=\"crossclick\" data-gtm-custom-label=\"Contextuel\" data-gtm-event=\"customEventSPE\" data-fig-domain=\"LEFIGARO\">\u00ab\u00a0jamais plus la guerre\u00a0!\u00a0\u00bb<\/a> \u00a0Voil\u00e0 pour la face publique de ces premiers jours de pontificat.<\/p>\n<p class=\"fig-paragraph\">Le secret demeure en revanche sur son \u00e9lection. Tout cardinal \u00e9lecteur qui romprait le secret du huis clos de la chapelle Sixtine encourt l\u2019excommunication imm\u00e9diate. \u00c0 moins que le pape ne l\u2019y autorise, comme le pr\u00e9voit la Constitution apostolique qui r\u00e9git le conclave. Mais Rome adore les rumeurs. Et la Ville \u00e9ternelle\u2026<\/p>\n<p class=\"fig-premium-paywall__infos\">\n        Cet article est r\u00e9serv\u00e9 aux abonn\u00e9s.        Il vous reste 90% \u00e0 d\u00e9couvrir.\n    <\/p>\n<p>                <img  data- alt=\"Le Figaro\" class=\"fig-img--complete fig-img\"\/><\/p>\n<p class=\"fig-premium-paywall__title\">Je m&rsquo;informe, je m&rsquo;inspire, je m&rsquo;abonne.<\/p>\n<p class=\"fig-premium-paywall__subtitle\">D\u00e9couvrez notre offre de bienvenue.<\/p>\n<p class=\"fig-premium-paywall__connect\">\n                D\u00e9j\u00e0 abonn\u00e9\u00a0?                <a class=\"fig-premium-paywall__connect-link\" href=\"https:\/\/connect.lefigaro.fr\/login?client=horizon_web&amp;type=main&amp;redirect_uri=https%3A%2F%2Fwww.lefigaro.fr%2Fvox%2Fsociete%2Fnombre-de-voix-texte-tres-prepare-cardinaux-impressionnes-les-premiers-secrets-de-l-election-de-leon-xiv-20250511\" data-js-gtm=\"{&quot;customCategorie&quot;: &quot;conversion&quot;, &quot;customAction&quot;: &quot;before_Landing_Connexion_paywall_auto&quot;, &quot;customLabel&quot;: &quot;bGVmaWdhcm8uZnJfXzFmMDJlODA1LWRiMWItNjI3YS1hZDFlLTJiNTQyYjkzM2MwOV9fQXJ0aWNsZQ==_Nombre de voix, texte tr\u00e8s pr\u00e9par\u00e9, cardinaux impressionn\u00e9s... Les premiers secrets de l\u2019\u00e9lection de L\u00e9on\u00a0XIV_317&quot;, &quot;customIDSPE&quot;: &quot;bGVmaWdhcm8uZnJfXzFmMDJlODA1LWRiMWItNjI3YS1hZDFlLTJiNTQyYjkzM2MwOV9fQXJ0aWNsZQ==&quot;, &quot;event&quot;: &quot;customEventSPE&quot;}\" target=\"_blank\" rel=\"noopener\"><br \/>\n                    Connectez-vous<br \/>\n                <\/a>\n            <\/p>\n","protected":false},"excerpt":{"rendered":"ENQU\u00caTE &#8211; Alors que la vie du nouveau pape commence au Vatican, Le Figaro d\u00e9voile les coulisses du&hellip;\n","protected":false},"author":2,"featured_media":92506,"comment_status":"","ping_status":"","sticky":false,"template":"","format":"standard","meta":{"footnotes":""},"categories":[2],"tags":[11,1428,1292,5361,5360,1429,1011,27,19741,12,1427,1426,25,104],"class_list":{"0":"post-92505","1":"post","2":"type-post","3":"status-publish","4":"format-standard","5":"has-post-thumbnail","7":"category-actualites","8":"tag-actualites","9":"tag-chroniqueurs","10":"tag-debat","11":"tag-debat-societe","12":"tag-debats-societaux","13":"tag-figarovox","14":"tag-fr","15":"tag-france","16":"tag-leon-xiv","17":"tag-news","18":"tag-opinions","19":"tag-questions","20":"tag-republique-francaise","21":"tag-societe"},"share_on_mastodon":{"url":"https:\/\/pubeurope.com\/@fr\/114490909832139411","error":""},"_links":{"self":[{"href":"https:\/\/www.europesays.com\/fr\/wp-json\/wp\/v2\/posts\/92505","targetHints":{"allow":["GET"]}}],"collection":[{"href":"https:\/\/www.europesays.com\/fr\/wp-json\/wp\/v2\/posts"}],"about":[{"href":"https:\/\/www.europesays.com\/fr\/wp-json\/wp\/v2\/types\/post"}],"author":[{"embeddable":true,"href":"https:\/\/www.europesays.com\/fr\/wp-json\/wp\/v2\/users\/2"}],"replies":[{"embeddable":true,"href":"https:\/\/www.europesays.com\/fr\/wp-json\/wp\/v2\/comments?post=92505"}],"version-history":[{"count":0,"href":"https:\/\/www.europesays.com\/fr\/wp-json\/wp\/v2\/posts\/92505\/revisions"}],"wp:featuredmedia":[{"embeddable":true,"href":"https:\/\/www.europesays.com\/fr\/wp-json\/wp\/v2\/media\/92506"}],"wp:attachment":[{"href":"https:\/\/www.europesays.com\/fr\/wp-json\/wp\/v2\/media?parent=92505"}],"wp:term":[{"taxonomy":"category","embeddable":true,"href":"https:\/\/www.europesays.com\/fr\/wp-json\/wp\/v2\/categories?post=92505"},{"taxonomy":"post_tag","embeddable":true,"href":"https:\/\/www.europesays.com\/fr\/wp-json\/wp\/v2\/tags?post=92505"}],"curies":[{"name":"wp","href":"https:\/\/api.w.org\/{rel}","templated":true}]}}