{"id":92511,"date":"2025-05-11T19:45:09","date_gmt":"2025-05-11T19:45:09","guid":{"rendered":"https:\/\/www.europesays.com\/fr\/92511\/"},"modified":"2025-05-11T19:45:09","modified_gmt":"2025-05-11T19:45:09","slug":"une-belle-saison-pour-le-club-le-mhsc-vb-na-pas-remporte-les-titres-esperes-mais-netait-pas-loin-du-compte","status":"publish","type":"post","link":"https:\/\/www.europesays.com\/fr\/92511\/","title":{"rendered":"\u00ab\u00a0Une belle saison pour le club\u00a0\u00bb, le MHSC VB n\u2019a pas remport\u00e9 les titres esp\u00e9r\u00e9s mais n\u2019\u00e9tait pas loin du compte"},"content":{"rendered":"<p>\n                                                                Le pr\u00e9sident du club montpelli\u00e9rain Jean-Charles Caylar dresse le bilan apr\u00e8s la d\u00e9faite en finale de la Coupe de France et l\u2019\u00e9limination en demi-finale du championnat.\n                            <\/p>\n<p class=\"txt-question\">Comment jugez-vous la saison du MHSC VB\u00a0?<\/p>\n<p>Le bilan positif. J\u2019avais fix\u00e9 l\u2019objectif de gagner les trois comp\u00e9titions dans lesquelles nous \u00e9tions engag\u00e9es. On a gagn\u00e9 la Supercoupe, on a perdu en finale de la Coupe de France et en demi-finale du championnat au bout du tie-break. On a \u00e9t\u00e9 l\u2019une des \u00e9quipes les plus constantes. Il y a de la d\u00e9ception parce que nous ne sommes pas pass\u00e9s loin mais c\u2019est une belle saison pour le club.<\/p>\n<p class=\"txt-question\">\u00cates-vous satisfait de la mani\u00e8re dont a v\u00e9cu votre effectif\u00a0?<\/p>\n<p>Ce groupe \u00e9tait de qualit\u00e9. On a fait le pari de le constituer\u00a0de joueurs exp\u00e9riment\u00e9s et de jeunes joueurs moins aguerris. Le club a fait le maximum pour les mettre dans de bonnes conditions. Ils garderont\u00a0tous de bons souvenirs de cette saison.<\/p>\n<p class=\"txt-question\">L\u2019entra\u00eeneur Lo\u00efc Le Marrec a conclu sa premi\u00e8re saison enti\u00e8re \u00e0 la t\u00eate de l\u2019\u00e9quipe et vous avez d\u00e9cid\u00e9 qu\u2019il sera toujours \u00e0 son poste la saison prochaine\u2026<\/p>\n<p>Je suis satisfait du travail de Lo\u00efc et de son staff. Il n\u2019a pas un bagage d\u2019entra\u00eeneur tr\u00e8s fourni comme ceux de Tours, Chaumont ou Tourcoing. Je n\u2019oublie pas que c\u2019\u00e9tait aussi la premi\u00e8re exp\u00e9rience de son adjoint Gauthier Bru \u00e0 ce niveau. Je suis content pour eux, c\u2019est un pari qu\u2019on a fait. Loic a son caract\u00e8re, ses qualit\u00e9s, il conna\u00eet le volley-ball parce qu\u2019il a \u00e9t\u00e9 un grand joueur.<\/p>\n<p>\u00ab\u00a0On est encore des artisans\u00a0\u00bb<\/p>\n<p class=\"txt-question\">Depuis que le club est pass\u00e9 sous pavillon MHSC, il fait partie des meilleurs en France. Peut-il se structurer encore mieux pour passer un cap suppl\u00e9mentaire\u00a0?<\/p>\n<p>Cette histoire a commenc\u00e9 un peu avant, avec l\u2019arriv\u00e9e d\u2019Olivier Lecat qui est rest\u00e9 sept ans et qui a permis de nous placer o\u00f9 nous sommes maintenant. Il faut qu\u2019on structure encore le club. SI on veut grandir encore, on doit s\u2019\u00e9quiper, on y travaille pour \u00eatre professionnel \u00e0 tous les \u00e9tages. Il doit y avoir des responsables identifi\u00e9s et identifiables dans chaque secteur de l\u2019entreprise. Cela passe par le d\u00e9veloppement du budget. On est encore des artisans \u00e0 c\u00f4t\u00e9 d\u2019autres clubs.<\/p>\n<p class=\"txt-question\">Cela passe-t-il, par exemple, par la cr\u00e9ation d\u2019un poste de directeur sportif\u00a0?<\/p>\n<p>C\u2019est pr\u00e9vu. On sait qu\u2019il faut quelqu\u2019un qui soit charg\u00e9 de la direction sportive, l\u2019interm\u00e9diaire entre le sportif, le pr\u00e9sident et les autres secteurs du club.<\/p>\n<p class=\"txt-question\">Le budget va-t-il augmenter\u00a0?<\/p>\n<p>Nous sommes dans une p\u00e9riode d\u00e9licate pour tous les clubs. Dans l\u2019id\u00e9al, il faudra qu\u2019on l\u2019augmente, en effet, si on veut \u00e9toffer le secteur sportif, renforcer le staff administratif. On fait un gros travail avec les partenaires.<\/p>\n<p class=\"txt-question\">La situation sportive (descente en Ligue 2) et financi\u00e8re (crise des droits tv) de la partie football masculin du MHSC peut-elle avoir des cons\u00e9quences sur la section volley-ball\u00a0?<\/p>\n<p>Le MHSC VB est une filiale \u00e0 part enti\u00e8re du Groupe Nicollin au m\u00eame titre que le foot qui conna\u00eet des difficult\u00e9s plus sportives que financi\u00e8res. D\u2019apr\u00e8s mes informations, le Groupe Nicollin se porte bien, il n\u2019y a pas d\u2019inqui\u00e9tude \u00e0 avoir.<\/p>\n<p>\u00ab\u00a0La Coupe d\u2019Europe\u00a0? Une \u00e9norme satisfaction\u00a0\u00bb<\/p>\n<p class=\"txt-question\">L\u2019une des grandes satisfactions est votre retour sur la sc\u00e8ne europ\u00e9enne d\u00e8s la saison prochaine\u2026<\/p>\n<p>Un des objectifs \u00e9tait de retrouver une place en Coupe d\u2019Europe. Ce sera la CEV Cup ou la Ligue des champions, on le saura d\u2019ici la fin du mois de mai. C\u2019est une \u00e9norme satisfaction, on a envie d\u2019exister dans ce genre de comp\u00e9titions.<\/p>\n<p class=\"txt-question\">La constitution de l\u2019effectif 2025-2026 a commenc\u00e9 par les prolongations des Argentins Ezequiel Palacios et Tomas Lopez en plus de Nicolas Le Goff et Corentin Phelut qui sont encore sous contrat\u2026<\/p>\n<p>Cela correspond \u00e0 notre politique du club de conserver des joueurs attach\u00e9s au club qui donnent beaucoup. Ces joueurs-l\u00e0 repr\u00e9sentent notre colonne vert\u00e9brale. On va compl\u00e9ter l\u2019effectif par d\u2019autres qui am\u00e8nent de l\u2019air frais.<\/p>\n<p class=\"txt-question\">Qui sont-ils\u00a0? On parle du central des Bleus Quentin Jouffroy, du passeur argentin Matias Sanchez et du pointu allemand Simon Hirsch. Vous confirmez que ces joueurs ont sign\u00e9 au MHSC VB\u00a0?<\/p>\n<p>Pour l\u2019instant, je ne confirme rien. Au-del\u00e0 de l\u2019aspect qualitatif qui est important, on est dans l\u2019attente de savoir dans quelle coupe d\u2019Europe nous allons \u00e9voluer la saison prochaine. Quoi qu\u2019il en soit, le groupe sera \u00e9toff\u00e9. On bouclera notre recrutement quand on conna\u00eetra le calendrier domestique sera intense. La saison devrait demarrer fin octobre et finir en mai.<\/p>\n","protected":false},"excerpt":{"rendered":"Le pr\u00e9sident du club montpelli\u00e9rain Jean-Charles Caylar dresse le bilan apr\u00e8s la d\u00e9faite en finale de la Coupe&hellip;\n","protected":false},"author":2,"featured_media":92512,"comment_status":"","ping_status":"","sticky":false,"template":"","format":"standard","meta":{"footnotes":""},"categories":[1417],"tags":[1011,27,60,1470,1469],"class_list":{"0":"post-92511","1":"post","2":"type-post","3":"status-publish","4":"format-standard","5":"has-post-thumbnail","7":"category-volley","8":"tag-fr","9":"tag-france","10":"tag-sports","11":"tag-volley","12":"tag-volleyball"},"share_on_mastodon":{"url":"https:\/\/pubeurope.com\/@fr\/114490921756184132","error":""},"_links":{"self":[{"href":"https:\/\/www.europesays.com\/fr\/wp-json\/wp\/v2\/posts\/92511","targetHints":{"allow":["GET"]}}],"collection":[{"href":"https:\/\/www.europesays.com\/fr\/wp-json\/wp\/v2\/posts"}],"about":[{"href":"https:\/\/www.europesays.com\/fr\/wp-json\/wp\/v2\/types\/post"}],"author":[{"embeddable":true,"href":"https:\/\/www.europesays.com\/fr\/wp-json\/wp\/v2\/users\/2"}],"replies":[{"embeddable":true,"href":"https:\/\/www.europesays.com\/fr\/wp-json\/wp\/v2\/comments?post=92511"}],"version-history":[{"count":0,"href":"https:\/\/www.europesays.com\/fr\/wp-json\/wp\/v2\/posts\/92511\/revisions"}],"wp:featuredmedia":[{"embeddable":true,"href":"https:\/\/www.europesays.com\/fr\/wp-json\/wp\/v2\/media\/92512"}],"wp:attachment":[{"href":"https:\/\/www.europesays.com\/fr\/wp-json\/wp\/v2\/media?parent=92511"}],"wp:term":[{"taxonomy":"category","embeddable":true,"href":"https:\/\/www.europesays.com\/fr\/wp-json\/wp\/v2\/categories?post=92511"},{"taxonomy":"post_tag","embeddable":true,"href":"https:\/\/www.europesays.com\/fr\/wp-json\/wp\/v2\/tags?post=92511"}],"curies":[{"name":"wp","href":"https:\/\/api.w.org\/{rel}","templated":true}]}}