{"id":92524,"date":"2025-05-11T19:53:09","date_gmt":"2025-05-11T19:53:09","guid":{"rendered":"https:\/\/www.europesays.com\/fr\/92524\/"},"modified":"2025-05-11T19:53:09","modified_gmt":"2025-05-11T19:53:09","slug":"le-sel-des-frites-meghan-markle-avec-archie-et-lilibet-pour-la-fete-des-meres-et-ca-vaut-le-detour","status":"publish","type":"post","link":"https:\/\/www.europesays.com\/fr\/92524\/","title":{"rendered":"\u201cLe sel des frites\u201d : Meghan Markle avec Archie et Lilibet pour la f\u00eate des m\u00e8res et \u00e7a vaut le d\u00e9tour"},"content":{"rendered":"<p>Ce dimanche 11 mai, de nombreuses c\u00e9l\u00e9brit\u00e9s ont partag\u00e9 des<br \/>\nphotos de leurs enfants, \u00e0 l\u2019occasion de la f\u00eate des m\u00e8res. Parmi<br \/>\nelles, <strong>Meghan Markle<\/strong> qui n\u2019a pas manqu\u00e9 de poster<br \/>\nune photo avec Archie et Lilibet.<\/p>\n<p>Si la photo est touchante, la l\u00e9gende a interpell\u00e9 les<br \/>\ninternautes. En effet, la duchesse de Sussex a fait une comparaison<br \/>\nassez \u00e9trange, qui peut faire sourire.<\/p>\n<p>Meghan Markle poste une photo Instagram avec ses enfants<\/p>\n<p>Alors que <a href=\"https:\/\/www.closermag.fr\/royautes\/meghan-markle-bientot-au-tribunal-graves-accusations-pour-la-duchesse-ca-touche-a-la-sante-3543244\" target=\"_blank\" rel=\"noopener\"><br \/>\nMeghan Markle est dans la tourmente<\/a> suite \u00e0 une affaire li\u00e9e \u00e0<br \/>\nsa s\u00e9rie Netflix, cela ne l\u2019a pas emp\u00each\u00e9 de c\u00e9l\u00e9brer la f\u00eate des<br \/>\nm\u00e8res comme il se doit. Si hier, elle profitait du concert de<br \/>\nBeyonc\u00e9 aux c\u00f4t\u00e9s de son mari, le prince Harry, il semblerait<br \/>\nqu\u2019aujourd\u2019hui, la duchesse de Sussex ait pass\u00e9 la journ\u00e9e avec ses<br \/>\ndeux enfants, <a href=\"https:\/\/www.closermag.fr\/royautes\/archie-et-lilibet-bientot-en-angleterre-harry-pret-a-lacher-du-lest-a-une-seule-condition-3539045\" target=\"_blank\" rel=\"noopener\"><br \/>\nArchie et Lilibet<\/a>. Dimanche 11 mai, elle a en effet post\u00e9 une<br \/>\nphoto sur laquelle on la voit de dos, dans un jardin.<\/p>\n<p>V\u00eatue d\u2019une tenue couleur \u00e9cru, elle porte ses enfants dans les<br \/>\nbras : Archie \u00e0 gauche, et Lilibet \u00e0 droite. Une photo \u00e9mouvante,<br \/>\nqui semble avoir \u00e9t\u00e9 prise de mani\u00e8re assez spontan\u00e9e. On imagine<br \/>\nfacilement leurs visages souriants.<\/p>\n<blockquote class=\"instagram-media\" style=\"background: #ffffff;border: 0;margin: 1px;width: 100%;padding: 0;max-width: 500px;\" data-instgrm-permalink=\"https:\/\/www.instagram.com\/p\/DJhM82sRK2f\/?hl=fr\" data-instgrm-version=\"14\"\/><p>\nMeghan Markle : cet \u00e9trange d\u00e9claration<br \/>\nd\u2019amour \u00e0 Archie et Lilibet<\/p>\n<p>Mais ce qui a interpell\u00e9 c\u2019est \u00e9galement la l\u00e9gende qui<br \/>\naccompagne la photo et les m\u00e9taphores assez dr\u00f4les qu\u2019a pu faire<br \/>\nMeghan Markle. Elle a commenc\u00e9 par \u00e9crire quelques phrases tr\u00e8s<br \/>\ntouchantes : \u201cBonne f\u00eate des M\u00e8res ! Bravo pour cette joie de<br \/>\nvivre ! Et \u00e0 ces deux tr\u00e9sors qui tentent encore de gravir la<br \/>\nmontagne des mamans, qui me couvrent de baisers et qui font de<br \/>\nchaque jour une aventure inoubliable\u2026 \u00eatre ta maman est le plus<br \/>\ngrand privil\u00e8ge de ma vie\u201d. Une jolie d\u00e9claration d\u2019amour \u00e0<br \/>\nses deux enfants, de qui elle semble tr\u00e8s proche.<\/p>\n<p>Mais ce n\u2019est pas tout. \u00c0 l\u2019instar de cette photo amusante,<br \/>\n<a href=\"https:\/\/www.closermag.fr\/royautes\/meghan-et-harry-au-bord-du-divorce-leur-reponse-mielleuse-aux-rumeurs-font-fake-3543728\" target=\"_blank\" rel=\"noopener\"><br \/>\nla femme du Prince Harry<\/a> a conclu par des comparaisons qui le<br \/>\nsont tout autant : \u201c<strong>Moi aussi, je t\u2019aime plus que<br \/>\ntoutes les \u00e9toiles du ciel, toutes les gouttes de pluie et tout le<br \/>\nsel des frites du monde\u201d<\/strong>. Elle a ainsi fait savoir<br \/>\nque l\u00a0\u00bbassaisonnement de ses plats et notamment de ses frites \u00e9tait<br \/>\ntr\u00e8s important\u2026 mais c\u2019\u00e9tait surtout sa mani\u00e8re \u00e0 elle de t\u00e9moigner<br \/>\nson amour \u00e0 ses enfants. Et parfois, aucun mot n\u2019est assez fort<br \/>\npour cela.<\/p>\n<p><script async src=\"\/\/www.instagram.com\/embed.js\"><\/script><\/p>\n","protected":false},"excerpt":{"rendered":"Ce dimanche 11 mai, de nombreuses c\u00e9l\u00e9brit\u00e9s ont partag\u00e9 des photos de leurs enfants, \u00e0 l\u2019occasion de la&hellip;\n","protected":false},"author":2,"featured_media":92525,"comment_status":"","ping_status":"","sticky":false,"template":"","format":"standard","meta":{"footnotes":""},"categories":[1359],"tags":[548,58,59,1011,27,13418,908,973,20439],"class_list":{"0":"post-92524","1":"post","2":"type-post","3":"status-publish","4":"format-standard","5":"has-post-thumbnail","7":"category-people","8":"tag-article-simple","9":"tag-divertissement","10":"tag-entertainment","11":"tag-fr","12":"tag-france","13":"tag-lilibet","14":"tag-meghan-markle","15":"tag-people","16":"tag-prince-archie"},"share_on_mastodon":{"url":"https:\/\/pubeurope.com\/@fr\/114490953132941747","error":""},"_links":{"self":[{"href":"https:\/\/www.europesays.com\/fr\/wp-json\/wp\/v2\/posts\/92524","targetHints":{"allow":["GET"]}}],"collection":[{"href":"https:\/\/www.europesays.com\/fr\/wp-json\/wp\/v2\/posts"}],"about":[{"href":"https:\/\/www.europesays.com\/fr\/wp-json\/wp\/v2\/types\/post"}],"author":[{"embeddable":true,"href":"https:\/\/www.europesays.com\/fr\/wp-json\/wp\/v2\/users\/2"}],"replies":[{"embeddable":true,"href":"https:\/\/www.europesays.com\/fr\/wp-json\/wp\/v2\/comments?post=92524"}],"version-history":[{"count":0,"href":"https:\/\/www.europesays.com\/fr\/wp-json\/wp\/v2\/posts\/92524\/revisions"}],"wp:featuredmedia":[{"embeddable":true,"href":"https:\/\/www.europesays.com\/fr\/wp-json\/wp\/v2\/media\/92525"}],"wp:attachment":[{"href":"https:\/\/www.europesays.com\/fr\/wp-json\/wp\/v2\/media?parent=92524"}],"wp:term":[{"taxonomy":"category","embeddable":true,"href":"https:\/\/www.europesays.com\/fr\/wp-json\/wp\/v2\/categories?post=92524"},{"taxonomy":"post_tag","embeddable":true,"href":"https:\/\/www.europesays.com\/fr\/wp-json\/wp\/v2\/tags?post=92524"}],"curies":[{"name":"wp","href":"https:\/\/api.w.org\/{rel}","templated":true}]}}