{"id":92551,"date":"2025-05-11T20:07:10","date_gmt":"2025-05-11T20:07:10","guid":{"rendered":"https:\/\/www.europesays.com\/fr\/92551\/"},"modified":"2025-05-11T20:07:10","modified_gmt":"2025-05-11T20:07:10","slug":"la-fouillouse-reglementation-nouveaux-tarifs-voici-ce-qui-change-au-cimetiere","status":"publish","type":"post","link":"https:\/\/www.europesays.com\/fr\/92551\/","title":{"rendered":"La Fouillouse. R\u00e9glementation, nouveaux tarifs\u2026 Voici ce qui change au cimeti\u00e8re"},"content":{"rendered":"<p>Herv\u00e9 Javelle, adjoint au maire de la Fouillouse, a choisi de red\u00e9finir le cimeti\u00e8re d\u2019aujourd\u2019hui. \u00ab\u00a0Nous avons multipli\u00e9 les offres faites aux familles des d\u00e9funts, c\u2019\u00e9tait indispensable. La vie a chang\u00e9, les volont\u00e9s des familles aussi.\u00a0\u00bb<\/p>\n<p>Du caveau au Jardin du souvenir<\/p>\n<p>D\u00e9sormais la commune offre un choix assez vaste et surtout diversifi\u00e9 pour faire reposer en paix un parent. \u00ab\u00a0Nous avons les traditionnelles tombes en pleine terre, les plus nombreuses. Nous&#8230;<\/p>\n","protected":false},"excerpt":{"rendered":"Herv\u00e9 Javelle, adjoint au maire de la Fouillouse, a choisi de red\u00e9finir le cimeti\u00e8re d\u2019aujourd\u2019hui. \u00ab\u00a0Nous avons multipli\u00e9&hellip;\n","protected":false},"author":2,"featured_media":92552,"comment_status":"","ping_status":"","sticky":false,"template":"","format":"standard","meta":{"footnotes":""},"categories":[9653],"tags":[1111,11,2430,7539,1777,674,1011,27,12296,12,316,25,4001,9664],"class_list":{"0":"post-92551","1":"post","2":"type-post","3":"status-publish","4":"format-standard","5":"has-post-thumbnail","7":"category-saint-etienne","8":"tag-actu","9":"tag-actualites","10":"tag-auvergne-rhone-alpes","11":"tag-edition-loire-sud","12":"tag-eu","13":"tag-europe","14":"tag-fr","15":"tag-france","16":"tag-la-fouillouse","17":"tag-news","18":"tag-politique","19":"tag-republique-francaise","20":"tag-saint-etienne","21":"tag-saint-etienne-bassin"},"share_on_mastodon":{"url":"https:\/\/pubeurope.com\/@fr\/114491008274277603","error":""},"_links":{"self":[{"href":"https:\/\/www.europesays.com\/fr\/wp-json\/wp\/v2\/posts\/92551","targetHints":{"allow":["GET"]}}],"collection":[{"href":"https:\/\/www.europesays.com\/fr\/wp-json\/wp\/v2\/posts"}],"about":[{"href":"https:\/\/www.europesays.com\/fr\/wp-json\/wp\/v2\/types\/post"}],"author":[{"embeddable":true,"href":"https:\/\/www.europesays.com\/fr\/wp-json\/wp\/v2\/users\/2"}],"replies":[{"embeddable":true,"href":"https:\/\/www.europesays.com\/fr\/wp-json\/wp\/v2\/comments?post=92551"}],"version-history":[{"count":0,"href":"https:\/\/www.europesays.com\/fr\/wp-json\/wp\/v2\/posts\/92551\/revisions"}],"wp:featuredmedia":[{"embeddable":true,"href":"https:\/\/www.europesays.com\/fr\/wp-json\/wp\/v2\/media\/92552"}],"wp:attachment":[{"href":"https:\/\/www.europesays.com\/fr\/wp-json\/wp\/v2\/media?parent=92551"}],"wp:term":[{"taxonomy":"category","embeddable":true,"href":"https:\/\/www.europesays.com\/fr\/wp-json\/wp\/v2\/categories?post=92551"},{"taxonomy":"post_tag","embeddable":true,"href":"https:\/\/www.europesays.com\/fr\/wp-json\/wp\/v2\/tags?post=92551"}],"curies":[{"name":"wp","href":"https:\/\/api.w.org\/{rel}","templated":true}]}}