{"id":92578,"date":"2025-05-11T20:21:38","date_gmt":"2025-05-11T20:21:38","guid":{"rendered":"https:\/\/www.europesays.com\/fr\/92578\/"},"modified":"2025-05-11T20:21:38","modified_gmt":"2025-05-11T20:21:38","slug":"a-strasbourg-la-brasserie-du-sofitel-passe-en-mode-ete","status":"publish","type":"post","link":"https:\/\/www.europesays.com\/fr\/92578\/","title":{"rendered":"\u00e0 Strasbourg, la Brasserie du Sofitel passe en mode \u00e9t\u00e9"},"content":{"rendered":"<p><strong>\u00c0 Strasbourg, La Brasserie du Sofitel s\u2019habille d\u00e9sormais aux couleurs de l\u2019\u00e9t\u00e9 et s\u2019installe en terrasse. Depuis le 30 avril dernier, le mobilier est pos\u00e9, les citronniers sont de sortie, et une nouvelle carte estivale sign\u00e9e Mathieu Klein est pr\u00e9sent\u00e9e aux Strasbourgeois(e)s. On vous emm\u00e8ne sur la place Saint-Pierre-le-Jeune pour d\u00e9couvrir le nouveau visage du restaurant et vous offrir un shot de soleil.<\/strong><\/p>\n<p>Au centre de Strasbourg, aux pieds de l\u2019\u00e9glise Saint-Pierre-le-Jeune, <strong>tr\u00f4ne le tout premier Sofitel du monde, un h\u00f4tel 5 \u00e9toiles<\/strong> qui s\u2019est ensuite export\u00e9 dans le monde entier.<\/p>\n<p>Et si l\u2019on ne pr\u00e9sente plus l\u2019h\u00f4tel et ses attributs,<strong> on vous propose aujourd\u2019hui de d\u00e9couvrir La Brasserie du Sofitel<\/strong>, un restaurant qui a plus d\u2019un argument pour s\u00e9duire.<\/p>\n<p>                <img width=\"375\" height=\"500\" src=\"https:\/\/www.europesays.com\/fr\/wp-content\/uploads\/2025\/05\/sofitel-terrasse-dessert-onglet-img-6056-375x500.jpeg\" class=\"attachment-gallery size-gallery\" alt=\"Sofitel terrasse dessert onglet IMG_6056\" data-full-url=\"https:\/\/pokaa.fr\/wp-content\/uploads\/2025\/05\/09\/sofitel-terrasse-dessert-onglet-img-6056.jpeg\" decoding=\"async\" loading=\"lazy\"  \/>            <\/p>\n<p>                <img width=\"375\" height=\"500\" src=\"https:\/\/www.europesays.com\/fr\/wp-content\/uploads\/2025\/05\/sofitel-terrasse-dessert-onglet-img-6128-375x500.jpeg\" class=\"attachment-gallery size-gallery\" alt=\"Sofitel terrasse dessert onglet IMG_6128\" data-full-url=\"https:\/\/pokaa.fr\/wp-content\/uploads\/2025\/05\/09\/sofitel-terrasse-dessert-onglet-img-6128.jpeg\" decoding=\"async\" loading=\"lazy\"  \/>            <\/p>\n<p>                <img width=\"309\" height=\"500\" src=\"https:\/\/www.europesays.com\/fr\/wp-content\/uploads\/2025\/05\/sofitel-terrasse-dessert-onglet-img-6004-309x500.jpeg\" class=\"attachment-gallery size-gallery\" alt=\"Sofitel terrasse dessert onglet IMG_6004\" data-full-url=\"https:\/\/pokaa.fr\/wp-content\/uploads\/2025\/05\/09\/sofitel-terrasse-dessert-onglet-img-6004.jpeg\" decoding=\"async\" loading=\"lazy\"  \/>            <\/p>\n<p>                <img width=\"375\" height=\"500\" src=\"https:\/\/www.europesays.com\/fr\/wp-content\/uploads\/2025\/05\/sofitel-terrasse-dessert-onglet-img-6164-375x500.jpeg\" class=\"attachment-gallery size-gallery\" alt=\"Sofitel terrasse dessert onglet IMG_6164\" data-full-url=\"https:\/\/pokaa.fr\/wp-content\/uploads\/2025\/05\/09\/sofitel-terrasse-dessert-onglet-img-6164.jpeg\" decoding=\"async\" loading=\"lazy\"  \/>            <\/p>\n<p>                <img width=\"312\" height=\"500\" src=\"https:\/\/www.europesays.com\/fr\/wp-content\/uploads\/2025\/05\/sofitel-terrasse-dessert-onglet-img-6239-312x500.jpeg\" class=\"attachment-gallery size-gallery\" alt=\"Sofitel terrasse dessert onglet IMG_6239\" data-full-url=\"https:\/\/pokaa.fr\/wp-content\/uploads\/2025\/05\/09\/sofitel-terrasse-dessert-onglet-img-6239.jpeg\" decoding=\"async\" loading=\"lazy\"  \/>            <\/p>\n<p>                    \u00a9 Bastien Pietronave \/ Pokaa<\/p>\n<p><strong>Ouvert tous les jours et en continu<\/strong>, on y vient quand l\u2019envie nous prend de<strong> boire un verre, de manger un bout ou de passer une douce soir\u00e9e,<\/strong> tranquillement install\u00e9(e)s au soleil ou \u00e0 l\u2019ombre des arbres.<\/p>\n<p>Et si vous pensez ne pas pouvoir vous garer en arrivant, pas d\u2019inqui\u00e9tude : <strong>un service de voiturier gratuit est propos\u00e9<\/strong>, et vous n\u2019avez pas besoin de s\u00e9journer \u00e0 l\u2019h\u00f4tel pour en profiter.<\/p>\n<p>                <a href=\"https:\/\/pokaa.fr\/2025\/03\/26\/la-brasserie-a-strasbourg-le-restaurant-du-sofitel-se-reinvente-et-ca-vaut-le-detour\/\" rel=\"nofollow noopener\" target=\"_blank\"><br \/>\n                    <img width=\"450\" height=\"270\" src=\"https:\/\/www.europesays.com\/fr\/wp-content\/uploads\/2025\/05\/c2-450x270.png\" class=\"attachment-card-horizontal--same-subject size-card-horizontal--same-subject wp-post-image\" alt=\"\" decoding=\"async\" loading=\"lazy\"\/>                <\/a><\/p>\n<p>                <img width=\"375\" height=\"500\" src=\"https:\/\/www.europesays.com\/fr\/wp-content\/uploads\/2025\/05\/sofitel-terrasse-dessert-onglet-img-6022-375x500.jpeg\" class=\"attachment-gallery size-gallery\" alt=\"Sofitel terrasse dessert onglet IMG_6022\" data-full-url=\"https:\/\/pokaa.fr\/wp-content\/uploads\/2025\/05\/09\/sofitel-terrasse-dessert-onglet-img-6022.jpeg\" decoding=\"async\" loading=\"lazy\"  \/>            <\/p>\n<p>                <img width=\"375\" height=\"500\" src=\"https:\/\/www.europesays.com\/fr\/wp-content\/uploads\/2025\/05\/sofitel-terrasse-dessert-onglet-img-6046-375x500.jpeg\" class=\"attachment-gallery size-gallery\" alt=\"Sofitel terrasse dessert onglet IMG_6046\" data-full-url=\"https:\/\/pokaa.fr\/wp-content\/uploads\/2025\/05\/09\/sofitel-terrasse-dessert-onglet-img-6046.jpeg\" decoding=\"async\" loading=\"lazy\"  \/>            <\/p>\n<p>                <img width=\"375\" height=\"500\" src=\"https:\/\/www.europesays.com\/fr\/wp-content\/uploads\/2025\/05\/sofitel-terrasse-dessert-onglet-img-6014-2-375x500.jpeg\" class=\"attachment-gallery size-gallery\" alt=\"Sofitel terrasse dessert onglet IMG_6014 2\" data-full-url=\"https:\/\/pokaa.fr\/wp-content\/uploads\/2025\/05\/09\/sofitel-terrasse-dessert-onglet-img-6014-2.jpeg\" decoding=\"async\" loading=\"lazy\"  \/>            <\/p>\n<p>                <img width=\"667\" height=\"500\" src=\"https:\/\/www.europesays.com\/fr\/wp-content\/uploads\/2025\/05\/sofitel-terrasse-dessert-onglet-img-6005-667x500.jpeg\" class=\"attachment-gallery size-gallery\" alt=\"Sofitel terrasse dessert onglet IMG_6005\" data-full-url=\"https:\/\/pokaa.fr\/wp-content\/uploads\/2025\/05\/09\/sofitel-terrasse-dessert-onglet-img-6005.jpeg\" decoding=\"async\" loading=\"lazy\"  \/>            <\/p>\n<p>                    \u00a9 Bastien Pietronave \/ Pokaa<\/p>\n<p>La terrasse de La Brasserie : un nouveau spot pour boire et manger cet \u00e9t\u00e9 <\/p>\n<p>Les Strasbourgeois(e)s ont d\u00e9sormais un nouveau lieu o\u00f9 venir fl\u00e2ner : la Brasserie du Sofitel propose <strong>une grande terrasse d\u2019une soixantaine de places, avec canap\u00e9s tout confort et service de haute vol\u00e9e.<\/strong><\/p>\n<p>En place jusque fin septembre, <strong>elle est accessible \u00e0 toutes et tous, il suffit de se pointer pour en profiter.<\/strong><\/p>\n<p>\u00c0 la carte, on retrouvera une large s\u00e9lection de cocktails, de mocktails, de vins et de boissons chaudes et froides, <strong>mais on pourra aussi et surtout d\u00e9couvrir la nouvelle carte estivale du chef Mathieu Klein.<\/strong><\/p>\n<p>                <img width=\"375\" height=\"500\" src=\"https:\/\/www.europesays.com\/fr\/wp-content\/uploads\/2025\/05\/sofitel-la-brasserie-restaurant-choucroute-dessert-mousse-au-chocolatimg-9657-375x500.jpeg\" class=\"attachment-gallery size-gallery\" alt=\"Sofitel La brasserie restaurant choucroute dessert mousse au chocolatIMG_9657\" data-full-url=\"https:\/\/pokaa.fr\/wp-content\/uploads\/2025\/03\/24\/sofitel-la-brasserie-restaurant-choucroute-dessert-mousse-au-chocolatimg-9657.jpeg\" decoding=\"async\" loading=\"lazy\"  \/>            <\/p>\n<p>                <img width=\"375\" height=\"500\" src=\"https:\/\/www.europesays.com\/fr\/wp-content\/uploads\/2025\/05\/sofitel-terrasse-dessert-onglet-img-6070-375x500.jpeg\" class=\"attachment-gallery size-gallery\" alt=\"Sofitel terrasse dessert onglet IMG_6070\" data-full-url=\"https:\/\/pokaa.fr\/wp-content\/uploads\/2025\/05\/09\/sofitel-terrasse-dessert-onglet-img-6070.jpeg\" decoding=\"async\" loading=\"lazy\"  \/>            <\/p>\n<p>                <img width=\"375\" height=\"500\" src=\"https:\/\/www.europesays.com\/fr\/wp-content\/uploads\/2025\/05\/sofitel-la-brasserie-restaurant-choucroute-dessert-mousse-au-chocolatimg-9585-2-375x500.jpeg\" class=\"attachment-gallery size-gallery\" alt=\"Sofitel La brasserie restaurant choucroute dessert mousse au chocolatIMG_9585 2\" data-full-url=\"https:\/\/pokaa.fr\/wp-content\/uploads\/2025\/03\/24\/sofitel-la-brasserie-restaurant-choucroute-dessert-mousse-au-chocolatimg-9585-2.jpeg\" decoding=\"async\" loading=\"lazy\"  \/>            <\/p>\n<p>                <img width=\"375\" height=\"500\" src=\"https:\/\/www.europesays.com\/fr\/wp-content\/uploads\/2025\/05\/sofitel-terrasse-dessert-onglet-img-6057-375x500.jpeg\" class=\"attachment-gallery size-gallery\" alt=\"Sofitel terrasse dessert onglet IMG_6057\" data-full-url=\"https:\/\/pokaa.fr\/wp-content\/uploads\/2025\/05\/09\/sofitel-terrasse-dessert-onglet-img-6057.jpeg\" decoding=\"async\" loading=\"lazy\"  \/>            <\/p>\n<p>                <img width=\"375\" height=\"500\" src=\"https:\/\/www.europesays.com\/fr\/wp-content\/uploads\/2025\/05\/sofitel-terrasse-dessert-onglet-img-6171-375x500.jpeg\" class=\"attachment-gallery size-gallery\" alt=\"Sofitel terrasse dessert onglet IMG_6171\" data-full-url=\"https:\/\/pokaa.fr\/wp-content\/uploads\/2025\/05\/09\/sofitel-terrasse-dessert-onglet-img-6171.jpeg\" decoding=\"async\" loading=\"lazy\"  \/>            <\/p>\n<p>                    \u00a9 Bastien Pietronave \/ Pokaa<\/p>\n<p>Vitello tonato ; bar marin\u00e9 minute et radis au vinaigre ; salade C\u00e9sar de comp\u00e9tition ;<strong> aubergines confites et condiment tomate ; tomate mozza et sorbet basilic ou tartare de b\u0153uf \u00e0 composer<\/strong>, les plats de l\u2019\u00e9t\u00e9 sont de sortie.<\/p>\n<p>Pour les plats chauds, <strong>on aura le choix entre un supr\u00eame de volaille d\u2019Alsace grill\u00e9<\/strong> ; un onglet de b\u0153uf ; un filet de dorade ; <strong>des gambas flamb\u00e9es au Pastis ou un joli Saint-Pierre cuisin\u00e9 aux petits l\u00e9gumes<\/strong>. Une suggestion du jour, propos\u00e9e sur ardoise, s\u2019est aussi gliss\u00e9e dans le projet.<\/p>\n<p>                <img width=\"375\" height=\"500\" src=\"https:\/\/www.europesays.com\/fr\/wp-content\/uploads\/2025\/05\/sofitel-terrasse-dessert-onglet-img-6172-375x500.jpeg\" class=\"attachment-gallery size-gallery\" alt=\"Sofitel terrasse dessert onglet IMG_6172\" data-full-url=\"https:\/\/pokaa.fr\/wp-content\/uploads\/2025\/05\/09\/sofitel-terrasse-dessert-onglet-img-6172.jpeg\" decoding=\"async\" loading=\"lazy\"  \/>            <\/p>\n<p>                <img width=\"305\" height=\"500\" src=\"https:\/\/www.europesays.com\/fr\/wp-content\/uploads\/2025\/05\/sofitel-terrasse-dessert-onglet-img-6241-305x500.jpeg\" class=\"attachment-gallery size-gallery\" alt=\"Sofitel terrasse dessert onglet IMG_6241\" data-full-url=\"https:\/\/pokaa.fr\/wp-content\/uploads\/2025\/05\/09\/sofitel-terrasse-dessert-onglet-img-6241.jpeg\" decoding=\"async\" loading=\"lazy\"  \/>            <\/p>\n<p>                <img width=\"375\" height=\"500\" src=\"https:\/\/www.europesays.com\/fr\/wp-content\/uploads\/2025\/05\/sofitel-terrasse-dessert-onglet-img-6106-375x500.jpeg\" class=\"attachment-gallery size-gallery\" alt=\"Sofitel terrasse dessert onglet IMG_6106\" data-full-url=\"https:\/\/pokaa.fr\/wp-content\/uploads\/2025\/05\/09\/sofitel-terrasse-dessert-onglet-img-6106.jpeg\" decoding=\"async\" loading=\"lazy\"  \/>            <\/p>\n<p>                <img width=\"667\" height=\"500\" src=\"https:\/\/www.europesays.com\/fr\/wp-content\/uploads\/2025\/05\/sofitel-terrasse-dessert-onglet-img-6166-667x500.jpeg\" class=\"attachment-gallery size-gallery\" alt=\"Sofitel terrasse dessert onglet IMG_6166\" data-full-url=\"https:\/\/pokaa.fr\/wp-content\/uploads\/2025\/05\/09\/sofitel-terrasse-dessert-onglet-img-6166.jpeg\" decoding=\"async\" loading=\"lazy\"  \/>            <\/p>\n<p>                    \u00a9 Bastien Pietronave \/ Pokaa<\/p>\n<p>C\u00f4t\u00e9 dessert, <strong>on est toujours aussi fan de la mousse au chocolat et caramel au beurre sal\u00e9,<\/strong> \u00e0 partager s\u2019il vous pla\u00eet. Au menu, vous trouverez \u00e9galement un tiramisu au caf\u00e9, une panna cotta bien fra\u00eeche, la tarte du jour, un moelleux au chocolat ou encore des glaces et des sorbets.\u00a0<strong><br \/><\/strong><\/p>\n<p>                <img width=\"336\" height=\"500\" src=\"https:\/\/www.europesays.com\/fr\/wp-content\/uploads\/2025\/05\/sofitel-terrasse-dessert-onglet-img-6229-336x500.jpeg\" class=\"attachment-gallery size-gallery\" alt=\"Sofitel terrasse dessert onglet IMG_6229\" data-full-url=\"https:\/\/pokaa.fr\/wp-content\/uploads\/2025\/05\/09\/sofitel-terrasse-dessert-onglet-img-6229.jpeg\" decoding=\"async\" loading=\"lazy\"  \/>            <\/p>\n<p>                <img width=\"375\" height=\"500\" src=\"https:\/\/www.europesays.com\/fr\/wp-content\/uploads\/2025\/05\/sofitel-terrasse-dessert-onglet-img-6017-375x500.jpeg\" class=\"attachment-gallery size-gallery\" alt=\"Sofitel terrasse dessert onglet IMG_6017\" data-full-url=\"https:\/\/pokaa.fr\/wp-content\/uploads\/2025\/05\/09\/sofitel-terrasse-dessert-onglet-img-6017.jpeg\" decoding=\"async\" loading=\"lazy\"  \/>            <\/p>\n<p>                <img width=\"375\" height=\"500\" src=\"https:\/\/www.europesays.com\/fr\/wp-content\/uploads\/2025\/05\/sofitel-la-brasserie-restaurant-choucroute-dessert-mousse-au-chocolatimg-9915-375x500.jpeg\" class=\"attachment-gallery size-gallery\" alt=\"Sofitel La brasserie restaurant choucroute dessert mousse au chocolatIMG_9915\" data-full-url=\"https:\/\/pokaa.fr\/wp-content\/uploads\/2025\/03\/24\/sofitel-la-brasserie-restaurant-choucroute-dessert-mousse-au-chocolatimg-9915.jpeg\" decoding=\"async\" loading=\"lazy\"  \/>            <\/p>\n<p>                    \u00a9 Bastien Pietronave \/ Pokaa<\/p>\n<p>D\u00eeners \u00e0 4 mains, barbecues, brunchs, les \u00e9v\u00e9nements \u00e0 ne pas manquer cet \u00e9t\u00e9 <\/p>\n<p>Tout l\u2019\u00e9t\u00e9, au Sofitel, \u00e0 La Brasserie et sur la terrasse,<strong> une s\u00e9rie d\u2019\u00e9v\u00e9nements et de rendez-vous privil\u00e9gi\u00e9s seront propos\u00e9s.<\/strong><\/p>\n<p>Le premier, et il ne faudra pas trop tra\u00eener pour s\u2019inscrire, c\u2019est <strong>une s\u00e9rie de deux d\u00eeners d\u2019exception qui auront lieu les 16 et 17 mai prochains.<\/strong><\/p>\n<p>Lors de ces deux moments,<strong> le chef Mathieu Klein accueillera le chef St\u00e9phan R\u00e9mon<\/strong>, du Sofitel d\u2019Ajaccio, <strong>pour deux d\u00eeners gastronomiques \u00e0 4 mains.<\/strong><\/p>\n<p>                <img width=\"375\" height=\"500\" src=\"https:\/\/www.europesays.com\/fr\/wp-content\/uploads\/2025\/05\/sofitel-la-brasserie-restaurant-choucroute-dessert-mousse-au-chocolatimg-9783-375x500.jpeg\" class=\"attachment-gallery size-gallery\" alt=\"Sofitel La brasserie restaurant choucroute dessert mousse au chocolatIMG_9783\" data-full-url=\"https:\/\/pokaa.fr\/wp-content\/uploads\/2025\/03\/24\/sofitel-la-brasserie-restaurant-choucroute-dessert-mousse-au-chocolatimg-9783.jpeg\" decoding=\"async\" loading=\"lazy\"  \/>            <\/p>\n<p>                <img width=\"375\" height=\"500\" src=\"https:\/\/www.europesays.com\/fr\/wp-content\/uploads\/2025\/05\/sofitel-terrasse-dessert-onglet-img-6181-375x500.jpeg\" class=\"attachment-gallery size-gallery\" alt=\"Sofitel terrasse dessert onglet IMG_6181\" data-full-url=\"https:\/\/pokaa.fr\/wp-content\/uploads\/2025\/05\/09\/sofitel-terrasse-dessert-onglet-img-6181.jpeg\" decoding=\"async\" loading=\"lazy\"  \/>            <\/p>\n<p>                <img width=\"667\" height=\"500\" src=\"https:\/\/www.europesays.com\/fr\/wp-content\/uploads\/2025\/05\/sofitel-la-brasserie-restaurant-choucroute-dessert-mousse-au-chocolatimg-9645-667x500.jpeg\" class=\"attachment-gallery size-gallery\" alt=\"Sofitel La brasserie restaurant choucroute dessert mousse au chocolatIMG_9645\" data-full-url=\"https:\/\/pokaa.fr\/wp-content\/uploads\/2025\/03\/24\/sofitel-la-brasserie-restaurant-choucroute-dessert-mousse-au-chocolatimg-9645.jpeg\" decoding=\"async\" loading=\"lazy\"  \/>            <\/p>\n<p>                    \u00a9 Bastien Pietronave \/ Pokaa<\/p>\n<p>Six plats raffin\u00e9s seront propos\u00e9s, m\u00ealant les cultures alsacienne et corse.<\/p>\n<p>Asperges vertes, huile de noisette et ail des ours ; <strong>tartare de gamberone, poudre de laurier et jus cors\u00e9, espuma et burrata fum\u00e9e<\/strong> ; truite, asperge blanche ferment\u00e9e et oxalys ; Saint-Pierre, press\u00e9 de blette en aigre-doux ; veau en cuisson lente et morilles, le menu promet un vrai moment de gastronomie. <strong>Il sera propos\u00e9 au prix de 75 \u20ac et il r\u00e9serve encore des surprises.<\/strong><\/p>\n<p>                <img width=\"375\" height=\"500\" src=\"https:\/\/www.europesays.com\/fr\/wp-content\/uploads\/2025\/05\/sofitel-terrasse-dessert-onglet-img-6215-375x500.jpeg\" class=\"attachment-gallery size-gallery\" alt=\"Sofitel terrasse dessert onglet IMG_6215\" data-full-url=\"https:\/\/pokaa.fr\/wp-content\/uploads\/2025\/05\/09\/sofitel-terrasse-dessert-onglet-img-6215.jpeg\" decoding=\"async\" loading=\"lazy\"  \/>            <\/p>\n<p>                <img width=\"667\" height=\"500\" src=\"https:\/\/www.europesays.com\/fr\/wp-content\/uploads\/2025\/05\/sofitel-terrasse-dessert-onglet-img-6115-667x500.jpeg\" class=\"attachment-gallery size-gallery\" alt=\"Sofitel terrasse dessert onglet IMG_6115\" data-full-url=\"https:\/\/pokaa.fr\/wp-content\/uploads\/2025\/05\/09\/sofitel-terrasse-dessert-onglet-img-6115.jpeg\" decoding=\"async\" loading=\"lazy\"  \/>            <\/p>\n<p>                <img width=\"375\" height=\"500\" src=\"https:\/\/www.europesays.com\/fr\/wp-content\/uploads\/2025\/05\/sofitel-terrasse-dessert-onglet-img-6014-2-375x500.jpeg\" class=\"attachment-gallery size-gallery\" alt=\"Sofitel terrasse dessert onglet IMG_6014 2\" data-full-url=\"https:\/\/pokaa.fr\/wp-content\/uploads\/2025\/05\/09\/sofitel-terrasse-dessert-onglet-img-6014-2.jpeg\" decoding=\"async\" loading=\"lazy\"  \/>            <\/p>\n<p>                <img width=\"375\" height=\"500\" src=\"https:\/\/www.europesays.com\/fr\/wp-content\/uploads\/2025\/05\/sofitel-la-brasserie-restaurant-choucroute-dessert-mousse-au-chocolatimg-9817-3-375x500.jpeg\" class=\"attachment-gallery size-gallery\" alt=\"Sofitel La brasserie restaurant choucroute dessert mousse au chocolatIMG_9817 3\" data-full-url=\"https:\/\/pokaa.fr\/wp-content\/uploads\/2025\/03\/24\/sofitel-la-brasserie-restaurant-choucroute-dessert-mousse-au-chocolatimg-9817-3.jpeg\" decoding=\"async\" loading=\"lazy\"  \/>            <\/p>\n<p>                <img width=\"394\" height=\"500\" src=\"https:\/\/www.europesays.com\/fr\/wp-content\/uploads\/2025\/05\/sofitel-la-brasserie-restaurant-choucroute-dessert-mousse-au-chocolatimg-9736-394x500.jpeg\" class=\"attachment-gallery size-gallery\" alt=\"Sofitel La brasserie restaurant choucroute dessert mousse au chocolatIMG_9736\" data-full-url=\"https:\/\/pokaa.fr\/wp-content\/uploads\/2025\/03\/24\/sofitel-la-brasserie-restaurant-choucroute-dessert-mousse-au-chocolatimg-9736.jpeg\" decoding=\"async\" loading=\"lazy\"  \/>            <\/p>\n<p>                    \u00a9 Bastien Pietronave \/ Pokaa<\/p>\n<p>Chaque dimanche, le restaurant organisera \u00e9galement des \u00ab Small Sunday Brunchs \u00bb, et des brunchs exceptionnels seront propos\u00e9s <strong>pour la f\u00eate des m\u00e8res, la f\u00eate des p\u00e8res et le 14 juillet.<\/strong><\/p>\n<p>Tous les troisi\u00e8mes jeudis du mois, c\u2019est soir\u00e9es \u00ab Sofitel Social Club \u00bb. Ce mois-ci, \u00e7a se passe le jeudi 15 mai avec <strong>DJ Stan Smith.<\/strong> Ce soir-l\u00e0, pour <strong>un cocktail achet\u00e9, c\u2019est un cocktail offert<\/strong>, pas mal.<\/p>\n<p>    <img width=\"800\" height=\"572\" src=\"https:\/\/www.europesays.com\/fr\/wp-content\/uploads\/2025\/05\/sofitel-strasbourg-plat-du-jour-brunch-p1080453-800x572.jpg\" class=\"attachment-image-size-L size-image-size-L\" alt=\"Sofitel strasbourg plat du jour brunch P1080453\" decoding=\"async\" loading=\"lazy\"  \/>         Sofitel \u00a9 Document remis <\/p>\n<p>Vous en savez d\u00e9sormais un peu plus sur <strong>le programme du Sofitel et de La Brasserie version ensoleill\u00e9e<\/strong>. On le sait, passer la porte d\u2019un \u00e9tablissement 5 \u00e9toiles n\u2019est pas forc\u00e9ment dans les habitudes des Strasbourgeoi(e)s, <strong>mais une fois le seuil pass\u00e9, vous pourriez avoir de jolies surprises.<\/strong><\/p>\n<p>                <img width=\"667\" height=\"500\" src=\"https:\/\/www.europesays.com\/fr\/wp-content\/uploads\/2025\/05\/sofitel-la-brasserie-restaurant-choucroute-dessert-mousse-au-chocolatimg-9923-667x500.jpeg\" class=\"attachment-gallery size-gallery\" alt=\"Sofitel La brasserie restaurant choucroute dessert mousse au chocolatIMG_9923\" data-full-url=\"https:\/\/pokaa.fr\/wp-content\/uploads\/2025\/03\/24\/sofitel-la-brasserie-restaurant-choucroute-dessert-mousse-au-chocolatimg-9923-1500x1125.jpeg\" decoding=\"async\" loading=\"lazy\"  \/>            <\/p>\n<p>                <img width=\"375\" height=\"500\" src=\"https:\/\/www.europesays.com\/fr\/wp-content\/uploads\/2025\/05\/sofitel-la-brasserie-restaurant-choucroute-dessert-mousse-au-chocolatimg-9886-375x500.jpeg\" class=\"attachment-gallery size-gallery\" alt=\"Sofitel La brasserie restaurant choucroute dessert mousse au chocolatIMG_9886\" data-full-url=\"https:\/\/pokaa.fr\/wp-content\/uploads\/2025\/03\/24\/sofitel-la-brasserie-restaurant-choucroute-dessert-mousse-au-chocolatimg-9886.jpeg\" decoding=\"async\" loading=\"lazy\"  \/>            <\/p>\n<p>                <img width=\"375\" height=\"500\" src=\"https:\/\/www.europesays.com\/fr\/wp-content\/uploads\/2025\/05\/sofitel-la-brasserie-restaurant-choucroute-dessert-mousse-au-chocolatimg-9789-2-375x500.jpeg\" class=\"attachment-gallery size-gallery\" alt=\"Sofitel La brasserie restaurant choucroute dessert mousse au chocolatIMG_9789 2\" data-full-url=\"https:\/\/pokaa.fr\/wp-content\/uploads\/2025\/03\/24\/sofitel-la-brasserie-restaurant-choucroute-dessert-mousse-au-chocolatimg-9789-2.jpeg\" decoding=\"async\" loading=\"lazy\"  \/>            <\/p>\n<p>                <img width=\"667\" height=\"500\" src=\"https:\/\/www.europesays.com\/fr\/wp-content\/uploads\/2025\/05\/sofitel-la-brasserie-restaurant-choucroute-dessert-mousse-au-chocolatimg-9601-667x500.jpeg\" class=\"attachment-gallery size-gallery\" alt=\"Sofitel La brasserie restaurant choucroute dessert mousse au chocolatIMG_9601\" data-full-url=\"https:\/\/pokaa.fr\/wp-content\/uploads\/2025\/03\/24\/sofitel-la-brasserie-restaurant-choucroute-dessert-mousse-au-chocolatimg-9601.jpeg\" decoding=\"async\" loading=\"lazy\"  \/>            <\/p>\n<p>                    \u00a9 Bastien Pietronave \/ Pokaa<\/p>\n<p>Les petits et gros + <\/p>\n<ul>\n<li>La nouvelle carte vaut le d\u00e9tour, m\u00eame si on le sait, elle n\u2019est pas pour toutes les bourses<\/li>\n<li><strong>Un plat du jour est propos\u00e9 pour 21 euros, le tout dans un cadre assez exceptionnel pour Strasbourg<\/strong><\/li>\n<li>Le service de voiturier gratuit est un tr\u00e8s gros +<\/li>\n<li><strong>La terrasse est ouverte en continu jusqu\u2019\u00e0 1h, et on peut venir manger un bout toute la journ\u00e9e jusqu\u2019\u00e0 22h30, un vrai + pour celles et ceux qui bossent en horaires d\u00e9cal\u00e9es\u00a0<\/strong><\/li>\n<\/ul>\n<p>            La Brasserie Sofitel <\/p>\n<p>            Quoi ?<br \/>\n            Restaurant \/ bar \/ terrasse        <\/p>\n<p>                Quand ?<br \/>\n                11 Mai. 2025            <\/p>\n<p>            o\u00f9 ?<br \/>\n            4 place Saint-Pierre-le-Jeune, \u00e0 Strasbourg        <\/p>\n<p>                Plus d&rsquo;infos ?<\/p>\n<p><strong><a href=\"https:\/\/www.google.com\/url?sa=t&amp;source=web&amp;rct=j&amp;opi=89978449&amp;url=https:\/\/www.sofitel-strasbourg.com\/restaurant-bar\/brasserie-sof\/&amp;ved=2ahUKEwjp3LqM1aeMAxWKLPsDHXnMAvgQFnoECBsQAQ&amp;usg=AOvVaw1JycWtRNnPqeoDQMic2vNF\" target=\"_blank\" rel=\"noopener nofollow\">Le site de La Brasserie<\/a><\/strong><\/p>\n<p><strong><a href=\"https:\/\/www.google.com\/url?sa=t&amp;source=web&amp;rct=j&amp;opi=89978449&amp;url=https:\/\/www.sofitel-strasbourg.com\/&amp;ved=2ahUKEwio4eWq1aeMAxV6KvsDHXlpG7gQFnoECE0QAQ&amp;usg=AOvVaw1s9ailXR5l2WcrwPAqiD_H\" target=\"_blank\" rel=\"noopener nofollow\">Le site du Sofitel<\/a><\/strong><\/p>\n<p><strong><a href=\"https:\/\/www.sofitel-strasbourg.com\/restaurant-bar\/brasserie-sof\/\" target=\"_blank\" rel=\"noopener nofollow\">Le lien pour les r\u00e9servations au restaurant<\/a><\/strong><\/p>\n<p>Le num\u00e9ro de la brasserie : 03 88 15 49 10<\/p>\n<p>\u00a0<\/p>\n","protected":false},"excerpt":{"rendered":"\u00c0 Strasbourg, La Brasserie du Sofitel s\u2019habille d\u00e9sormais aux couleurs de l\u2019\u00e9t\u00e9 et s\u2019installe en terrasse. Depuis le&hellip;\n","protected":false},"author":2,"featured_media":92579,"comment_status":"","ping_status":"","sticky":false,"template":"","format":"standard","meta":{"footnotes":""},"categories":[2820],"tags":[1111,11,1777,674,1011,27,775,12,25,20039,640,16963],"class_list":{"0":"post-92578","1":"post","2":"type-post","3":"status-publish","4":"format-standard","5":"has-post-thumbnail","7":"category-strasbourg","8":"tag-actu","9":"tag-actualites","10":"tag-eu","11":"tag-europe","12":"tag-fr","13":"tag-france","14":"tag-grand-est","15":"tag-news","16":"tag-republique-francaise","17":"tag-sofitel","18":"tag-strasbourg","19":"tag-terrasse"},"share_on_mastodon":{"url":"https:\/\/pubeurope.com\/@fr\/114491064130231590","error":""},"_links":{"self":[{"href":"https:\/\/www.europesays.com\/fr\/wp-json\/wp\/v2\/posts\/92578","targetHints":{"allow":["GET"]}}],"collection":[{"href":"https:\/\/www.europesays.com\/fr\/wp-json\/wp\/v2\/posts"}],"about":[{"href":"https:\/\/www.europesays.com\/fr\/wp-json\/wp\/v2\/types\/post"}],"author":[{"embeddable":true,"href":"https:\/\/www.europesays.com\/fr\/wp-json\/wp\/v2\/users\/2"}],"replies":[{"embeddable":true,"href":"https:\/\/www.europesays.com\/fr\/wp-json\/wp\/v2\/comments?post=92578"}],"version-history":[{"count":0,"href":"https:\/\/www.europesays.com\/fr\/wp-json\/wp\/v2\/posts\/92578\/revisions"}],"wp:featuredmedia":[{"embeddable":true,"href":"https:\/\/www.europesays.com\/fr\/wp-json\/wp\/v2\/media\/92579"}],"wp:attachment":[{"href":"https:\/\/www.europesays.com\/fr\/wp-json\/wp\/v2\/media?parent=92578"}],"wp:term":[{"taxonomy":"category","embeddable":true,"href":"https:\/\/www.europesays.com\/fr\/wp-json\/wp\/v2\/categories?post=92578"},{"taxonomy":"post_tag","embeddable":true,"href":"https:\/\/www.europesays.com\/fr\/wp-json\/wp\/v2\/tags?post=92578"}],"curies":[{"name":"wp","href":"https:\/\/api.w.org\/{rel}","templated":true}]}}