{"id":92600,"date":"2025-05-11T20:34:08","date_gmt":"2025-05-11T20:34:08","guid":{"rendered":"https:\/\/www.europesays.com\/fr\/92600\/"},"modified":"2025-05-11T20:34:08","modified_gmt":"2025-05-11T20:34:08","slug":"mercato-mason-greenwood-seme-la-panique-a-marseille","status":"publish","type":"post","link":"https:\/\/www.europesays.com\/fr\/92600\/","title":{"rendered":"Mercato, Mason Greenwood s\u00e8me la panique \u00e0 Marseille"},"content":{"rendered":"<p data-testid=\"article-teaser\">A l\u2019approche du mercato estival, l\u2019avenir de Mason Greenwood pose un \u00e9norme casse-t\u00eate \u00e0 l\u2019OM.<\/p>\n<p>Alors que l\u2019Olympique de Marseille savoure sa qualification pour la prochaine Ligue des Champions, un vent d\u2019incertitude souffle sur l\u2019avenir de Mason Greenwood. Meilleur buteur du club phoc\u00e9en, l\u2019attaquant anglais ne semble pas vouloir poursuivre l\u2019aventure sur la Canebi\u00e8re. En coulisses, des envies de d\u00e9part et des sollicitations de Premier League viennent troubler la s\u00e9r\u00e9nit\u00e9 d\u2019un OM en reconstruction.<\/p>\n<p>L&rsquo;article continue ci-dessous<\/p>\n","protected":false},"excerpt":{"rendered":"A l\u2019approche du mercato estival, l\u2019avenir de Mason Greenwood pose un \u00e9norme casse-t\u00eate \u00e0 l\u2019OM. Alors que l\u2019Olympique&hellip;\n","protected":false},"author":2,"featured_media":92601,"comment_status":"","ping_status":"","sticky":false,"template":"","format":"standard","meta":{"footnotes":""},"categories":[2814],"tags":[1111,11,1777,674,1011,27,66,20447,884,20448,1434,12,882,584,25],"class_list":{"0":"post-92600","1":"post","2":"type-post","3":"status-publish","4":"format-standard","5":"has-post-thumbnail","7":"category-marseille","8":"tag-actu","9":"tag-actualites","10":"tag-eu","11":"tag-europe","12":"tag-fr","13":"tag-france","14":"tag-ligue-1","15":"tag-m-greenwood","16":"tag-marseille","17":"tag-marseille-vs-rennes","18":"tag-mercato","19":"tag-news","20":"tag-provence-alpes-cote-dazur","21":"tag-rennes","22":"tag-republique-francaise"},"share_on_mastodon":{"url":"https:\/\/pubeurope.com\/@fr\/114491114567934088","error":""},"_links":{"self":[{"href":"https:\/\/www.europesays.com\/fr\/wp-json\/wp\/v2\/posts\/92600","targetHints":{"allow":["GET"]}}],"collection":[{"href":"https:\/\/www.europesays.com\/fr\/wp-json\/wp\/v2\/posts"}],"about":[{"href":"https:\/\/www.europesays.com\/fr\/wp-json\/wp\/v2\/types\/post"}],"author":[{"embeddable":true,"href":"https:\/\/www.europesays.com\/fr\/wp-json\/wp\/v2\/users\/2"}],"replies":[{"embeddable":true,"href":"https:\/\/www.europesays.com\/fr\/wp-json\/wp\/v2\/comments?post=92600"}],"version-history":[{"count":0,"href":"https:\/\/www.europesays.com\/fr\/wp-json\/wp\/v2\/posts\/92600\/revisions"}],"wp:featuredmedia":[{"embeddable":true,"href":"https:\/\/www.europesays.com\/fr\/wp-json\/wp\/v2\/media\/92601"}],"wp:attachment":[{"href":"https:\/\/www.europesays.com\/fr\/wp-json\/wp\/v2\/media?parent=92600"}],"wp:term":[{"taxonomy":"category","embeddable":true,"href":"https:\/\/www.europesays.com\/fr\/wp-json\/wp\/v2\/categories?post=92600"},{"taxonomy":"post_tag","embeddable":true,"href":"https:\/\/www.europesays.com\/fr\/wp-json\/wp\/v2\/tags?post=92600"}],"curies":[{"name":"wp","href":"https:\/\/api.w.org\/{rel}","templated":true}]}}