{"id":92610,"date":"2025-05-11T20:40:18","date_gmt":"2025-05-11T20:40:18","guid":{"rendered":"https:\/\/www.europesays.com\/fr\/92610\/"},"modified":"2025-05-11T20:40:18","modified_gmt":"2025-05-11T20:40:18","slug":"reconnaitre-et-combattre-lislamophobie-par-le-recteur-de-la-grande-mosquee-de-paris-liberation","status":"publish","type":"post","link":"https:\/\/www.europesays.com\/fr\/92610\/","title":{"rendered":"Reconna\u00eetre et combattre l\u2019islamophobie, par le recteur de la Grande Mosqu\u00e9e de Paris \u2013 Lib\u00e9ration"},"content":{"rendered":"<p class=\"sc-ksZaOG ehjQrN text-element\">Le <a href=\"https:\/\/www.liberation.fr\/societe\/police-justice\/meurtre-daboubakar-cisse-une-envie-obsessionnelle-de-tuer-une-personne-20250502_TTJL6BBW5NDNPLIW43FSRYHAUU\/\" target=\"_blank\" rel=\"noreferrer nofollow noopener\" title=\"https:\/\/www.liberation.fr\/societe\/police-justice\/meurtre-daboubakar-cisse-une-envie-obsessionnelle-de-tuer-une-personne-20250502_TTJL6BBW5NDNPLIW43FSRYHAUU\/\">meurtre raciste d\u2019Aboubakar Ciss\u00e9 <\/a>a boulevers\u00e9 des millions de Fran\u00e7ais, musulmans ou non. Ce drame brutal met en lumi\u00e8re une r\u00e9alit\u00e9 que la France ne peut plus ignorer : l\u2019islamophobie existe, et elle ronge insidieusement notre tissu social. Il est temps de nommer cette haine pour pouvoir enfin la combattre. Il est temps d\u2019affronter la r\u00e9alit\u00e9, d\u2019affirmer un engagement clair contre toutes les haines, sans hi\u00e9rarchie ni complaisance. Car il faut le dire avec force : la haine antimusulmane poss\u00e8de sa sp\u00e9cificit\u00e9, tout comme l\u2019antis\u00e9mitisme a la sienne.<\/p>\n<p class=\"sc-ksZaOG ehjQrN text-element\">Oui, cet acte est islamophobe. Et il faut enfin avoir le courage de le dire.<\/p>\n","protected":false},"excerpt":{"rendered":"Le meurtre raciste d\u2019Aboubakar Ciss\u00e9 a boulevers\u00e9 des millions de Fran\u00e7ais, musulmans ou non. Ce drame brutal met&hellip;\n","protected":false},"author":2,"featured_media":92611,"comment_status":"","ping_status":"","sticky":false,"template":"","format":"standard","meta":{"footnotes":""},"categories":[1888],"tags":[1111,1928,11,1927,1777,674,1011,27,6269,12,1926,626,1925,10162,25],"class_list":{"0":"post-92610","1":"post","2":"type-post","3":"status-publish","4":"format-standard","5":"has-post-thumbnail","7":"category-paris","8":"tag-actu","9":"tag-actu-paris","10":"tag-actualites","11":"tag-actualites-paris","12":"tag-eu","13":"tag-europe","14":"tag-fr","15":"tag-france","16":"tag-islamophobie","17":"tag-news","18":"tag-news-paris","19":"tag-paris","20":"tag-paris-news","21":"tag-racisme","22":"tag-republique-francaise"},"share_on_mastodon":{"url":"https:\/\/pubeurope.com\/@fr\/114491137918459082","error":""},"_links":{"self":[{"href":"https:\/\/www.europesays.com\/fr\/wp-json\/wp\/v2\/posts\/92610","targetHints":{"allow":["GET"]}}],"collection":[{"href":"https:\/\/www.europesays.com\/fr\/wp-json\/wp\/v2\/posts"}],"about":[{"href":"https:\/\/www.europesays.com\/fr\/wp-json\/wp\/v2\/types\/post"}],"author":[{"embeddable":true,"href":"https:\/\/www.europesays.com\/fr\/wp-json\/wp\/v2\/users\/2"}],"replies":[{"embeddable":true,"href":"https:\/\/www.europesays.com\/fr\/wp-json\/wp\/v2\/comments?post=92610"}],"version-history":[{"count":0,"href":"https:\/\/www.europesays.com\/fr\/wp-json\/wp\/v2\/posts\/92610\/revisions"}],"wp:featuredmedia":[{"embeddable":true,"href":"https:\/\/www.europesays.com\/fr\/wp-json\/wp\/v2\/media\/92611"}],"wp:attachment":[{"href":"https:\/\/www.europesays.com\/fr\/wp-json\/wp\/v2\/media?parent=92610"}],"wp:term":[{"taxonomy":"category","embeddable":true,"href":"https:\/\/www.europesays.com\/fr\/wp-json\/wp\/v2\/categories?post=92610"},{"taxonomy":"post_tag","embeddable":true,"href":"https:\/\/www.europesays.com\/fr\/wp-json\/wp\/v2\/tags?post=92610"}],"curies":[{"name":"wp","href":"https:\/\/api.w.org\/{rel}","templated":true}]}}