{"id":92616,"date":"2025-05-11T20:43:20","date_gmt":"2025-05-11T20:43:20","guid":{"rendered":"https:\/\/www.europesays.com\/fr\/92616\/"},"modified":"2025-05-11T20:43:20","modified_gmt":"2025-05-11T20:43:20","slug":"le-chef-du-parti-termine-avec-succes-sa-visite-officielle-en-russie","status":"publish","type":"post","link":"https:\/\/www.europesays.com\/fr\/92616\/","title":{"rendered":"Le chef du Parti termine avec succ\u00e8s sa visite officielle en Russie"},"content":{"rendered":"<p>&#13;<br \/>\n                        Le chef du Parti termine avec succ\u00e8s sa visite officielle en Russie&#13;\n                    <\/p>\n<p style=\"text-align:\">Apr\u00e8s avoir achev\u00e9 avec succ\u00e8s les activit\u00e9s de sa visite officielle en Russie et sa participation aux c\u00e9l\u00e9brations du 80e anniversaire de la victoire dans la Grande Guerre patriotique (du 8 au 11 mai), dans l&rsquo;apr\u00e8s-midi du 11 mai (heure locale), le secr\u00e9taire g\u00e9n\u00e9ral du Parti communiste du Vietnam, T\u00f4 L\u00e2m, accompagn\u00e9 de son \u00e9pouse Ng\u00f4 Phuong Ly et d\u2019une d\u00e9l\u00e9gation vietnamienne de haut niveau, a quitt\u00e9 Moscou pour entamer une visite d\u2019\u00c9tat en Bi\u00e9lorussie, \u00e0 l\u2019invitation du pr\u00e9sident bi\u00e9lorusse, Alexandre Loukachenko.<\/p>\n<p><a href=\"https:\/\/lecourrier.vn\/le-le-secretaire-general-rencontre-des-intellectuels-russes-ayant-aide-le-vietnam\/1282858.html\" title=\"Le  le secr\u00e9taire g\u00e9n\u00e9ral rencontre des intellectuels russes ayant aid\u00e9 le Vietnam\" target=\"_blank\" rel=\"noopener\">&gt;&gt; Le  le secr\u00e9taire g\u00e9n\u00e9ral rencontre des intellectuels russes ayant aid\u00e9 le Vietnam<\/a><\/p>\n<p><a href=\"https:\/\/lecourrier.vn\/le-secretaire-general-to-lam-rencontre-la-communaute-vietnamienne-en-russie\/1282859.html\" title=\"Le secr\u00e9taire g\u00e9n\u00e9ral T\u00f4 L\u00e2m rencontre la communaut\u00e9 vietnamienne en Russie\" target=\"_blank\" rel=\"noopener\">&gt;&gt; Le secr\u00e9taire g\u00e9n\u00e9ral T\u00f4 L\u00e2m rencontre la communaut\u00e9 vietnamienne en Russie<\/a><\/p>\n<p><a href=\"https:\/\/lecourrier.vn\/le-chef-du-parti-rencontre-le-president-du-parti-communiste-de-la-federation-de-russie\/1282860.html\" title=\"Le chef du Parti rencontre le pr\u00e9sident du Parti communiste de la F\u00e9d\u00e9ration de Russie\" target=\"_blank\" rel=\"noopener\">&gt;&gt; Le chef du Parti rencontre le pr\u00e9sident du Parti communiste de la F\u00e9d\u00e9ration de Russie<\/a><\/p>\n<p><a href=\"https:\/\/lecourrier.vn\/le-secretaire-general-to-lam-a-un-forum-daffaires-vietnam-russie\/1282861.html\" title=\"Le secr\u00e9taire g\u00e9n\u00e9ral T\u00f4 L\u00e2m \u00e0 un Forum d&#039;affaires Vietnam - Russie\" target=\"_blank\" rel=\"noopener\">&gt;&gt; Le secr\u00e9taire g\u00e9n\u00e9ral T\u00f4 L\u00e2m \u00e0 un Forum d&rsquo;affaires Vietnam &#8211; Russie<\/a><\/p>\n<tr>\n<td class=\"pic\"><img decoding=\"async\" class=\"lazyload\" src=\"https:\/\/www.europesays.com\/fr\/wp-content\/uploads\/2025\/05\/203712-vna-potal-tong-bi-thu-to-lam-ket-thuc-chuyen-tham-nga-len-duong-tham-belarus-8025845.webp.webp\" alt=\"\"\/><\/td>\n<\/tr>\n<tr>\n<td class=\"caption\">Le vice-Premier ministre russe, Dmitry Chernyshenko (gauche), serre la main au secr\u00e9taire g\u00e9n\u00e9ral T\u00f4 L\u00e2m \u00e0 l\u2019a\u00e9roport avant son d\u00e9part, le 11 mai.\u00a0<\/td>\n<\/tr>\n<tr align=\"right\">\n<td class=\"author\">Photo : VNA\/CVN<\/td>\n<\/tr>\n<p style=\"text-align:left\">Durant son s\u00e9jour en Russie, le secr\u00e9taire g\u00e9n\u00e9ral du Parti communiste du Vietnam a eu des rencontres bilat\u00e9rales avec des dirigeants de plusieurs pays. Il s\u2019est \u00e9galement entretenu avec le pr\u00e9sident russe, Vladimir Poutine, et a rencontr\u00e9 d\u2019autres dirigeants ainsi que des hommes politiques russes.<\/p>\n<p style=\"text-align:left\">Les dirigeants vietnamien et russes ont \u00e9chang\u00e9 sur divers domaines de coop\u00e9ration bilat\u00e9rale et partag\u00e9 leurs points de vue sur les questions r\u00e9gionales et internationales d\u2019int\u00e9r\u00eat commun.<\/p>\n<p style=\"text-align:left\">Elles ont r\u00e9affirm\u00e9 que les dirigeants du Vietnam et de la Russie ch\u00e9rissent profond\u00e9ment les relations d\u2019amiti\u00e9 traditionnelle, mises \u00e0 l\u2019\u00e9preuve par le temps, constamment renforc\u00e9es et d\u00e9velopp\u00e9es dans l\u2019int\u00e9r\u00eat durable des deux peuples, pour la prosp\u00e9rit\u00e9 commune, la paix et le d\u00e9veloppement dans le monde.<\/p>\n<p style=\"text-align:left\">\u00c0 cette occasion, les deux parties ont adopt\u00e9 une D\u00e9claration conjointe sur les grandes orientations de leur partenariat strat\u00e9gique int\u00e9gral dans la nouvelle phase de coop\u00e9ration.<\/p>\n<tr>\n<td class=\"pic\"><img decoding=\"async\" class=\"lazyload\" src=\"https:\/\/www.europesays.com\/fr\/wp-content\/uploads\/2025\/05\/203712-vna-potal-tong-bi-thu-to-lam-ket-thuc-chuyen-tham-nga-len-duong-tham-belarus-8025840.jpg\" alt=\"\"\/><\/td>\n<\/tr>\n<tr>\n<td class=\"caption\">Le vice-Premier ministre russe, Dmitry Chernyshenko (1er, gauche), le secr\u00e9taire g\u00e9n\u00e9ral T\u00f4 L\u00e2m (2e, gauche) et son \u00e9pouse \u00e0 l\u2019a\u00e9roport avant leur d\u00e9part.\u00a0<\/td>\n<\/tr>\n<tr align=\"right\">\n<td class=\"author\">Photo : VNA\/CVN<\/td>\n<\/tr>\n<p style=\"text-align:left\">La visite officielle du secr\u00e9taire g\u00e9n\u00e9ral T\u00f4 L\u00e2m en Russie et sa participation aux c\u00e9l\u00e9brations du 80e anniversaire de la victoire dans la Grande Guerre patriotique ont eu lieu \u00e0 un moment historique, charg\u00e9 de symbolisme, alors que les deux pays comm\u00e9morent le 75e anniversaire de l\u2019\u00e9tablissement de leurs relations diplomatiques.<\/p>\n<p style=\"text-align:left\">Cette visite illustre la volont\u00e9 du Vietnam de renforcer la confiance politique entre les deux pays, de d\u00e9finir des orientations pour porter \u00e0 une nouvelle hauteur leur partenariat strat\u00e9gique int\u00e9gral, de consolider les relations entre le Parti communiste du Vietnam et les grands partis politiques russes, et de r\u00e9affirmer l\u2019engagement fid\u00e8le et responsable du Vietnam envers ses partenaires traditionnels ainsi qu\u2019envers la communaut\u00e9 internationale.<\/p>\n<p style=\"text-align:left\">Elle constitue un nouvel \u00e9lan important pour permettre au Vietnam d\u2019entrer dans une nouvelle \u00e8re, de r\u00e9aliser ses objectifs de d\u00e9veloppement, et de contribuer activement \u00e0 la paix, \u00e0 la stabilit\u00e9, \u00e0 la coop\u00e9ration et au d\u00e9veloppement r\u00e9gionaux et mondiaux.<\/p>\n<p style=\"text-align:right\"><b>VNA\/CVN<\/b><\/p>\n","protected":false},"excerpt":{"rendered":"&#13; Le chef du Parti termine avec succ\u00e8s sa visite officielle en Russie&#13; Apr\u00e8s avoir achev\u00e9 avec succ\u00e8s&hellip;\n","protected":false},"author":2,"featured_media":92617,"comment_status":"","ping_status":"","sticky":false,"template":"","format":"standard","meta":{"footnotes":""},"categories":[1591],"tags":[11,1887,12,1885,1886,132,6006,17437,20450,951,20451],"class_list":{"0":"post-92616","1":"post","2":"type-post","3":"status-publish","4":"format-standard","5":"has-post-thumbnail","7":"category-russie","8":"tag-actualites","9":"tag-federation-de-russie","10":"tag-news","11":"tag-russia","12":"tag-russian-federation","13":"tag-russie","14":"tag-succes","15":"tag-terminer","16":"tag-to-lam","17":"tag-vietnam","18":"tag-visite-officielle"},"share_on_mastodon":{"url":"https:\/\/pubeurope.com\/@fr\/114491150418078200","error":""},"_links":{"self":[{"href":"https:\/\/www.europesays.com\/fr\/wp-json\/wp\/v2\/posts\/92616","targetHints":{"allow":["GET"]}}],"collection":[{"href":"https:\/\/www.europesays.com\/fr\/wp-json\/wp\/v2\/posts"}],"about":[{"href":"https:\/\/www.europesays.com\/fr\/wp-json\/wp\/v2\/types\/post"}],"author":[{"embeddable":true,"href":"https:\/\/www.europesays.com\/fr\/wp-json\/wp\/v2\/users\/2"}],"replies":[{"embeddable":true,"href":"https:\/\/www.europesays.com\/fr\/wp-json\/wp\/v2\/comments?post=92616"}],"version-history":[{"count":0,"href":"https:\/\/www.europesays.com\/fr\/wp-json\/wp\/v2\/posts\/92616\/revisions"}],"wp:featuredmedia":[{"embeddable":true,"href":"https:\/\/www.europesays.com\/fr\/wp-json\/wp\/v2\/media\/92617"}],"wp:attachment":[{"href":"https:\/\/www.europesays.com\/fr\/wp-json\/wp\/v2\/media?parent=92616"}],"wp:term":[{"taxonomy":"category","embeddable":true,"href":"https:\/\/www.europesays.com\/fr\/wp-json\/wp\/v2\/categories?post=92616"},{"taxonomy":"post_tag","embeddable":true,"href":"https:\/\/www.europesays.com\/fr\/wp-json\/wp\/v2\/tags?post=92616"}],"curies":[{"name":"wp","href":"https:\/\/api.w.org\/{rel}","templated":true}]}}