{"id":92618,"date":"2025-05-11T20:44:12","date_gmt":"2025-05-11T20:44:12","guid":{"rendered":"https:\/\/www.europesays.com\/fr\/92618\/"},"modified":"2025-05-11T20:44:12","modified_gmt":"2025-05-11T20:44:12","slug":"manifestations-neofasciste-et-royaliste-a-paris-cessez-le-feu-au-cachemire-poutine-propose-un-dialogue-direct-avec-lukraine-ce-quil-ne-fallait-pas-manquer-ce-week-end","status":"publish","type":"post","link":"https:\/\/www.europesays.com\/fr\/92618\/","title":{"rendered":"Manifestations n\u00e9ofasciste et royaliste \u00e0 Paris, cessez-le-feu au Cachemire, Poutine propose un \u00ab\u00a0dialogue direct\u00a0\u00bb avec l&rsquo;Ukraine&#8230; Ce qu&rsquo;il ne fallait pas manquer ce week-end"},"content":{"rendered":"<p>\u00c0 Paris, un week-end sous les sigles de l\u2019extr\u00eame droite radicale<\/p>\n<p>Apr\u00e8s la manifestation du Comit\u00e9 du 9\u00a0mai samedi 10 mai, l\u2019Action fran\u00e7aise a march\u00e9 ce dimanche pour rendre hommage \u00e0 Jeanne d\u2019Arc, suivie de pr\u00e8s par des anciens p\u00e9tainistes de l\u2019\u0152uvre fran\u00e7aise.<\/p>\n<p>Indubitablement, les touristes ne comprennent pas bien \u00e0 qui ils ont affaire. Ce dimanche 11\u00a0mai, dans le doute, ils d\u00e9gainent leur t\u00e9l\u00e9phone pour filmer cette \u00e9trange procession parisienne, partie des marches du palais Garnier, dans le quartier de l\u2019Op\u00e9ra, et qui se dirige vers la statue de Jeanne d\u2019Arc, place des Pyramides. <\/p>\n<p>Les slogans \u00ab\u00a0Gloire et honneur \u00e0 Jeanne d\u2019Arc\u00a0\u00bb ou encore \u00ab\u00a0Le roi, demain, la France en a besoin\u00a0\u00bb, lanc\u00e9s avec vigueur et d\u00e9termination par<a href=\"https:\/\/www.humanite.fr\/politique\/extreme-droite\/lextreme-droite-sattaque-a-stains-766932\" rel=\"nofollow noopener\" target=\"_blank\"> les militants de l\u2019Action fran\u00e7aise (AF)<\/a>, une organisation d\u2019extr\u00eame droite monarchiste, ne provoquent aucune r\u00e9action particuli\u00e8re parmi les badauds, si ce n\u2019est quelques sourires \u00e9tonn\u00e9s.<\/p>\n<p>Cachemire\u00a0: en annon\u00e7ant lui m\u00eame le cessez-le-feu, Donald Trump met Narendra Modi au pas<\/p>\n<p>Donald Trump, en annon\u00e7ant lui-m\u00eame le cessez-le-feu entre l\u2019Inde et le Pakistan, samedi 10\u00a0mai, a renvoy\u00e9 Narendra Modi, au rang de suppl\u00e9tif.<\/p>\n<p><img loading=\"lazy\" decoding=\"async\" width=\"799\" height=\"652\" data-wp-class--hide=\"state.isContentHidden\" data-wp-class--show=\"state.isContentVisible\" data-wp-init=\"callbacks.setButtonStyles\" data-wp-on-async--click=\"actions.showLightbox\" data-wp-on-async--load=\"callbacks.setButtonStyles\" data-wp-on-async-window--resize=\"callbacks.setButtonStyles\" src=\"https:\/\/www.europesays.com\/fr\/wp-content\/uploads\/2025\/05\/REA11123954_pr_ef3ca4.jpg\" alt=\"\" class=\"wp-image-2816605\"  \/><\/p>\n<p>\t\t Donald Trump et Narendra Modi, le 13 f\u00e9vrier 2025, \u00e0 la Maison Blanche, \u00e0 Whashington. Le milliardaire \u00e9tats-unien entend faire comprendre qui dicte les r\u00e8gles \u00e0 un Narendra Modi qui tient lui aussi \u00e0 sa stature d\u2019homme fort. <br \/>\u00a9 Pib\/Press Information\/Planet Pix via ZUMA Press Wire<\/p>\n<p>Le premier ministre indien, Narendra Modi, a toujours fait du Cachemire une question strictement bilat\u00e9rale, voire nationale. En annon\u00e7ant lui-m\u00eame\u00a0<a href=\"https:\/\/www.humanite.fr\/monde\/inde\/apres-lattentat-au-cachemire-linde-et-le-pakistan-engages-dans-une-demonstration-de-force\" target=\"_blank\" class=\"\" rel=\"noreferrer noopener nofollow\">le cessez-le-feu entre l\u2019Inde et le Pakistan<\/a>, le 10\u00a0mai, son alli\u00e9 le plus puissant, Donald Trump, l\u2019a renvoy\u00e9 au rang de suppl\u00e9tif.\u00a0\u00ab\u00a0Apr\u00e8s une longue nuit de pourparlers sous la m\u00e9diation des \u00c9tats-Unis, je suis heureux d\u2019annoncer que l\u2019Inde et le Pakistan ont convenu d\u2019un cessez-le-feu COMPLET ET IMM\u00c9DIAT\u00a0\u00bb, a-t-il \u00e9crit sur son r\u00e9seau, Truth Social.\u00a0<\/p>\n<p>En plus de fa\u00e7onner sa\u00a0<a class=\"\" href=\"https:\/\/www.humanite.fr\/monde\/donald-trump\/donald-trump-un-president-vraiment-pour-la-paix\" target=\"_blank\" rel=\"noreferrer noopener nofollow\">pr\u00e9tendue image de pr\u00e9sident pacifiste<\/a>, le milliardaire \u00e9tats-unien entend faire comprendre qui dicte les r\u00e8gles \u00e0 un Narendra Modi qui tient lui aussi \u00e0 sa stature d\u2019homme fort. Si le Pakistan n\u2019a pas d\u00e9menti l\u2019id\u00e9e d\u2019une m\u00e9diation, le ministre indien\u00a0des Affaires \u00e9trang\u00e8res indien, Subrahmanyam Jaishankar, s\u2019est empress\u00e9 de publier un communiqu\u00e9 selon lequel la tr\u00eave aurait \u00e9t\u00e9\u00a0\u00ab\u00a0n\u00e9goci\u00e9e directement\u00a0\u00bb.<\/p>\n<p>Guerre en Ukraine\u00a0: les Occidentaux veulent un cessez-le-feu, Poutine propose un \u00ab\u00a0dialogue direct\u00a0\u00bb \u00e0 Istanbul<\/p>\n<p>Paris, Berlin et Varsovie, appuy\u00e9s par Washington, avancent depuis Kiev une proposition de cessez-le-feu \u00e0 laquelle le Kremlin r\u00e9pond par une offre de dialogue direct avec le pouvoir ukrainien.<\/p>\n<p><img loading=\"lazy\" decoding=\"async\" width=\"799\" height=\"550\" data-wp-class--hide=\"state.isContentHidden\" data-wp-class--show=\"state.isContentVisible\" data-wp-init=\"callbacks.setButtonStyles\" data-wp-on-async--click=\"actions.showLightbox\" data-wp-on-async--load=\"callbacks.setButtonStyles\" data-wp-on-async-window--resize=\"callbacks.setButtonStyles\" src=\"https:\/\/www.europesays.com\/fr\/wp-content\/uploads\/2025\/05\/REA11248111_pr.jpg\" alt=\"\" class=\"wp-image-2816697\"  \/><\/p>\n<p>\t\t Les chefs d\u2019\u00c9tats europ\u00e9ens de la \u00ab\u00a0coalition des volontaires\u00a0\u00bb \u00e0 Kiev, le 10\u00a0mai 2025. <br \/>\u00a9 Christian LIEWIG\/POOL-REA<\/p>\n<p>\u00c0 la sortie de leur visite \u00e0 Kiev, samedi 10\u00a0mai, les dirigeants des quatre plus puissants pays europ\u00e9ens sur le plan militaire, la France, le Royaume-Uni, l\u2019Allemagne et la Pologne\u00a0<a href=\"https:\/\/www.humanite.fr\/monde\/donald-trump\/inciter-la-russie-a-respecter-le-cessez-le-feu-volodymyr-zelensky-annonce-un-sommet-des-dirigeants-europeens-en-ukraine-samedi-10-mai\" target=\"_blank\" class=\"\" rel=\"noreferrer noopener nofollow\">se sont prononc\u00e9s en faveur d\u2019un cessez-le-feu de trente jours \u00ab\u00a0complet et inconditionnel\u00a0\u00bb<\/a>.<\/p>\n<p>Sur demande expresse du chancelier allemand, l\u2019administration \u00e9tats-unienne avait \u00e9t\u00e9 associ\u00e9e \u00e0 cette d\u00e9marche. Les autorit\u00e9s russes ont aussit\u00f4t voulu donner le change \u00e0 l\u2019initiative occidentale. Elles semblent d\u00e9sormais enclines \u00e0 s\u2019engager dans un processus diplomatique pour mettre fin \u00e0 la guerre qui ravage l\u2019Ukraine depuis plus de trois\u00a0ans.<\/p>\n<p>Un nouveau B\u00e9tharram : pr\u00e8s de Pau, sept anciens \u00e9l\u00e8ves du coll\u00e8ge-lyc\u00e9e priv\u00e9 Saint Joseph de Nay t\u00e9moignent de violences physiques<\/p>\n<p>Sept anciens \u00e9l\u00e8ves t\u00e9moignent aupr\u00e8s de l\u2019Humanit\u00e9 de violences physiques subies au sein de cet \u00e9tablissement, situ\u00e9 \u00e0 une dizaine de kilom\u00e8tres de B\u00e9tharram sur une p\u00e9riode s\u2019\u00e9talant des ann\u00e9es 1960 au d\u00e9but des ann\u00e9es 1990.<\/p>\n<p><img loading=\"lazy\" decoding=\"async\" width=\"711\" height=\"533\" data-wp-class--hide=\"state.isContentHidden\" data-wp-class--show=\"state.isContentVisible\" data-wp-init=\"callbacks.setButtonStyles\" data-wp-on-async--click=\"actions.showLightbox\" data-wp-on-async--load=\"callbacks.setButtonStyles\" data-wp-on-async-window--resize=\"callbacks.setButtonStyles\" src=\"https:\/\/www.europesays.com\/fr\/wp-content\/uploads\/2025\/05\/REA1760786_pr-edited.jpg\" alt=\"\" class=\"wp-image-2816700\"  \/><\/p>\n<p>\t\t Dans les ann\u00e9es 1990, les \u00e9l\u00e8ves n\u2019avaient \u00ab\u00a0personne dans l\u2019\u00e9tablissement vers qui se tourner\u00a0\u00bb et la sensation de ne pouvoir \u00e9chapper \u00e0 des adultes qui avaient \u00ab\u00a0carte blanche\u00a0\u00bb. <br \/>\u00a9 Richard DAMORET\/REA<\/p>\n<p>\u00c0 la lecture du t\u00e9moignage d\u2019H\u00e9l\u00e8ne Perlant, dans l\u2019\u00e9dition de\u00a0Paris-Match\u00a0du 22\u00a0avril dernier, Paul Mirat a ressenti \u00ab\u00a0un immense soulagement\u00a0\u00bb \u00ab\u00a0Je ne sais pas comment la remercier\u00a0\u00bb, souffle cet homme de 69\u00a0ans, \u00e0 propos de la fille du Premier ministre Fran\u00e7ois Bayrou. Cette derni\u00e8re accuse un religieux, l\u2019abb\u00e9 Lartiguet, <a href=\"https:\/\/www.humanite.fr\/societe\/francois-bayrou\/betharram-etait-organise-comme-une-secte-le-temoignage-de-la-fille-de-francois-bayrou-ne-dedouane-pas-le-premier-ministre\" target=\"_blank\" rel=\"noreferrer noopener nofollow\">de l\u2019avoir rou\u00e9e de coups lors d\u2019un camp d\u2019\u00e9t\u00e9 organis\u00e9 par la congr\u00e9gation de B\u00e9tharram.<\/a><\/p>\n<p>Au coll\u00e8ge o\u00f9 il enseignait, l\u2019\u00e9tablissement priv\u00e9 Saint Joseph, \u00e0 Nay (Pyr\u00e9n\u00e9es-Atlantiques), ce m\u00eame Lartiguet avait fait de Paul Mirat son bouc \u00e9missaire. Gifles quotidiennes, tabassages en r\u00e8gle\u00a0: le religieux, d\u00e9crit comme une \u00ab\u00a0armoire \u00e0 glace\u00a0\u00bb, d\u00e9cochait ses coups \u00ab\u00a0sans explications, juste pour le plaisir\u00a0\u00bb, accuse le septuag\u00e9naire.\u00a0Lundi 5\u00a0mai, \u00ab\u00a0pour all\u00e9ger (s) on fardeau\u00a0\u00bb, Paul Mirat a d\u00e9pos\u00e9 un signalement \u00e0 la gendarmerie de Nay.<\/p>\n<p>Et \u00e0 lire aussi : <\/p>\n<p>Enqu\u00eate sur D\u00e9cathlon : <a href=\"https:\/\/www.humanite.fr\/social-et-economie\/decathlon\/chez-decathlon-a-fond-la-vertu-pour-la-forme-et-la-quete-de-profit-sans-fond\" rel=\"nofollow noopener\" target=\"_blank\">\u00e0 fond la vertu pour la forme\u2026 et la qu\u00eate de profit sans fond<\/a><\/p>\n<p>\u00ab\u00a0Dans l\u2019extr\u00eame droite radicale, quand on fait un truc ill\u00e9gal, on peut \u00eatre contr\u00f4l\u00e9, mais \u00e7a va rarement plus loin\u00a0\u00bb\u00a0: entretien avec <a href=\"https:\/\/www.humanite.fr\/politique\/action-francaise\/dans-lextreme-droite-radicale-quand-on-fait-un-truc-illegal-on-peut-etre-controle-mais-ca-va-rarement-plus-loin-entretien-avec-le-sociologue-emmanuel-casajus\" rel=\"nofollow noopener\" target=\"_blank\">le sociologue Emmanuel Casajus<\/a><\/p>\n<p>Enqu\u00eate sur les agressions et viols que subissent les femmes de chambre : <a href=\"https:\/\/www.humanite.fr\/social-et-economie\/metoo\/quand-jai-ouvert-la-porte-le-client-ma-agrippe-les-seins-les-femmes-de-chambre-proies-des-violeurs-et-agresseurs-sexuels\" rel=\"nofollow noopener\" target=\"_blank\">\u00ab\u00a0Quand j\u2019ai ouvert la porte, le client m\u2019a agripp\u00e9 les seins\u00a0\u00bb<\/a><\/p>\n<p>Avant de partir, une derni\u00e8re chose\u2026<\/p>\n<p>Contrairement \u00e0 90% des m\u00e9dias fran\u00e7ais aujourd\u2019hui, <strong>l\u2019Humanit\u00e9 ne d\u00e9pend ni de grands groupes ni de milliardaires<\/strong>. Cela signifie que : <\/p>\n<ul class=\"wp-block-list\">\n<li>nous vous apportons des informations impartiales, sans compromis. Mais aussi que <\/li>\n<li>nous n\u2019avons pas les moyens financiers dont b\u00e9n\u00e9ficient les autres m\u00e9dias.<\/li>\n<\/ul>\n<p><strong>L\u2019information ind\u00e9pendante et de qualit\u00e9 a un co\u00fbt<\/strong>. Payez-le.<br \/><a href=\"https:\/\/stage.preprod.humanite.fr\/lhumanite-cest-vous\" data-type=\"link\" data-id=\"https:\/\/stage.preprod.humanite.fr\/lhumanite-cest-vous\" rel=\"nofollow noopener\" target=\"_blank\">Je veux en savoir plus<\/a><\/p>\n","protected":false},"excerpt":{"rendered":"\u00c0 Paris, un week-end sous les sigles de l\u2019extr\u00eame droite radicale Apr\u00e8s la manifestation du Comit\u00e9 du 9\u00a0mai&hellip;\n","protected":false},"author":2,"featured_media":92619,"comment_status":"","ping_status":"","sticky":false,"template":"","format":"standard","meta":{"footnotes":""},"categories":[1590],"tags":[11,1777,674,6429,12,220],"class_list":{"0":"post-92618","1":"post","2":"type-post","3":"status-publish","4":"format-standard","5":"has-post-thumbnail","7":"category-ukraine","8":"tag-actualites","9":"tag-eu","10":"tag-europe","11":"tag-extru00eame-droite","12":"tag-news","13":"tag-ukraine"},"share_on_mastodon":{"url":"https:\/\/pubeurope.com\/@fr\/114491153985358613","error":""},"_links":{"self":[{"href":"https:\/\/www.europesays.com\/fr\/wp-json\/wp\/v2\/posts\/92618","targetHints":{"allow":["GET"]}}],"collection":[{"href":"https:\/\/www.europesays.com\/fr\/wp-json\/wp\/v2\/posts"}],"about":[{"href":"https:\/\/www.europesays.com\/fr\/wp-json\/wp\/v2\/types\/post"}],"author":[{"embeddable":true,"href":"https:\/\/www.europesays.com\/fr\/wp-json\/wp\/v2\/users\/2"}],"replies":[{"embeddable":true,"href":"https:\/\/www.europesays.com\/fr\/wp-json\/wp\/v2\/comments?post=92618"}],"version-history":[{"count":0,"href":"https:\/\/www.europesays.com\/fr\/wp-json\/wp\/v2\/posts\/92618\/revisions"}],"wp:featuredmedia":[{"embeddable":true,"href":"https:\/\/www.europesays.com\/fr\/wp-json\/wp\/v2\/media\/92619"}],"wp:attachment":[{"href":"https:\/\/www.europesays.com\/fr\/wp-json\/wp\/v2\/media?parent=92618"}],"wp:term":[{"taxonomy":"category","embeddable":true,"href":"https:\/\/www.europesays.com\/fr\/wp-json\/wp\/v2\/categories?post=92618"},{"taxonomy":"post_tag","embeddable":true,"href":"https:\/\/www.europesays.com\/fr\/wp-json\/wp\/v2\/tags?post=92618"}],"curies":[{"name":"wp","href":"https:\/\/api.w.org\/{rel}","templated":true}]}}