{"id":92620,"date":"2025-05-11T20:45:11","date_gmt":"2025-05-11T20:45:11","guid":{"rendered":"https:\/\/www.europesays.com\/fr\/92620\/"},"modified":"2025-05-11T20:45:11","modified_gmt":"2025-05-11T20:45:11","slug":"le-hamas-va-liberer-un-otage-israelo-americain-apres-des-contacts-avec-washington","status":"publish","type":"post","link":"https:\/\/www.europesays.com\/fr\/92620\/","title":{"rendered":"Le Hamas va lib\u00e9rer un otage isra\u00e9lo-am\u00e9ricain apr\u00e8s des contacts avec Washington"},"content":{"rendered":"<p>Le mouvement islamiste palestinien Hamas a annonc\u00e9 dimanche son intention de lib\u00e9rer \u00e0 une date non pr\u00e9cis\u00e9e l&rsquo;otage isra\u00e9lo-am\u00e9ricain Edan Alexander, apr\u00e8s avoir fait \u00e9tat de n\u00e9gociations directes avec les Etats-Unis \u00e0 Doha.<\/p>\n<p>Cette annonce intervient avant la visite au Moyen-Orient du pr\u00e9sident am\u00e9ricain Donald Trump, qui doit se rendre en Arabie saoudite, au Qatar et aux Emirats arabes unis du 13 au 16 mai.<\/p>\n<p>Apr\u00e8s la d\u00e9claration du Hamas, le Premier ministre isra\u00e9lien Benjamin Netanyahu a affirm\u00e9 qu&rsquo;il poursuivrait la guerre \u00e0 Gaza, alors que la famille d&rsquo;Edan Alexander a dit dans un communiqu\u00e9 attendre sa lib\u00e9ration \u00ab\u00a0dans les prochains jours\u00a0\u00bb.<\/p>\n<p>Edan Alexander, le seul otage vivant ayant la nationalit\u00e9 am\u00e9ricaine encore retenu \u00e0 Gaza, a \u00e9t\u00e9 enlev\u00e9 alors qu&rsquo;il servait dans une unit\u00e9 d&rsquo;\u00e9lite dans le sud d&rsquo;Isra\u00ebl, lors d&rsquo;une attaque sans pr\u00e9c\u00e9dent men\u00e9e le 7 octobre 2023 par le Hamas.<\/p>\n<p>Cette attaque a d\u00e9clench\u00e9 la guerre \u00e0 Gaza, o\u00f9 Isra\u00ebl, jurant de d\u00e9truire le Hamas, a lanc\u00e9 une offensive de repr\u00e9sailles d\u00e9vastatrice qui a fait des dizaines de milliers de morts et provoqu\u00e9 un d\u00e9sastre humanitaire.<\/p>\n<p>\u00ab\u00a0Edan Alexander sera lib\u00e9r\u00e9 dans le cadre des efforts d\u00e9ploy\u00e9s en vue d&rsquo;un cessez-le-feu, de l&rsquo;ouverture des points de passage et de l&rsquo;entr\u00e9e de l&rsquo;aide et des secours \u00e0 notre peuple \u00e0 Gaza\u00a0\u00bb, a indiqu\u00e9 le Hamas dans un communiqu\u00e9.<\/p>\n<p>Il s&rsquo;est dit \u00ab\u00a0pr\u00eat \u00e0 entamer imm\u00e9diatement des n\u00e9gociations intensives en vue de parvenir \u00e0 un accord d\u00e9finitif sur l&rsquo;arr\u00eat de la guerre, l&rsquo;\u00e9change (d&rsquo;otages isra\u00e9liens contre des prisonniers palestiniens), la gestion de Gaza par un organisme ind\u00e9pendant (&#8230;) en plus de la reconstruction et de la fin du si\u00e8ge\u00a0\u00bb.<\/p>\n<p>&#8211; \u00ab\u00a0N\u00e9gociations sous le feu\u00a0\u00bb &#8211;<\/p>\n<p>Le Hamas a confirm\u00e9 des contacts avec l&rsquo;administration am\u00e9ricaine, apr\u00e8s que deux responsables du mouvement ont \u00e9voqu\u00e9 des \u00ab\u00a0discussions directes\u00a0\u00bb avec les Etats-Unis.<\/p>\n<p>\u00ab\u00a0Les Etats-unis ont inform\u00e9 Isra\u00ebl de l&rsquo;intention du Hamas de lib\u00e9rer l&rsquo;otage isra\u00e9lo-am\u00e9ricain comme un geste envers les Am\u00e9ricains, sans conditions\u00a0\u00bb, et que \u00ab\u00a0des n\u00e9gociations devraient suivre pour la lib\u00e9ration des autres otages (&#8230;)\u00a0\u00bb, a indiqu\u00e9 le bureau de M. Netanyahu dans un communiqu\u00e9.<\/p>\n<p>\u00ab\u00a0Selon la politique isra\u00e9lienne, les n\u00e9gociations se d\u00e9rouleront sous le feu avec l&rsquo;engagement d&rsquo;atteindre tous les objectifs de la guerre\u00a0\u00bb, a-t-il ajout\u00e9.<\/p>\n<p>Les Etats-Unis n&rsquo;ont pas r\u00e9agi dans l&rsquo;imm\u00e9diat aux annonces du Hamas, un mouvement qu&rsquo;ils consid\u00e8rent comme une organisation terroriste.<\/p>\n<p>D\u00e9but mars, les Etats-Unis ont fait \u00e9tat de premiers contacts directs avec le mouvement palestinien, men\u00e9s par l&rsquo;envoy\u00e9 sp\u00e9cial am\u00e9ricain pour les otages, Adam Boehler, apr\u00e8s consultation avec Isra\u00ebl.<\/p>\n<p>Apr\u00e8s une tr\u00eave de deux mois, Isra\u00ebl a repris le 18 mars son offensive \u00e0 Gaza, s&#8217;emparant de vastes r\u00e9gions.<\/p>\n<p>Son arm\u00e9e interdit depuis le 2 mars l&rsquo;entr\u00e9e de l&rsquo;aide humanitaire \u00e0 Gaza, o\u00f9 elle assi\u00e8ge les quelque 2,4 millions d&rsquo;habitants confront\u00e9s \u00e0 une situation humanitaire catastrophique avec des p\u00e9nuries de nourriture, de m\u00e9dicaments et de carburant.<\/p>\n<p>Un cessez-le-feu entre le 19 janvier et le 17 mars avait permis de sortir de Gaza 33 otages isra\u00e9liens &#8211; dont 8 morts &#8211; en \u00e9change de la lib\u00e9ration de quelque 1.800 prisonniers palestiniens.<\/p>\n<p>Les n\u00e9gociations indirectes entre Isra\u00ebl et le Hamas sont au point mort. Isra\u00ebl a annonc\u00e9 le 5 mai un plan de \u00ab\u00a0conqu\u00eate\u00a0\u00bb de Gaza pr\u00e9voyant un d\u00e9placement interne de sa population.<\/p>\n<p>&#8211; Douze Palestiniens tu\u00e9s \u00e0 Gaza &#8211;<\/p>\n<p>Dimanche, la D\u00e9fense civile \u00e0 Gaza a fait \u00e9tat de 12 morts, dont des enfants, dans des frappes a\u00e9riennes isra\u00e9liennes, la plupart \u00e0 Khan Youn\u00e8s (sud). Des avions de combat ont notamment pris pour cible trois tentes abritant des dizaines de d\u00e9plac\u00e9s.<\/p>\n<p>Des images tourn\u00e9es par l&rsquo;AFP montrent des secouristes, dans l&rsquo;obscurit\u00e9, \u00e9vacuant par ambulance des corps, l&rsquo;un dans un sac en plastique blanc l&rsquo;autre dans une couverture, ainsi qu&rsquo;un b\u00e9b\u00e9 bless\u00e9.<\/p>\n<p>L&rsquo;arm\u00e9e isra\u00e9lienne n&rsquo;a pas comment\u00e9 les frappes, mais a d\u00e9clar\u00e9 que ses forces a\u00e9riennes avaient frapp\u00e9 \u00ab\u00a0plus de 50 cibles terroristes \u00e0 Gaza\u00a0\u00bb depuis samedi.<\/p>\n<p>L&rsquo;attaque du Hamas le 7 octobre 2023 a entra\u00een\u00e9 la mort de 1.218 personnes du c\u00f4t\u00e9 isra\u00e9lien, en majorit\u00e9 des civils, selon un d\u00e9compte de l&rsquo;AFP bas\u00e9 sur des donn\u00e9es officielles.<\/p>\n<p>Sur les 251 personnes enlev\u00e9es en Isra\u00ebl ce jour-l\u00e0, 58 sont encore retenues \u00e0 Gaza, dont 34 d\u00e9clar\u00e9es mortes par l&rsquo;arm\u00e9e isra\u00e9lienne.<\/p>\n<p>Les repr\u00e9sailles isra\u00e9liennes ont fait au moins 52.829 morts \u00e0 Gaza, en majorit\u00e9 des civils, selon des donn\u00e9es publi\u00e9es dimanche par le minist\u00e8re de la Sant\u00e9 du Hamas, jug\u00e9es fiables par l&rsquo;ONU.<\/p>\n<p>bur\/tp\/ila<\/p>\n","protected":false},"excerpt":{"rendered":"Le mouvement islamiste palestinien Hamas a annonc\u00e9 dimanche son intention de lib\u00e9rer \u00e0 une date non pr\u00e9cis\u00e9e l&rsquo;otage&hellip;\n","protected":false},"author":2,"featured_media":92621,"comment_status":"","ping_status":"","sticky":false,"template":"","format":"standard","meta":{"footnotes":""},"categories":[1589],"tags":[11,20452,73,1866,3519,20453,12,1864,1865,1863,308],"class_list":{"0":"post-92620","1":"post","2":"type-post","3":"status-publish","4":"format-standard","5":"has-post-thumbnail","7":"category-etats-unis","8":"tag-actualites","9":"tag-edan-alexander","10":"tag-etats-unis","11":"tag-etats-unis-damerique","12":"tag-hamas","13":"tag-nationalite-americaine","14":"tag-news","15":"tag-united-states","16":"tag-united-states-of-america","17":"tag-us","18":"tag-usa"},"share_on_mastodon":{"url":"https:\/\/pubeurope.com\/@fr\/114491157967249112","error":""},"_links":{"self":[{"href":"https:\/\/www.europesays.com\/fr\/wp-json\/wp\/v2\/posts\/92620","targetHints":{"allow":["GET"]}}],"collection":[{"href":"https:\/\/www.europesays.com\/fr\/wp-json\/wp\/v2\/posts"}],"about":[{"href":"https:\/\/www.europesays.com\/fr\/wp-json\/wp\/v2\/types\/post"}],"author":[{"embeddable":true,"href":"https:\/\/www.europesays.com\/fr\/wp-json\/wp\/v2\/users\/2"}],"replies":[{"embeddable":true,"href":"https:\/\/www.europesays.com\/fr\/wp-json\/wp\/v2\/comments?post=92620"}],"version-history":[{"count":0,"href":"https:\/\/www.europesays.com\/fr\/wp-json\/wp\/v2\/posts\/92620\/revisions"}],"wp:featuredmedia":[{"embeddable":true,"href":"https:\/\/www.europesays.com\/fr\/wp-json\/wp\/v2\/media\/92621"}],"wp:attachment":[{"href":"https:\/\/www.europesays.com\/fr\/wp-json\/wp\/v2\/media?parent=92620"}],"wp:term":[{"taxonomy":"category","embeddable":true,"href":"https:\/\/www.europesays.com\/fr\/wp-json\/wp\/v2\/categories?post=92620"},{"taxonomy":"post_tag","embeddable":true,"href":"https:\/\/www.europesays.com\/fr\/wp-json\/wp\/v2\/tags?post=92620"}],"curies":[{"name":"wp","href":"https:\/\/api.w.org\/{rel}","templated":true}]}}