{"id":92622,"date":"2025-05-11T20:46:21","date_gmt":"2025-05-11T20:46:21","guid":{"rendered":"https:\/\/www.europesays.com\/fr\/92622\/"},"modified":"2025-05-11T20:46:21","modified_gmt":"2025-05-11T20:46:21","slug":"les-liens-entre-le-royaume-uni-et-lirlande-nont-jamais-ete-aussi-cruciaux","status":"publish","type":"post","link":"https:\/\/www.europesays.com\/fr\/92622\/","title":{"rendered":"les liens entre le Royaume-Uni et l&rsquo;Irlande n&rsquo;ont jamais \u00e9t\u00e9 aussi cruciaux"},"content":{"rendered":"<p>AA\/Londres\/Burak Bir<\/p>\n<p>Le Premier ministre britannique a salu\u00e9 jeudi les relations entre le Royaume-Uni et l&rsquo;Irlande, affirmant que la n\u00e9cessit\u00e9 de liens solides et stables n\u2019a jamais \u00e9t\u00e9 aussi grande.<\/p>\n<p>Lors de la session pl\u00e9ni\u00e8re du premier sommet RU-Irlande dans le nord-ouest de l&rsquo;Angleterre, Keir Starmer a soulign\u00e9 que cette rencontre inaugurait une nouvelle \u00e8re dans les relations bilat\u00e9rales.<\/p>\n<p>\u00ab\u00a0Nous avons annonc\u00e9 aujourd\u2019hui un investissement de plus de 185 millions de livres sterling (238,5 millions de dollars) au Royaume-Uni, ainsi qu&rsquo;un accord visant \u00e0 exploiter pleinement le potentiel des mers irlandaise et celtique, allant de la s\u00e9curit\u00e9 des c\u00e2bles sous-marins \u00e0 la mobilisation des investissements priv\u00e9s\u00a0\u00bb, a-t-il d\u00e9clar\u00e9.<\/p>\n<p>Le Premier ministre a ajout\u00e9 que cette initiative montre la volont\u00e9 des deux pays de rendre leur partenariat \u00ab\u00a0significatif, profond et b\u00e9n\u00e9fique pour les travailleurs\u00a0\u00bb.<\/p>\n<p>\u00ab\u00a0La n\u00e9cessit\u00e9 d\u2019une relation forte et stable entre le Royaume-Uni et l&rsquo;Irlande n&rsquo;a jamais \u00e9t\u00e9 aussi grande\u00a0\u00bb, a-t-il d\u00e9clar\u00e9.<\/p>\n<p>Starmer a soulign\u00e9 qu\u2019il \u00e9tait ravi que ce sommet marque le d\u00e9but d&rsquo;un programme ambitieux de coop\u00e9ration jusqu\u2019en 2030.<\/p>\n<p>Il a ajout\u00e9 que le monde avait chang\u00e9 \u00ab\u00a0de mani\u00e8re spectaculaire\u00a0\u00bb depuis que le Royaume-Uni et l&rsquo;Irlande avaient d\u00e9fini pour la derni\u00e8re fois une vision de relations bilat\u00e9rales plus \u00e9troites en 2012, devenant \u00ab\u00a0plus instable et incertain\u00a0\u00bb.<\/p>\n<p>Abordant les liens avec l&rsquo;UE, Starmer a mentionn\u00e9 les efforts du Royaume-Uni pour renforcer son alliance avec le bloc des 27 \u00c9tats membres, mais a insist\u00e9 sur le fait que cela ne signifiait pas rejoindre \u00e0 nouveau le march\u00e9 unique ou l&rsquo;union douani\u00e8re ni revenir \u00e0 la libre circulation des personnes.<\/p>\n<p>\u00ab\u00a0Mais cela signifie trouver des moyens pratiques de travailler plus \u00e9troitement ensemble pour stimuler le commerce, cr\u00e9er des emplois et favoriser la croissance \u00e9conomique.\u00a0\u00bb<\/p>\n<p>Le sommet, le premier du genre, a mis l&rsquo;accent sur le renforcement de la s\u00e9curit\u00e9 nationale, la stimulation de la croissance \u00e9conomique et l&rsquo;am\u00e9lioration de la s\u00e9curit\u00e9 \u00e9nerg\u00e9tique. <\/p>\n<p>Il a r\u00e9uni des ministres des gouvernements britannique et irlandais, ainsi que Keir Starmer et le Taoiseach Miche\u00e1l Martin, son homologue irlandais.<\/p>\n<p>L&rsquo;Irlande est le sixi\u00e8me partenaire commercial du Royaume-Uni, avec une relation commerciale d&rsquo;une valeur de pr\u00e8s de 80 milliards de livres sterling (103 milliards de dollars) l&rsquo;ann\u00e9e derni\u00e8re.<\/p>\n<p>Cette coop\u00e9ration couvre des secteurs tels que les \u00e9nergies renouvelables, les sciences de la vie, les industries cr\u00e9atives et la technologie.<\/p>\n<p>Traduit de l&rsquo;anglais par Sanaa Amir<\/p>\n<p>                            &#13;<br \/>\n                                <a href=\"https:\/\/www.aa.com.tr\/fr\/p\/abonnement\/1001\" target=\"_blank\" style=\"font-size:12px; color:#444; text-decoration:none;\" rel=\"nofollow noopener\">&#13;<br \/>\n                                    Seulement une partie des d\u00e9p\u00eaches, que l&rsquo;Agence Anadolu diffuse \u00e0 ses abonn\u00e9s via le Syst\u00e8me de Diffusion interne (HAS), est diffus\u00e9e sur le site de l&rsquo;AA, de mani\u00e8re r\u00e9sum\u00e9e. <b style=\"color:#1897F7\">Contactez-nous s&rsquo;il vous pla\u00eet pour vous abonner.<\/b>&#13;<br \/>\n                                <\/a>&#13;<\/p>\n","protected":false},"excerpt":{"rendered":"AA\/Londres\/Burak Bir Le Premier ministre britannique a salu\u00e9 jeudi les relations entre le Royaume-Uni et l&rsquo;Irlande, affirmant que&hellip;\n","protected":false},"author":2,"featured_media":92623,"comment_status":"","ping_status":"","sticky":false,"template":"","format":"standard","meta":{"footnotes":""},"categories":[1588],"tags":[11,1785,1777,674,516,2581,12,473,1853,20454,1851,1850,1852],"class_list":{"0":"post-92622","1":"post","2":"type-post","3":"status-publish","4":"format-standard","5":"has-post-thumbnail","7":"category-royaume-uni","8":"tag-actualites","9":"tag-anadolu-ajansi","10":"tag-eu","11":"tag-europe","12":"tag-irlande","13":"tag-keir-starmer","14":"tag-news","15":"tag-royaume-uni","16":"tag-royaume-uni-de-grande-bretagne-et-dirlande-du-nord","17":"tag-sommet-royaume-uni-irlande","18":"tag-uk","19":"tag-united-kingdom","20":"tag-united-kingdom-of-great-britain-and-northern-ireland"},"share_on_mastodon":{"url":"https:\/\/pubeurope.com\/@fr\/114491161814178967","error":""},"_links":{"self":[{"href":"https:\/\/www.europesays.com\/fr\/wp-json\/wp\/v2\/posts\/92622","targetHints":{"allow":["GET"]}}],"collection":[{"href":"https:\/\/www.europesays.com\/fr\/wp-json\/wp\/v2\/posts"}],"about":[{"href":"https:\/\/www.europesays.com\/fr\/wp-json\/wp\/v2\/types\/post"}],"author":[{"embeddable":true,"href":"https:\/\/www.europesays.com\/fr\/wp-json\/wp\/v2\/users\/2"}],"replies":[{"embeddable":true,"href":"https:\/\/www.europesays.com\/fr\/wp-json\/wp\/v2\/comments?post=92622"}],"version-history":[{"count":0,"href":"https:\/\/www.europesays.com\/fr\/wp-json\/wp\/v2\/posts\/92622\/revisions"}],"wp:featuredmedia":[{"embeddable":true,"href":"https:\/\/www.europesays.com\/fr\/wp-json\/wp\/v2\/media\/92623"}],"wp:attachment":[{"href":"https:\/\/www.europesays.com\/fr\/wp-json\/wp\/v2\/media?parent=92622"}],"wp:term":[{"taxonomy":"category","embeddable":true,"href":"https:\/\/www.europesays.com\/fr\/wp-json\/wp\/v2\/categories?post=92622"},{"taxonomy":"post_tag","embeddable":true,"href":"https:\/\/www.europesays.com\/fr\/wp-json\/wp\/v2\/tags?post=92622"}],"curies":[{"name":"wp","href":"https:\/\/api.w.org\/{rel}","templated":true}]}}