{"id":92624,"date":"2025-05-11T20:47:12","date_gmt":"2025-05-11T20:47:12","guid":{"rendered":"https:\/\/www.europesays.com\/fr\/92624\/"},"modified":"2025-05-11T20:47:12","modified_gmt":"2025-05-11T20:47:12","slug":"en-allemagne-des-milliers-de-personnes-dans-les-rues-pour-linterdiction-de-lafd-classe-extremiste-de-droite","status":"publish","type":"post","link":"https:\/\/www.europesays.com\/fr\/92624\/","title":{"rendered":"En Allemagne, des milliers de personnes dans les rues pour l\u2019interdiction de l\u2019AfD, class\u00e9 \u00ab extr\u00e9miste \u00bb de droite"},"content":{"rendered":"<p>ALLEMAGNE &#8211; Ils \u00e9taient 3000\u00a0\u00e0 Berlin, selon la police. Plusieurs milliers de personnes ont manifest\u00e9 ce dimanche 11\u00a0mai en<a href=\"https:\/\/fr.news.yahoo.com\/elon-musk-usine-tesla-allemagne-205525101.html\" data-ylk=\"slk:Allemagne;elm:context_link;itc:0;sec:content-canvas;outcm:mb_qualified_link;_E:mb_qualified_link;ct:story;\" class=\"link  yahoo-link\" rel=\"nofollow noopener\" target=\"_blank\"> Allemagne<\/a> pour l\u2019interdiction de l\u2019<a href=\"https:\/\/fr.news.yahoo.com\/europ%C3%A9ennes-rn-qu%C3%AAte-d-alliance-083509650.html\" data-ylk=\"slk:AfD;elm:context_link;itc:0;sec:content-canvas;outcm:mb_qualified_link;_E:mb_qualified_link;ct:story;\" class=\"link  yahoo-link\" rel=\"nofollow noopener\" target=\"_blank\">AfD<\/a> (Alternative pour l\u2019Allemagne), alors que le parti anti-immigration conteste une d\u00e9cision du renseignement int\u00e9rieur de le classifier comme \u00ab\u00a0extr\u00e9miste\u00a0\u00bb de droite.<\/p>\n<p>Les manifestants se sont rassembl\u00e9s dans plus de 60 villes, de Cologne \u00e0 Hambourg en passant par la capitale, \u00e0 l\u2019appel du r\u00e9seau associatif \u00ab\u00a0Zusammen gegen Rechts\u00a0\u00bb (ensemble contre la droite).<\/p>\n<p><a href=\"https:\/\/fr.news.yahoo.com\/l-afd-deuxi%C3%A8me-parti-d-111207355.html\" data-ylk=\"slk:L\u2019AfD, deuxi\u00e8me parti d\u2019Allemagne, bient\u00f4t interdit\u00a0? Cette classification va relancer le d\u00e9bat;elm:context_link;itc:0;sec:content-canvas;outcm:mb_qualified_link;_E:mb_qualified_link;ct:story;\" class=\"link  yahoo-link\" rel=\"nofollow noopener\" target=\"_blank\"> L\u2019AfD, deuxi\u00e8me parti d\u2019Allemagne, bient\u00f4t interdit\u00a0? Cette classification va relancer le d\u00e9bat <\/a><\/p>\n<p>\u00ab\u00a0L\u2019AfD n\u2019est pas un parti normal et ne doit pas \u00eatre trait\u00e9 comme tel. Il est maintenant temps d\u2019examiner s\u00e9rieusement l\u2019interdiction du parti\u00a0\u00bb, d\u00e9clare-t-il sur leur site.<\/p>\n<p>\u00ab\u00a0Tous ensemble contre le fascisme\u00a0\u00bb<\/p>\n<p>\u00c0 Berlin, le rassemblement \u00e0 l\u2019embl\u00e9matique porte de Brandenbourg a attir\u00e9 dans l\u2019apr\u00e8s-midi plus de 7\u00a0000 personnes selon les organisateurs, 3\u00a0000 selon la police.<\/p>\n<blockquote placeholder=\"\" data-theme=\"light\" class=\"twitter-tweet\">\n<p>\u25b6\ufe0f A mass demonstration against the right-wing forces and Alternative for <a href=\"https:\/\/twitter.com\/hashtag\/Germany?src=hash&amp;ref_src=twsrc%5Etfw\" rel=\"nofollow noopener\" target=\"_blank\" data-ylk=\"slk:#Germany;elm:context_link;itc:0;sec:content-canvas\" class=\"link \">#Germany<\/a> (AfD) is taking place in <a href=\"https:\/\/twitter.com\/hashtag\/Berlin?src=hash&amp;ref_src=twsrc%5Etfw\" rel=\"nofollow noopener\" target=\"_blank\" data-ylk=\"slk:#Berlin;elm:context_link;itc:0;sec:content-canvas\" class=\"link \">#Berlin<\/a>, a TASS correspondent reports<br \/>Initially, the organizers said that 5,000 people would take part in the demonstration. Berlin&rsquo;s police confirmed 4,000 participants\u2026 <a href=\"https:\/\/t.co\/zf9TdcFkfM\" rel=\"nofollow noopener\" target=\"_blank\" data-ylk=\"slk:pic.twitter.com\/zf9TdcFkfM;elm:context_link;itc:0;sec:content-canvas\" class=\"link \">pic.twitter.com\/zf9TdcFkfM<\/a><\/p>\n<p>\u2014 Uncensored News (@Uncensorednewsw) <a href=\"https:\/\/twitter.com\/Uncensorednewsw\/status\/1921625413840712135?ref_src=twsrc%5Etfw\" rel=\"nofollow noopener\" target=\"_blank\" data-ylk=\"slk:May 11, 2025;elm:context_link;itc:0;sec:content-canvas\" class=\"link \">May 11, 2025<\/a><\/p>\n<\/blockquote>\n<blockquote placeholder=\"\" data-theme=\"light\" class=\"twitter-tweet\">\n<p><a href=\"https:\/\/twitter.com\/hashtag\/le1105?src=hash&amp;ref_src=twsrc%5Etfw\" rel=\"nofollow noopener\" target=\"_blank\" data-ylk=\"slk:#le1105;elm:context_link;itc:0;sec:content-canvas\" class=\"link \">#le1105<\/a><br \/>Unsere Demo lief lautstark durch die Leipziger City u endete nun auf dem Kleinen Leuschner Platz. Wir sind uns einig, noch \u00f6fter auf die Strasse zu gehen, um unsere Forderung nach einem AFDVerbot zu wiederholen, solange bis sie tats\u00e4chlich verboten wird! <a href=\"https:\/\/twitter.com\/hashtag\/AFDVerbotjetzt?src=hash&amp;ref_src=twsrc%5Etfw\" rel=\"nofollow noopener\" target=\"_blank\" data-ylk=\"slk:#AFDVerbotjetzt;elm:context_link;itc:0;sec:content-canvas\" class=\"link \">#AFDVerbotjetzt<\/a> <a href=\"https:\/\/t.co\/6qEnuPvK4d\" rel=\"nofollow noopener\" target=\"_blank\" data-ylk=\"slk:pic.twitter.com\/6qEnuPvK4d;elm:context_link;itc:0;sec:content-canvas\" class=\"link \">pic.twitter.com\/6qEnuPvK4d<\/a><\/p>\n<p>\u2014 Omas* Gegen Rechts Leipzig \ud83c\udf08\ud83e\udd84\ud83c\udff3\ufe0f\u200d\ud83c\udf08 (@OmasGegRechtsLE) <a href=\"https:\/\/twitter.com\/OmasGegRechtsLE\/status\/1921597592359624863?ref_src=twsrc%5Etfw\" rel=\"nofollow noopener\" target=\"_blank\" data-ylk=\"slk:May 11, 2025;elm:context_link;itc:0;sec:content-canvas\" class=\"link \">May 11, 2025<\/a><\/p>\n<\/blockquote>\n<p>\u00ab\u00a0Tous ensemble contre le fascisme\u00a0\u00bb ont-ils scand\u00e9, brandissant des drapeaux arc-en-ciel et des pancartes contre le <a href=\"https:\/\/fr.news.yahoo.com\/perc%C3%A9e-l-afd-d-alice-120009771.html\" data-ylk=\"slk:mouvement d\u2019Alice Weidel;elm:context_link;itc:0;sec:content-canvas;outcm:mb_qualified_link;_E:mb_qualified_link;ct:story;\" class=\"link  yahoo-link\" rel=\"nofollow noopener\" target=\"_blank\">mouvement d\u2019Alice Weidel <\/a>qui a recueilli 20\u00a0% des voix aux derni\u00e8res l\u00e9gislatives.<\/p>\n<p>Quelques jours avant l\u2019investiture du nouveau chancelier Friedrich Merz, les services de renseignement int\u00e9rieur ont classifi\u00e9 l\u2019AfD comme \u00ab\u00a0extr\u00e9miste\u00a0\u00bb de droite, pouvant repr\u00e9senter un danger pour l\u2019ordre d\u00e9mocratique.<\/p>\n<p>L\u2019administration Trump prend fait et cause pour l\u2019AfD<\/p>\n<p>Jeudi, le renseignement int\u00e9rieur allemand a suspendu provisoirement cette d\u00e9cision en attendant que la justice, saisie d\u2019un recours par le parti, rende sa d\u00e9cision.<\/p>\n<p>La d\u00e9cision a d\u2019ores et d\u00e9j\u00e0 provoqu\u00e9 de vives tensions politiques, notamment dans les relations avec l\u2019administration de Donald Trump, qui a pris fait et cause pour l\u2019AfD.<\/p>\n<p>Et raviv\u00e9 le d\u00e9bat sur son interdiction, sujet \u00e9pineux pour Friedrich Merz charg\u00e9 de contenir l\u2019essor de la formation arriv\u00e9e en deuxi\u00e8me position des \u00e9lections l\u00e9gislatives de f\u00e9vrier.<\/p>\n<p>\u00ab\u00a0La CDU doit, au plus tard maintenant, faire face aux dangers que repr\u00e9sente l\u2019AfD et se positionner clairement\u00a0\u00bb, a exig\u00e9 ce week-end Britta Ha\u00dfelmann, cheffe de la fraction \u00e9cologiste au Bundestag, en interview avec le m\u00e9dia RND. Jusqu\u2019ici, les conservateurs s\u2019y montrent oppos\u00e9s, pour ne pas renforcer l\u2019AfD dans son r\u00f4le suppos\u00e9 de victime.<\/p>\n<p><strong>\u00c0 voir \u00e9galement sur Le HuffPost\u00a0:<\/strong><\/p>\n<p><a href=\"https:\/\/fr.news.yahoo.com\/friedrich-merz-chancelier-premi%C3%A8re-d%C3%A9cision-175352336.html\" data-ylk=\"slk:Friedrich Merz chancelier, la premi\u00e8re d\u00e9cision du gouvernement porte sur l\u2019immigration et cible les demandeurs d\u2019asile;elm:context_link;itc:0;sec:content-canvas;outcm:mb_qualified_link;_E:mb_qualified_link;ct:story;\" class=\"link  yahoo-link\" rel=\"nofollow noopener\" target=\"_blank\"> Friedrich Merz chancelier, la premi\u00e8re d\u00e9cision du gouvernement porte sur l\u2019immigration et cible les demandeurs d\u2019asile <\/a><\/p>\n<p><a href=\"https:\/\/fr.news.yahoo.com\/nouveau-chancelier-allemand-essuy%C3%A9-revers-093208239.html\" data-ylk=\"slk:Le nouveau chancelier allemand a essuy\u00e9 un revers in\u00e9dit avant m\u00eame son entr\u00e9e en fonction;elm:context_link;itc:0;sec:content-canvas;outcm:mb_qualified_link;_E:mb_qualified_link;ct:story;\" class=\"link  yahoo-link\" rel=\"nofollow noopener\" target=\"_blank\"> Le nouveau chancelier allemand a essuy\u00e9 un revers in\u00e9dit avant m\u00eame son entr\u00e9e en fonction <\/a><\/p>\n<p><script async src=\"https:\/\/platform.twitter.com\/widgets.js\" charset=\"utf-8\"><\/script><\/p>\n","protected":false},"excerpt":{"rendered":"ALLEMAGNE &#8211; Ils \u00e9taient 3000\u00a0\u00e0 Berlin, selon la police. Plusieurs milliers de personnes ont manifest\u00e9 ce dimanche 11\u00a0mai&hellip;\n","protected":false},"author":2,"featured_media":92625,"comment_status":"","ping_status":"","sticky":false,"template":"","format":"standard","meta":{"footnotes":""},"categories":[1587],"tags":[11,672,1898,1804,1805,1803,1777,674,1801,8205,20457,12,20456,20455,1802],"class_list":{"0":"post-92624","1":"post","2":"type-post","3":"status-publish","4":"format-standard","5":"has-post-thumbnail","7":"category-allemagne","8":"tag-actualites","9":"tag-allemagne","10":"tag-berlin","11":"tag-bundesrepublik-deutschland","12":"tag-de","13":"tag-deutschland","14":"tag-eu","15":"tag-europe","16":"tag-germany","17":"tag-interdiction","18":"tag-mass-demonstration","19":"tag-news","20":"tag-porte-de-brandebourg","21":"tag-porte-de-brandenbourg","22":"tag-republique-federale-dallemagne"},"share_on_mastodon":{"url":"https:\/\/pubeurope.com\/@fr\/114491165472101333","error":""},"_links":{"self":[{"href":"https:\/\/www.europesays.com\/fr\/wp-json\/wp\/v2\/posts\/92624","targetHints":{"allow":["GET"]}}],"collection":[{"href":"https:\/\/www.europesays.com\/fr\/wp-json\/wp\/v2\/posts"}],"about":[{"href":"https:\/\/www.europesays.com\/fr\/wp-json\/wp\/v2\/types\/post"}],"author":[{"embeddable":true,"href":"https:\/\/www.europesays.com\/fr\/wp-json\/wp\/v2\/users\/2"}],"replies":[{"embeddable":true,"href":"https:\/\/www.europesays.com\/fr\/wp-json\/wp\/v2\/comments?post=92624"}],"version-history":[{"count":0,"href":"https:\/\/www.europesays.com\/fr\/wp-json\/wp\/v2\/posts\/92624\/revisions"}],"wp:featuredmedia":[{"embeddable":true,"href":"https:\/\/www.europesays.com\/fr\/wp-json\/wp\/v2\/media\/92625"}],"wp:attachment":[{"href":"https:\/\/www.europesays.com\/fr\/wp-json\/wp\/v2\/media?parent=92624"}],"wp:term":[{"taxonomy":"category","embeddable":true,"href":"https:\/\/www.europesays.com\/fr\/wp-json\/wp\/v2\/categories?post=92624"},{"taxonomy":"post_tag","embeddable":true,"href":"https:\/\/www.europesays.com\/fr\/wp-json\/wp\/v2\/tags?post=92624"}],"curies":[{"name":"wp","href":"https:\/\/api.w.org\/{rel}","templated":true}]}}