{"id":92626,"date":"2025-05-11T20:48:12","date_gmt":"2025-05-11T20:48:12","guid":{"rendered":"https:\/\/www.europesays.com\/fr\/92626\/"},"modified":"2025-05-11T20:48:12","modified_gmt":"2025-05-11T20:48:12","slug":"europe-proche-orient-iran-afrique-trump-le-diplomate-enchaine-succes-et-effets-dannonce","status":"publish","type":"post","link":"https:\/\/www.europesays.com\/fr\/92626\/","title":{"rendered":"Europe, Proche-Orient, Iran, Afrique\u2026 Trump le diplomate encha\u00eene succ\u00e8s et effets d\u2019annonce"},"content":{"rendered":"<p><strong>D\u00c9CRYPTAGE &#8211;<\/strong> La diplomatie trumpienne a produit peu de r\u00e9alisations durables, alors que le pr\u00e9sident am\u00e9ricain entend pacifier les relations internationales.<\/p>\n<p class=\"fig-paragraph\">Les tensions internationales se multiplient pour Donald Trump. Aux guerres dont il a h\u00e9rit\u00e9, en Ukraine et au Proche-Orient, sont venues s\u2019ajouter de nouvelles crises. La diplomatie trumpienne, directe, rapide, opportuniste, fonctionne mieux dans l\u2019urgence que dans les longs pourparlers. Les efforts d\u00e9ploy\u00e9s pour enrayer l\u2019escalade entre l\u2019Inde et le Pakistan ou faire cesser les attaques des\u00a0<a href=\"http:\/\/www.lefigaro.fr\/international\/au-yemen-la-surprenante-resilience-des-rebelles-houthistes-20250505\" data-fig-type=\"Article\" data-gtm-custom-categorie=\"navigation\" data-gtm-custom-action=\"crossclick\" data-gtm-custom-label=\"Contextuel\" data-gtm-event=\"customEventSPE\" data-fig-domain=\"LEFIGARO\" rel=\"nofollow noopener\" target=\"_blank\">houthistes<\/a>\u00a0en mer Rouge ont \u00e9t\u00e9 ces derniers jours couronn\u00e9s de succ\u00e8s, tout comme la m\u00e9diation entre la R\u00e9publique d\u00e9mocratique du Congo et le Rwanda.<\/p>\n<p class=\"fig-paragraph\">Mais les conflits plus anciens continuent de frustrer le pr\u00e9sident am\u00e9ricain. La guerre d\u2019Ukraine se r\u00e9v\u00e8le plus difficile \u00e0 r\u00e9gler qu\u2019il ne l\u2019avait claironn\u00e9 pendant la campagne. Malgr\u00e9 les importantes concessions faites par Washington \u00e0 la Russie,\u00a0<a href=\"http:\/\/www.lefigaro.fr\/international\/a-moscou-vladimir-poutine-met-en-scene-la-fin-de-son-isolement-lors-de-la-grande-parade-de-la-victoire-20250509\" data-fig-type=\"Article\" data-gtm-custom-categorie=\"navigation\" data-gtm-custom-action=\"crossclick\" data-gtm-custom-label=\"Contextuel\" data-gtm-event=\"customEventSPE\" data-fig-domain=\"LEFIGARO\" rel=\"nofollow noopener\" target=\"_blank\">Poutine<\/a>\u00a0ne s\u2019est pas empress\u00e9 d\u2019accepter une tr\u00eave. L\u2019annonce vendredi de l\u2019ouverture de pourparlers directs est la premi\u00e8re r\u00e9ponse positive de Moscou. Mais m\u00eame l\u2019Administration am\u00e9ricaine reconna\u00eet qu\u2019il\u2026<\/p>\n<p class=\"fig-premium-paywall__infos\">\n        Cet article est r\u00e9serv\u00e9 aux abonn\u00e9s.        Il vous reste 88% \u00e0 d\u00e9couvrir.\n    <\/p>\n<p>                <img  data- alt=\"Le Figaro\" class=\"fig-img--complete fig-img\"\/><\/p>\n<p class=\"fig-premium-paywall__title\">Je m&rsquo;informe, je m&rsquo;inspire, je m&rsquo;abonne.<\/p>\n<p class=\"fig-premium-paywall__subtitle\">D\u00e9couvrez notre offre de bienvenue.<\/p>\n<p class=\"fig-premium-paywall__connect\">\n                D\u00e9j\u00e0 abonn\u00e9\u00a0?                <a class=\"fig-premium-paywall__connect-link\" href=\"https:\/\/connect.lefigaro.fr\/login?client=horizon_web&amp;type=main&amp;redirect_uri=https%3A%2F%2Fwww.lefigaro.fr%2Finternational%2Feurope-proche-orient-iran-afrique-trump-le-diplomate-enchaine-succes-et-effets-d-annonce-20250511\" data-js-gtm=\"{&quot;customCategorie&quot;: &quot;conversion&quot;, &quot;customAction&quot;: &quot;before_Landing_Connexion_paywall_auto&quot;, &quot;customLabel&quot;: &quot;bGVmaWdhcm8uZnJfXzFmMDJlNjhhLWE0ZmEtNmJjMi04Yjc5LTdiMTVjMzM0YTlmN19fQXJ0aWNsZQ==_Europe, Proche-Orient, Iran, Afrique\u2026 Trump le diplomate encha\u00eene succ\u00e8s et effets d\u2019annonce_454&quot;, &quot;customIDSPE&quot;: &quot;bGVmaWdhcm8uZnJfXzFmMDJlNjhhLWE0ZmEtNmJjMi04Yjc5LTdiMTVjMzM0YTlmN19fQXJ0aWNsZQ==&quot;, &quot;event&quot;: &quot;customEventSPE&quot;}\" rel=\"nofollow noopener\" target=\"_blank\"><br \/>\n                    Connectez-vous<br \/>\n                <\/a>\n            <\/p>\n","protected":false},"excerpt":{"rendered":"D\u00c9CRYPTAGE &#8211; La diplomatie trumpienne a produit peu de r\u00e9alisations durables, alors que le pr\u00e9sident am\u00e9ricain entend pacifier&hellip;\n","protected":false},"author":2,"featured_media":92627,"comment_status":"","ping_status":"","sticky":false,"template":"","format":"standard","meta":{"footnotes":""},"categories":[1586],"tags":[259,11,260,75,73,1777,674,1011,27,14,261,12,262,25],"class_list":{"0":"post-92626","1":"post","2":"type-post","3":"status-publish","4":"format-standard","5":"has-post-thumbnail","7":"category-europe","8":"tag-actualite-internationale","9":"tag-actualites","10":"tag-affaires-etrangeres","11":"tag-donald-trump","12":"tag-etats-unis","13":"tag-eu","14":"tag-europe","15":"tag-fr","16":"tag-france","17":"tag-international","18":"tag-ministere-des-affaires-etrangeres","19":"tag-news","20":"tag-politique-etrangere","21":"tag-republique-francaise"},"share_on_mastodon":{"url":"https:\/\/pubeurope.com\/@fr\/114491169423867185","error":""},"_links":{"self":[{"href":"https:\/\/www.europesays.com\/fr\/wp-json\/wp\/v2\/posts\/92626","targetHints":{"allow":["GET"]}}],"collection":[{"href":"https:\/\/www.europesays.com\/fr\/wp-json\/wp\/v2\/posts"}],"about":[{"href":"https:\/\/www.europesays.com\/fr\/wp-json\/wp\/v2\/types\/post"}],"author":[{"embeddable":true,"href":"https:\/\/www.europesays.com\/fr\/wp-json\/wp\/v2\/users\/2"}],"replies":[{"embeddable":true,"href":"https:\/\/www.europesays.com\/fr\/wp-json\/wp\/v2\/comments?post=92626"}],"version-history":[{"count":0,"href":"https:\/\/www.europesays.com\/fr\/wp-json\/wp\/v2\/posts\/92626\/revisions"}],"wp:featuredmedia":[{"embeddable":true,"href":"https:\/\/www.europesays.com\/fr\/wp-json\/wp\/v2\/media\/92627"}],"wp:attachment":[{"href":"https:\/\/www.europesays.com\/fr\/wp-json\/wp\/v2\/media?parent=92626"}],"wp:term":[{"taxonomy":"category","embeddable":true,"href":"https:\/\/www.europesays.com\/fr\/wp-json\/wp\/v2\/categories?post=92626"},{"taxonomy":"post_tag","embeddable":true,"href":"https:\/\/www.europesays.com\/fr\/wp-json\/wp\/v2\/tags?post=92626"}],"curies":[{"name":"wp","href":"https:\/\/api.w.org\/{rel}","templated":true}]}}