{"id":92654,"date":"2025-05-11T21:04:10","date_gmt":"2025-05-11T21:04:10","guid":{"rendered":"https:\/\/www.europesays.com\/fr\/92654\/"},"modified":"2025-05-11T21:04:10","modified_gmt":"2025-05-11T21:04:10","slug":"roman-historique-bd-vingt-auteurs-a-rencontrer-au-salon-du-livre-a-plumaugat","status":"publish","type":"post","link":"https:\/\/www.europesays.com\/fr\/92654\/","title":{"rendered":"Roman historique, BD\u2026 Vingt auteurs \u00e0 rencontrer au salon du livre \u00e0 Plumaugat"},"content":{"rendered":"<p>\u00a0Il n\u2019y a pas que les abeilles qui bourdonnent au Rucher\u00a0, pr\u00e9cise Aude Belhomme, la responsable de<a href=\"https:\/\/dinan.maville.com\/actu\/actudet_-plumaugat.-les-ruches-de-la-mediatheque-le-rucher-ont-livre-leur-premiere-recolte-de-miel-_52686-5766710_actu.Htm\" target=\"_blank\" rel=\"noopener\"> la m\u00e9diath\u00e8que de Plumaugat<\/a>, dans le pays de Dinan (C\u00f4tes-d\u2019Armor). En effet, cette derni\u00e8re, accompagn\u00e9e des b\u00e9n\u00e9voles et de l\u2019association Patrimoine-Plumaugat, ajuste les derniers d\u00e9tails de la deuxi\u00e8me \u00e9dition du salon du livre organis\u00e9 dans la commune, samedi 14\u00a0juin 2025, de 14\u00a0h \u00e0 18\u00a0h.<\/p>\n<p>Des auteurs prim\u00e9s parmi les invit\u00e9s<\/p>\n<p>\t<img decoding=\"async\" src=\"https:\/\/www.europesays.com\/fr\/wp-content\/uploads\/2025\/05\/P35221824D6802702G_px_640_.jpg\" alt=\"photo guillaume lefebvre, laur\u00e9at du prix litt\u00e9raire maritime jean-loreau, sera pr\u00e9sent au salon du livre de plumaugat, samedi 14\u00a0juin 2025.  \u00a9  archives ouest-france\" width=\"640\" title=\" Guillaume Lefebvre, laur\u00e9at du prix litt\u00e9raire maritime Jean-Loreau, sera pr\u00e9sent au salon du livre de Plumaugat, samedi 14\u00a0juin 2025.   Archives Ouest-France \"\/><\/p>\n<p class=\"elmt-legende\"> Guillaume Lefebvre, laur\u00e9at du prix litt\u00e9raire maritime Jean-Loreau, sera pr\u00e9sent au salon du livre de Plumaugat, samedi 14\u00a0juin 2025.   Archives Ouest-France <\/p>\n<p>Devant le succ\u00e8s de l\u2019\u00e9dition 2024 et face aux nombreuses demandes, la commune a souhait\u00e9 renouveler l\u2019exp\u00e9rience. \u00a0Cette ann\u00e9e, vingt auteurs seront pr\u00e9sents\u00a0\u00bb,annonce la biblioth\u00e9caire. Parmi eux\u00a0: Guillaume Lefebvre, laur\u00e9at du prix litt\u00e9raire maritime Jean-Loreau et Fran\u00e7ois Aussanaire, prix du suspens Le Roz et le Noir. Du c\u00f4t\u00e9 des romans historiques, L\u00e9na\u00efk Gouedard et Nathalie de Broc feront d\u00e9couvrir leurs univers.<\/p>\n<p><strong>Lire aussi\u00a0: <\/strong> <a href=\"https:\/\/saint-malo.maville.com\/actu\/actudet_-portrait.-dans-le-sillage-d-une-vie-maritime-guillaume-lefebvre-fait-naviguer-des-thrillers-_7-6592218_actu.Htm\" target=\"_blank\" rel=\"noopener\">PORTRAIT. Dans le sillage d\u2019une vie maritime, Guillaume Lefebvre fait naviguer des thrillers<\/a><\/p>\n<p>Il y aura du th\u00e9\u00e2tre avec Nanoq Atuinnaq et sa pi\u00e8ce sur Anne de Bretagne. Christos, auteur de plus de 50\u00a0ouvrages, viendra avec ses personnages f\u00e9tiches. C\u00f4t\u00e9 BD, <a href=\"https:\/\/rennes.maville.com\/actu\/actudet_-a-rennes-la-bande-dessinee-le-navire-ecarlate-celebre-l-art-de-maniere-ludique-et-onirique-_7-6217652_actu.Htm\" target=\"_blank\" rel=\"noopener\">L\u00e9o Verrier et son magnifique Navire \u00e9carlate, co\u00e9crit avec Claire Grimond,<\/a> entra\u00eeneront le lecteur dans le monde de la peinture et des pirates-artistes.<\/p>\n<p>Des Bretons et Les g\u00e2s d\u2019ici chez les ch\u2019tis<\/p>\n<p>La Bretagne sera bien repr\u00e9sent\u00e9e, avec R\u00e9gis Delano\u00e9 et son ouvrage Augustine, qui retrace les m\u00e9moires de sa grand-m\u00e8re agricultrice, mais aussi Gilles Bourrien, historien r\u00e9put\u00e9 de la r\u00e9gion. Seront pr\u00e9sents, \u00e9galement\u00a0: Roland Hahn, Marie-Suzanne Jombart, Cl\u00e9mence Le Goff et Isaline R\u00e9my, ainsi que des \u00e9crivains locaux comme Franck Vilboux, Pascal Boutin, Anne Keraudren et l\u2019association Patrimoine-Plumaugat, partenaire de l\u2019\u00e9v\u00e9nement. \u00c0 noter que Michelle Brieuc et Marie Bourdon, pr\u00e9sentes l\u2019ann\u00e9e derni\u00e8re, reviennent pour cette nouvelle \u00e9dition.<\/p>\n<p>Une nouveaut\u00e9\u00a0: Ar collections \u00e9ditions, maison d\u2019\u00e9dition cr\u00e9\u00e9e par Yvon Lechevestrier, Plumaugatais d\u2019origine, pr\u00e9sentera <a href=\"https:\/\/dinan.maville.com\/actu\/actudet_-une-page-meconnue-de-l-histoire-des-cotes-d-armor-va-etre-publiee-_5-6614041_actu.Htm\" target=\"_blank\" rel=\"noopener\">son dernier ouvrage, \u00e9crit par Carmen Bonenfant et Yvon Lechevestrier, Les g\u00e2s d\u2019ici chez les ch\u2019tis <\/a>. La maison d\u2019\u00e9dition proposera \u00e9galement plusieurs ouvrages, dont ceux de<a href=\"https:\/\/dinan.maville.com\/actu\/actudet_-epuise-le-livre-racontant-la-rude-vie-de-marie-morin-paysanne-du-mene-va-etre-reedite-_5-6787248_actu.Htm\" target=\"_blank\" rel=\"noopener\"> Sophie Launay <\/a>et Caroline Dorange, qui seront sur place.<\/p>\n<p>Une cabane \u00e0 histoires pour les enfants<\/p>\n<p>Des ateliers seront aussi propos\u00e9s\u00a0: calligraphie, ateliers cr\u00e9atifs autour du papier et des livres. \u00a0Les enfants ne seront pas oubli\u00e9s avec la pr\u00e9sence d\u2019une cabane \u00e0 histoire, pr\u00eat\u00e9e par le r\u00e9seau Lirici.\u00a0<\/p>\n<p>Toutes ces animations, ainsi que l\u2019entr\u00e9e du salon, sont gratuites. \u00a0Notre souhait est de proposer un moment convivial entre les auteurs et le public et de faire de ce salon un moment de rencontre accessible \u00e0 tous et \u00e0 tous les \u00e2ges\u00a0, indique encore Aude Belhomme.<\/p>\n<p><strong>Samedi 14\u00a0juin 2025, <\/strong>de 14\u00a0h \u00e0 18\u00a0h, salon du livre, m\u00e9diath\u00e8que le Rucher, place du Commerce, \u00e0 Plumaugat. Entr\u00e9e gratuite.<\/p>\n<p>\u00a0<\/p>\n","protected":false},"excerpt":{"rendered":"\u00a0Il n\u2019y a pas que les abeilles qui bourdonnent au Rucher\u00a0, pr\u00e9cise Aude Belhomme, la responsable de la&hellip;\n","protected":false},"author":2,"featured_media":92655,"comment_status":"","ping_status":"","sticky":false,"template":"","format":"standard","meta":{"footnotes":""},"categories":[1357],"tags":[711,9993,1379,3472,58,59,1011,27,15287,2003,1380,20459,20458,2004,6290],"class_list":{"0":"post-92654","1":"post","2":"type-post","3":"status-publish","4":"format-standard","5":"has-post-thumbnail","7":"category-livres","8":"tag-auteurs","9":"tag-bd","10":"tag-books","11":"tag-dinan","12":"tag-divertissement","13":"tag-entertainment","14":"tag-fr","15":"tag-france","16":"tag-historique","17":"tag-livre","18":"tag-livres","19":"tag-plumaugat","20":"tag-rencontrer","21":"tag-roman","22":"tag-salon"},"share_on_mastodon":{"url":"https:\/\/pubeurope.com\/@fr\/114491232462127090","error":""},"_links":{"self":[{"href":"https:\/\/www.europesays.com\/fr\/wp-json\/wp\/v2\/posts\/92654","targetHints":{"allow":["GET"]}}],"collection":[{"href":"https:\/\/www.europesays.com\/fr\/wp-json\/wp\/v2\/posts"}],"about":[{"href":"https:\/\/www.europesays.com\/fr\/wp-json\/wp\/v2\/types\/post"}],"author":[{"embeddable":true,"href":"https:\/\/www.europesays.com\/fr\/wp-json\/wp\/v2\/users\/2"}],"replies":[{"embeddable":true,"href":"https:\/\/www.europesays.com\/fr\/wp-json\/wp\/v2\/comments?post=92654"}],"version-history":[{"count":0,"href":"https:\/\/www.europesays.com\/fr\/wp-json\/wp\/v2\/posts\/92654\/revisions"}],"wp:featuredmedia":[{"embeddable":true,"href":"https:\/\/www.europesays.com\/fr\/wp-json\/wp\/v2\/media\/92655"}],"wp:attachment":[{"href":"https:\/\/www.europesays.com\/fr\/wp-json\/wp\/v2\/media?parent=92654"}],"wp:term":[{"taxonomy":"category","embeddable":true,"href":"https:\/\/www.europesays.com\/fr\/wp-json\/wp\/v2\/categories?post=92654"},{"taxonomy":"post_tag","embeddable":true,"href":"https:\/\/www.europesays.com\/fr\/wp-json\/wp\/v2\/tags?post=92654"}],"curies":[{"name":"wp","href":"https:\/\/api.w.org\/{rel}","templated":true}]}}