{"id":926555,"date":"2026-05-11T21:38:29","date_gmt":"2026-05-11T21:38:29","guid":{"rendered":"https:\/\/www.europesays.com\/fr\/926555\/"},"modified":"2026-05-11T21:38:29","modified_gmt":"2026-05-11T21:38:29","slug":"dj-set-cirque-et-visites-gratuites-la-nuit-des-musees-revient-surprendre-strasbourg","status":"publish","type":"post","link":"https:\/\/www.europesays.com\/fr\/926555\/","title":{"rendered":"DJ set, cirque et visites gratuites : la Nuit des Mus\u00e9es revient surprendre Strasbourg !"},"content":{"rendered":"<p><b>Si Ben Stiller a fait de sa <a href=\"https:\/\/www.youtube.com\/watch?v=LJiXswsfcmI\" target=\"_blank\" rel=\"noopener nofollow\">Nuit au mus\u00e9e<\/a> un succ\u00e8s au box-office, la Nuit europ\u00e9enne des mus\u00e9es n\u2019a rien \u00e0 lui envier. Depuis son lancement en 2005, ce rendez-vous culturel unique a su conqu\u00e9rir le public en lui offrant des conditions de visite exceptionnelles. Dans chaque ville, l\u2019\u00e9v\u00e9nement d\u00e9ploie un bel agenda. Rien qu\u2019\u00e0 Strasbourg : une soixantaine de surprises \u00e0 d\u00e9couvrir le samedi 23 mai, entre visites originales, animations musicales, th\u00e9\u00e2trales, ateliers. Le tout : gratuit et de nuit.<\/b><\/p>\n<p>\u00c9v\u00e9nement national devenu depuis europ\u00e9en (organis\u00e9 par le minist\u00e8re de la Culture, en liaison avec les DRAC \u2013 Directions r\u00e9gionales des affaires culturelles), <b>la Nuit europ\u00e9enne des Mus\u00e9es se tiendra cette ann\u00e9e le samedi 23 mai<\/b>.<\/p>\n<p>Comme dans de nombreuses villes, <b>les mus\u00e9es de Strasbourg ouvriront leurs portes gratuitement de la tomb\u00e9e de la nuit jusqu\u2019\u00e0 minuit<\/b>, pour cette <b>22e \u00e9dition<\/b>. Au programme\u00a0? <b>Une soixantaine de rendez-vous<\/b>, diss\u00e9min\u00e9s dans toute la ville, \u00e0 explorer entre potes ou en famille.<\/p>\n<p>    <img width=\"450\" height=\"600\" src=\"https:\/\/www.europesays.com\/fr\/wp-content\/uploads\/2026\/05\/img-5078-450x600.jpg\" class=\"attachment-image-size-M size-image-size-M\" alt=\"mus\u00e9e zoologique\" decoding=\"async\" loading=\"lazy\"  \/>         \u00a9 Coraline Lafon \/ Pokaa <\/p>\n<p>Des visites originales et des ateliers cr\u00e9atifs<\/p>\n<p>Si la Nuit des Mus\u00e9es permet d\u2019explorer les mus\u00e9es en totale autonomie (et ce, gratuitement et pendant la nuit), elle pr\u00e9voit aussi pl\u00e9thore de <b>visites originales<\/b>, pour celles et ceux qui souhaiteraient se laisser guider.<\/p>\n<p>    <img width=\"544\" height=\"600\" src=\"https:\/\/www.europesays.com\/fr\/wp-content\/uploads\/2026\/05\/faiences-hannong-musees-de-la-ville-e1696001126466-544x600.jpg\" class=\"attachment-image-size-M size-image-size-M\" alt=\"Mus\u00e9es de la Ville + arts d\u00e9coratifs + palais rohanFa\u00efences Hannong\" decoding=\"async\" loading=\"lazy\"  \/>         Mus\u00e9e des arts d\u00e9coratifs. \u00a9 Mus\u00e9es de la Ville de Strasbourg \/ Capture d&rsquo;\u00e9cran <\/p>\n<p>On pense par exemple \u00e0 <b>l\u2019op\u00e9ration \u00ab\u00a0La classe, l\u2019\u0153uvre\u00a0!\u00a0\u00bb<\/b> (en partenariat avec le minist\u00e8re de l\u2019\u00c9ducation) qui met en relation des classes et des mus\u00e9es, pour que le temps d\u2019une soir\u00e9e, des \u00e9coliers\/\u00e8res de tout \u00e2ge s\u2019improvisent m\u00e9diateurs\/rices.<\/p>\n<p>\u00c0 Strasbourg, de jeunes guides nous embarqueront notamment autour d\u2019un buffet extraordinaire de vrais faux plats (au Mus\u00e9e des Arts d\u00e9coratifs). Ou nous pr\u00e9senterons, au Mus\u00e9e de l\u2019\u0152uvre Notre-Dame, <b>une sayn\u00e8te th\u00e9\u00e2tralis\u00e9e <\/b>(imagin\u00e9e par des \u00e9l\u00e8ves latinistes).<\/p>\n<p>                <img width=\"750\" height=\"500\" src=\"https:\/\/www.europesays.com\/fr\/wp-content\/uploads\/2026\/05\/wilfried-rion-pokaa-27-750x500.jpg\" class=\"attachment-gallery size-gallery\" alt=\"Mus\u00e9e Art Moderne Strasbourg \u2013 Gardien regarde oeuvre\" data-full-url=\"https:\/\/pokaa.fr\/wp-content\/uploads\/2023\/10\/20\/wilfried-rion-pokaa-27.jpg\" decoding=\"async\" loading=\"lazy\"  \/>            <\/p>\n<p>                <img width=\"750\" height=\"500\" src=\"https:\/\/www.europesays.com\/fr\/wp-content\/uploads\/2026\/05\/wilfried-rion-pokaa-30-750x500.jpg\" class=\"attachment-gallery size-gallery\" alt=\"Gardien nuit Mus\u00e9e Art Moderne Strasbourg\" data-full-url=\"https:\/\/pokaa.fr\/wp-content\/uploads\/2023\/10\/20\/wilfried-rion-pokaa-30.jpg\" decoding=\"async\" loading=\"lazy\"  \/>            <\/p>\n<p>                    \u00a9 Wilfried Rion \/ Pokaa<\/p>\n<p>On pourra \u00e9galement s\u2019arr\u00eater \u00e0 <b>une \u00ab\u00a0Histoire du soir\u00a0\u00bb<\/b> (aux Beaux-Arts), suivre une des <b>nombreuses visites \u00ab\u00a0Coup de projecteur\u00a0\u00bb<\/b>, ou guid\u00e9es <b>au c\u0153ur des expositions actuelles<\/b>, et m\u00eame <b>\u00e0 la lampe torche<\/b>\u00a0!<\/p>\n<p><b>Plusieurs ateliers ponctueront \u00e9galement la soir\u00e9e<\/b>\u2026 De ceux adress\u00e9s aux familles comme pour<b> \u00e9crire en cun\u00e9iforme <\/b>(au Mus\u00e9e arch\u00e9ologique, d\u00e8s 6 ans) \u00e0 celui sur \u00ab Le dodo des animaux \u00bb au Mus\u00e9e Tomi-Ungerer avec <b>dessins et r\u00e9troprojection <\/b>(d\u00e8s 4 ans), ou la <b>fresque collective<\/b> dans son jardin.<\/p>\n<p>On pense aussi \u00e0<b> l\u2019atelier participatif \u00ab\u00a0Dessiner la nuit\u00a0\u00bb \u00e0 l\u2019Aubette 1928<\/b> qui nous permettra de composer, \u00e0 plusieurs, <b>une \u0153uvre collective<\/b> pour entrer dans \u00ab\u00a0un dialogue plastique et po\u00e9tique\u00a0\u00bb avec le lieu.<\/p>\n<p>    <img width=\"800\" height=\"526\" src=\"https:\/\/www.europesays.com\/fr\/wp-content\/uploads\/2026\/05\/aubette-1928-le-cine-bal-de-t-van-doesburg-musees-de-la-ville-de-strasbourg-m-bertola-e1696001041279.jpeg\" class=\"attachment-image-size-L size-image-size-L\" alt=\"Aubette 1928\" decoding=\"async\" loading=\"lazy\"  \/>         Aubette 1928. \u00a9 Mus\u00e9es de la Ville de Strasbourg &#8211; M. Bertola \/ Document remis <\/p>\n<p>Musique, cirque, performances\u00a0: les mus\u00e9es s&rsquo;animent<\/p>\n<p>Grand classique de la Nuit des Mus\u00e9es \u00e0 Strasbourg\u2026 <b>L\u2019accueil en musique, dans la magnifique cour du Palais Rohan<\/b>, au pied de la cath\u00e9drale.<\/p>\n<p>Cette ann\u00e9e, ce sera \u00e0 <b>l\u2019Ensemble vocal f\u00e9minin Les Voy\u2019Elles<\/b> du Centre musical de la Krutenau de nous surprendre tout au long de la soir\u00e9e avec des <b>interventions chant\u00e9es<\/b>. Et ce, non loin d\u2019<b>un \u00e9tonnant bar \u00e0 tisanes propos\u00e9 par Ar\u2019tisane <\/b>(avec d\u00e9gustations d\u2019infusions locales).<\/p>\n<p>    <img width=\"800\" height=\"534\" src=\"https:\/\/www.europesays.com\/fr\/wp-content\/uploads\/2026\/05\/frequentation-musees-strasbourg-pokaa-2.jpg\" class=\"attachment-image-size-L size-image-size-L\" alt=\"Fr\u00e9quentation mus\u00e9es strasbourg pokaa 2\" decoding=\"async\" loading=\"lazy\"  \/>         \u00a9 Document remis <\/p>\n<p>Quant aux salles des <b>Mus\u00e9es arch\u00e9ologique, des Beaux-arts et des Arts d\u00e9coratifs<\/b>, elles s\u2019animeront sur les notes de Parsival Castro (au luth), Hugo Degorre (\u00e0 l\u2019accord\u00e9on), Renata Duarte (\u00e0 la fl\u00fbte) et Hideaki Tsuji (\u00e0 la guitare).<\/p>\n<p>Et<b> pour patienter dans la file du Mus\u00e9e Tomi-Ungerer ? Place au trio \u00e9lectro-jazz Klar Wetter<\/b>.<\/p>\n<\/p>\n<p><b>Le Mus\u00e9e historique<\/b> invitera plusieurs groupes de pratiques amateurs avec <b>de la danse, du cirque, un ch\u0153ur de chambre<\/b> (Philae), <b>des chorales <\/b>(dont celle de Pelicanto) et m\u00eame <b>un cin\u00e9-concert<\/b>.<\/p>\n<p><b>Au Mus\u00e9e de l\u2019\u0152uvre Notre-Dame, on y croisera de dr\u00f4les d\u2019\u00ab\u00a0Oiseaux nocturnes\u00a0\u00bb<\/b>, au travers de <b>performances <\/b>d\u2019\u00e9tudiant(e)s en section sc\u00e9nographie de la HEAR. Et <b>au Mus\u00e9e zoologique<\/b>, des <b>\u00e9chassiers\/\u00e8res et musicien(ne)s de la Compagnie les Arts Pitres <\/b>qui<b> <\/b>s\u2019empareront de la rue Lobstein (pi\u00e9tonnis\u00e9e) lors de curieuses d\u00e9ambulations musicales.<\/p>\n<p><b>Le MAMCS<\/b> ne sera pas en reste, et nous proposera<b> <\/b><b>La BABABOUM<\/b>. <b>Un spectacle musical de la Cie Mademoiselle Sauvage <\/b>qui compte du <b>th\u00e9\u00e2tre de marionnettes<\/b>, d\u2019objets, et un <b>\u00ab\u00a0DJ set des moins classiques\u00a0\u00bb<\/b>.<\/p>\n<p>                <img width=\"750\" height=\"500\" src=\"https:\/\/www.europesays.com\/fr\/wp-content\/uploads\/2026\/01\/musee-zoologique-jardin-des-sciences-56-750x500.jpg\" class=\"attachment-gallery size-gallery\" alt=\"Mus\u00e9e zoologique jardin des sciences (56)\" data-full-url=\"https:\/\/pokaa.fr\/wp-content\/uploads\/2025\/06\/15\/musee-zoologique-jardin-des-sciences-56.jpg\" decoding=\"async\" loading=\"lazy\"  \/>            <\/p>\n<p>                <img width=\"750\" height=\"500\" src=\"https:\/\/www.europesays.com\/fr\/wp-content\/uploads\/2025\/06\/musee-zoologique-jardin-des-sciences-41-750x500.jpg\" class=\"attachment-gallery size-gallery\" alt=\"Mus\u00e9e zoologique jardin des sciences (41)\" data-full-url=\"https:\/\/pokaa.fr\/wp-content\/uploads\/2025\/06\/15\/musee-zoologique-jardin-des-sciences-41.jpg\" decoding=\"async\" loading=\"lazy\"  \/>            <\/p>\n<p>                <img width=\"667\" height=\"500\" src=\"https:\/\/www.europesays.com\/fr\/wp-content\/uploads\/2026\/05\/img-2338-667x500.jpg\" class=\"attachment-gallery size-gallery\" alt=\"Mus\u00e9e zoologique baleine\" data-full-url=\"https:\/\/pokaa.fr\/wp-content\/uploads\/2025\/09\/10\/img-2338.jpg\" decoding=\"async\" loading=\"lazy\"  \/>            <\/p>\n<p>                    Mus\u00e9e zoologique. 1. 2. \u00a9 Marie Goehner-David \/ Pokaa ; 3. \u00a9 Anthony Jilli \/ Pokaa<\/p>\n<p>La BNU se livre aussi, pendant la Nuit des Mus\u00e9es<\/p>\n<p>En parall\u00e8le, <b>la BNU<\/b> (Biblioth\u00e8que nationale et universitaire de Strasbourg) ouvrira elle aussi ses portes, notamment celles de ses r\u00e9serves, autour de ses collections antiques\u2026<\/p>\n<p>L\u2019occasion aussi d\u2019arpenter <b>ses expositions<\/b>, sur les traces de<a href=\"https:\/\/nuitdesmusees.culture.gouv.fr\/w\/370420\/evenement\/19595567\/archeologie-de-louest-iranien#\/events\/19595567\" target=\"_blank\" rel=\"noopener nofollow\"><b> l\u2019Arch\u00e9ologie de l\u2019Ouest iranien<\/b><\/a>, autour d\u2019<a href=\"https:\/\/nuitdesmusees.culture.gouv.fr\/w\/370420\/evenement\/19595568\/andre-malraux-la-tentation-du-cinema#\/events\/19595568\" target=\"_blank\" rel=\"noopener nofollow\"><b>Andr\u00e9 Malraux. La tentation du cin\u00e9ma<\/b><\/a> et de<a href=\"https:\/\/nuitdesmusees.culture.gouv.fr\/w\/370420\/evenement\/19595570\/rene-cassin-un-combattant-pour-la-paix#\/events\/19595570\" target=\"_blank\" rel=\"noopener nofollow\"><b> Ren\u00e9 Cassin. Un combattant pour la paix<\/b><\/a>.<\/p>\n<p>En bref, pour \u00eatre \u00e0 la page et en conna\u00eetre un rayon, on se donne <strong>rendez-vous le 23 mai \u00e0 la BNU et dans les mus\u00e9es<\/strong>.<\/p>\n<p>                <img width=\"752\" height=\"500\" src=\"https:\/\/www.europesays.com\/fr\/wp-content\/uploads\/2026\/05\/bnu_pka_1200pix-21.jpg\" class=\"attachment-gallery size-gallery\" alt=\"BNU_PKA_@1200pix-21\" data-full-url=\"https:\/\/www.europesays.com\/fr\/wp-content\/uploads\/2026\/05\/bnu_pka_1200pix-21.jpg\" decoding=\"async\" loading=\"lazy\"  \/>            <\/p>\n<p>                <img width=\"752\" height=\"500\" src=\"https:\/\/www.europesays.com\/fr\/wp-content\/uploads\/2025\/09\/bnu_pka_1200pix-22.jpg\" class=\"attachment-gallery size-gallery\" alt=\"BNU_PKA_@1200pix-22\" data-full-url=\"https:\/\/www.europesays.com\/fr\/wp-content\/uploads\/2025\/09\/bnu_pka_1200pix-22.jpg\" decoding=\"async\" loading=\"lazy\"  \/>            <\/p>\n<p>                <img width=\"752\" height=\"500\" src=\"https:\/\/www.europesays.com\/fr\/wp-content\/uploads\/2026\/05\/bnu_pka_1200pix-10.jpg\" class=\"attachment-gallery size-gallery\" alt=\"BNU_PKA_@1200pix-10\" data-full-url=\"https:\/\/www.europesays.com\/fr\/wp-content\/uploads\/2026\/05\/bnu_pka_1200pix-10.jpg\" decoding=\"async\" loading=\"lazy\"  \/>            <\/p>\n<p>                    BNU. \u00a9 Adrien Labit \/ Pokaa<\/p>\n<p>            Nuit europ\u00e9enne des Mus\u00e9es 2026<\/p>\n<p>            Quoi ? <\/p>\n<p>Ouverture gratuite et nocturne des mus\u00e9es en France et en Europe avec visites et animations<\/p>\n<p>                Quand ?<\/p>\n<p>Samedi 23 mai (en soir\u00e9e)<\/p>\n<p>            o\u00f9 ?<\/p>\n<p>De nombreux sites en France et en Europe<\/p>\n<p>\u00c0 Strasbourg :<\/p>\n<ul>\n<li>dans les mus\u00e9es de Strasbourg<\/li>\n<li>\u00e0 la BNU (Biblioth\u00e8que nationale universitaire)<\/li>\n<\/ul>\n<p>                Plus d&rsquo;infos ?<\/p>\n<p><a href=\"https:\/\/nuitdesmusees.culture.gouv.fr\/\" target=\"_blank\" rel=\"noopener nofollow\">La Nuit europ\u00e9enne des Mus\u00e9es<\/a><br \/><a href=\"https:\/\/nuitdesmusees.culture.gouv.fr\/programme#\/search@48.5691462,7.7620688,11.78\" target=\"_blank\" rel=\"noopener nofollow\">Le programme pour Strasbourg<\/a><\/p>\n","protected":false},"excerpt":{"rendered":"Si Ben Stiller a fait de sa Nuit au mus\u00e9e un succ\u00e8s au box-office, la Nuit europ\u00e9enne des&hellip;\n","protected":false},"author":2,"featured_media":926556,"comment_status":"","ping_status":"","sticky":false,"template":"","format":"standard","meta":{"footnotes":"","_share_on_mastodon":"0"},"categories":[2820],"tags":[1111,11,4396,1777,674,652,1011,27,775,326,54961,85200,12,21571,98593,72882,25,640,510,4064],"class_list":["post-926555","post","type-post","status-publish","format-standard","has-post-thumbnail","category-strasbourg","tag-actu","tag-actualites","tag-atelier","tag-eu","tag-europe","tag-famille","tag-fr","tag-france","tag-grand-est","tag-gratuit","tag-mamcs","tag-musees-de-la-ville-de-strasbourg","tag-news","tag-nuit-des-musees","tag-nuit-europeenne-des-musees","tag-palais-rohan","tag-republique-francaise","tag-strasbourg","tag-visite","tag-week-end"],"share_on_mastodon":{"url":"https:\/\/pubeurope.com\/@fr\/116558110425832166","error":""},"_links":{"self":[{"href":"https:\/\/www.europesays.com\/fr\/wp-json\/wp\/v2\/posts\/926555","targetHints":{"allow":["GET"]}}],"collection":[{"href":"https:\/\/www.europesays.com\/fr\/wp-json\/wp\/v2\/posts"}],"about":[{"href":"https:\/\/www.europesays.com\/fr\/wp-json\/wp\/v2\/types\/post"}],"author":[{"embeddable":true,"href":"https:\/\/www.europesays.com\/fr\/wp-json\/wp\/v2\/users\/2"}],"replies":[{"embeddable":true,"href":"https:\/\/www.europesays.com\/fr\/wp-json\/wp\/v2\/comments?post=926555"}],"version-history":[{"count":0,"href":"https:\/\/www.europesays.com\/fr\/wp-json\/wp\/v2\/posts\/926555\/revisions"}],"wp:featuredmedia":[{"embeddable":true,"href":"https:\/\/www.europesays.com\/fr\/wp-json\/wp\/v2\/media\/926556"}],"wp:attachment":[{"href":"https:\/\/www.europesays.com\/fr\/wp-json\/wp\/v2\/media?parent=926555"}],"wp:term":[{"taxonomy":"category","embeddable":true,"href":"https:\/\/www.europesays.com\/fr\/wp-json\/wp\/v2\/categories?post=926555"},{"taxonomy":"post_tag","embeddable":true,"href":"https:\/\/www.europesays.com\/fr\/wp-json\/wp\/v2\/tags?post=926555"}],"curies":[{"name":"wp","href":"https:\/\/api.w.org\/{rel}","templated":true}]}}