{"id":926634,"date":"2026-05-11T22:29:18","date_gmt":"2026-05-11T22:29:18","guid":{"rendered":"https:\/\/www.europesays.com\/fr\/926634\/"},"modified":"2026-05-11T22:29:18","modified_gmt":"2026-05-11T22:29:18","slug":"on-nous-a-accuses-de-vouloir-souffler-sur-les-braises-les-secrets-du-film-evenement-sur-samuel-paty","status":"publish","type":"post","link":"https:\/\/www.europesays.com\/fr\/926634\/","title":{"rendered":"\u00ab\u00a0On nous a accus\u00e9s de vouloir souffler sur les braises\u00a0\u00bb : les secrets du film \u00e9v\u00e9nement sur Samuel Paty"},"content":{"rendered":"<p>\n    <strong>EXCLUSIF<\/strong> &#8211; Le Figaro Magazine a pu voir en exclusivit\u00e9 L\u2019Abandon, une fiction sur les derniers jours du professeur assassin\u00e9 en 2020. Un projet p\u00e9rilleux, approuv\u00e9 par la s\u0153ur de Samuel Paty, qui r\u00e9ussit \u00e0 \u00e9viter tout sensationnalisme tout en mettant en lumi\u00e8re des r\u00e9alit\u00e9s qui d\u00e9rangent.<\/p>\n<p class=\"fig-paragraph\">De\u00a0<a href=\"http:\/\/www.lefigaro.fr\/actualite-france\/au-proces-en-appel-de-l-assassinat-de-samuel-paty-la-famille-recadre-le-debat-20260203\" data-fig-type=\"Article\" data-gtm-custom-categorie=\"navigation\" data-gtm-custom-action=\"crossclick\" data-gtm-custom-label=\"Contextuel\" data-gtm-event=\"customEventSPE\" data-fig-domain=\"LEFIGARO\" rel=\"nofollow noopener\" target=\"_blank\">Samuel Paty<\/a>, on ne conna\u00eet qu\u2019une photo. Et les circonstances tragiques de sa disparition. Pour des milliers de spectateurs,\u00a0<a href=\"https:\/\/video.lefigaro.fr\/figaro\/l-abandon-le-premier-film-sur-samuel-paty-le-recit-d-antoine-reinartz-20260511\" data-fig-type=\"Video\" data-gtm-custom-categorie=\"navigation\" data-gtm-custom-action=\"crossclick\" data-gtm-custom-label=\"Contextuel\" data-gtm-event=\"customEventSPE\" data-fig-domain=\"LEFIGARO\" rel=\"nofollow noopener\" target=\"_blank\">Antoine Reinartz<\/a>\u00a0sera d\u00e9sormais son visage et sa voix au cin\u00e9ma. Redonnant ainsi vie \u00e0 un homme trop souvent r\u00e9sum\u00e9 \u00e0 sa mort. Le jeune acteur, que le grand public associe \u00e0 l\u2019avocat g\u00e9n\u00e9ral f\u00e9roce d\u2019<a href=\"http:\/\/www.lefigaro.fr\/cinema\/scenes-coupees-idees-de-montage-le-scenario-de-la-palme-d-or-2023-anatomie-d-une-chute-devoile-tous-ses-secrets-20241210\" data-fig-type=\"Article\" data-gtm-custom-categorie=\"navigation\" data-gtm-custom-action=\"crossclick\" data-gtm-custom-label=\"Contextuel\" data-gtm-event=\"customEventSPE\" data-fig-domain=\"LEFIGARO\" rel=\"nofollow noopener\" target=\"_blank\">Anatomie d\u2019une chute<\/a> , incarne le professeur d\u2019histoire-g\u00e9ographie dans L\u2019Abandon de Vincent Garenq, qui retrace les onze derniers jours de Samuel Paty et sort en salles ce mercredi.<\/p>\n<p class=\"fig-paragraph\">Quinze jours avant la projection \u00e0 Cannes, Reinartz, dont la ressemblance avec Samuel Paty dans le film est troublante, cache son stress derri\u00e8re un sourire malicieux. Ce n\u2019est pas le fait de monter les marches du Palais des festivals qui l\u2019angoisse. Plut\u00f4t la responsabilit\u00e9 \u00e9crasante d\u2019\u00eatre \u00e0 la hauteur d\u2019un drame qui a boulevers\u00e9 la France et d\u2019un homme exemplaire dont la m\u00e9moire continue parfois d\u2019\u00eatre calomni\u00e9e. La peur \u00e9galement des r\u00e9actions que pourrait susciter un sujet qui f\u00e2che\u2026<\/p>\n<p class=\"fig-premium-paywall__infos\">\n        Cet article est r\u00e9serv\u00e9 aux abonn\u00e9s.        Il vous reste 89% \u00e0 d\u00e9couvrir.\n    <\/p>\n<p>                <img  data- alt=\"Le Figaro\" class=\"fig-img--complete fig-img\"\/><\/p>\n<p class=\"fig-premium-paywall__title\">Vente Flash<\/p>\n<p class=\"fig-premium-paywall__subtitle\">-70% sur votre abonnement. Sans engagement.<\/p>\n<p class=\"fig-premium-paywall__connect\">\n                D\u00e9j\u00e0 abonn\u00e9\u00a0?                <a class=\"fig-premium-paywall__connect-link\" href=\"https:\/\/connect.lefigaro.fr\/login?client=horizon_web&amp;type=main&amp;redirect_uri=https%3A%2F%2Fwww.lefigaro.fr%2Fcinema%2Fon-nous-a-accuses-de-vouloir-souffler-sur-les-braises-les-secrets-du-film-evenement-sur-samuel-paty-20260511\" data-js-gtm=\"{&quot;event&quot;:&quot;customEventGA4&quot;,&quot;eventName&quot;:&quot;click_action&quot;,&quot;feature&quot;:&quot;paywall&quot;,&quot;location&quot;:&quot;paywall&quot;,&quot;button_action&quot;:&quot;connect&quot;,&quot;click_text&quot;:&quot;Connectez-vous&quot;}\" rel=\"nofollow noopener\" target=\"_blank\"><br \/>\n                    Connectez-vous<br \/>\n                <\/a>\n            <\/p>\n","protected":false},"excerpt":{"rendered":"EXCLUSIF &#8211; Le Figaro Magazine a pu voir en exclusivit\u00e9 L\u2019Abandon, une fiction sur les derniers jours du&hellip;\n","protected":false},"author":2,"featured_media":926635,"comment_status":"","ping_status":"","sticky":false,"template":"","format":"standard","meta":{"footnotes":"","_share_on_mastodon":"0"},"categories":[8],"tags":[58,59,1011,27,35490],"class_list":["post-926634","post","type-post","status-publish","format-standard","has-post-thumbnail","category-divertissement","tag-divertissement","tag-entertainment","tag-fr","tag-france","tag-samuel-paty"],"share_on_mastodon":{"url":"https:\/\/pubeurope.com\/@fr\/116558310215783573","error":""},"_links":{"self":[{"href":"https:\/\/www.europesays.com\/fr\/wp-json\/wp\/v2\/posts\/926634","targetHints":{"allow":["GET"]}}],"collection":[{"href":"https:\/\/www.europesays.com\/fr\/wp-json\/wp\/v2\/posts"}],"about":[{"href":"https:\/\/www.europesays.com\/fr\/wp-json\/wp\/v2\/types\/post"}],"author":[{"embeddable":true,"href":"https:\/\/www.europesays.com\/fr\/wp-json\/wp\/v2\/users\/2"}],"replies":[{"embeddable":true,"href":"https:\/\/www.europesays.com\/fr\/wp-json\/wp\/v2\/comments?post=926634"}],"version-history":[{"count":0,"href":"https:\/\/www.europesays.com\/fr\/wp-json\/wp\/v2\/posts\/926634\/revisions"}],"wp:featuredmedia":[{"embeddable":true,"href":"https:\/\/www.europesays.com\/fr\/wp-json\/wp\/v2\/media\/926635"}],"wp:attachment":[{"href":"https:\/\/www.europesays.com\/fr\/wp-json\/wp\/v2\/media?parent=926634"}],"wp:term":[{"taxonomy":"category","embeddable":true,"href":"https:\/\/www.europesays.com\/fr\/wp-json\/wp\/v2\/categories?post=926634"},{"taxonomy":"post_tag","embeddable":true,"href":"https:\/\/www.europesays.com\/fr\/wp-json\/wp\/v2\/tags?post=926634"}],"curies":[{"name":"wp","href":"https:\/\/api.w.org\/{rel}","templated":true}]}}