{"id":926667,"date":"2026-05-11T22:51:23","date_gmt":"2026-05-11T22:51:23","guid":{"rendered":"https:\/\/www.europesays.com\/fr\/926667\/"},"modified":"2026-05-11T22:51:23","modified_gmt":"2026-05-11T22:51:23","slug":"sons-danimaux-et-musiques-2-strasbourgeoises-inventent-des-livres-interactifs-pour-enfants","status":"publish","type":"post","link":"https:\/\/www.europesays.com\/fr\/926667\/","title":{"rendered":"Sons d\u2019animaux et musiques : 2 Strasbourgeois(es) inventent des livres interactifs pour enfants"},"content":{"rendered":"<p class=\"p1\"><strong>Et si les livres pouvaient se transformer en v\u00e9ritable cin\u00e9ma sonore ? \u00c0 Strasbourg, un couple a lanc\u00e9 les collections Tadam en 2024, des livres pour enfants interactifs. Gr\u00e2ce \u00e0 une application sur le t\u00e9l\u00e9phone, la lecture \u00e0 haute voix des livres est compl\u00e9t\u00e9e par un environnement sonore. Rencontre.\u00a0<\/strong><\/p>\n<p class=\"p1\">Robin Pfrimmer et Missy ne cherchaient pas forc\u00e9ment \u00e0 monter une maison d\u2019\u00e9dition. Mais quand leur fille est n\u00e9e, le duo a eu envie de changer la fa\u00e7on de lire des histoires avant de dormir.<strong> \u00ab O<\/strong><strong>n a eu envie de cr\u00e9er un vrai moment autour de la lecture. C\u2019est elle notre premi\u00e8re b\u00eata-testeuse ! \u00bb<\/strong>, s\u2019amuse Robin, en racontant la naissance de Tadam.<\/p>\n<p class=\"p1\">De cette id\u00e9e, simple au d\u00e9part, na\u00eet l\u2019envie d\u2019aller plus loin que le livre classique : <strong>imaginer une lecture interactive, qui r\u00e9agit \u00e0 la voix et fait vivre l\u2019histoire<\/strong>. Robin \u00e9crit, sa compagne Missy illustre, et ensemble le duo donne naissance \u00e0 un premier livre : L\u2019Odyss\u00e9e d\u2019Eli.<\/p>\n<p>    <img width=\"800\" height=\"449\" src=\"https:\/\/www.europesays.com\/fr\/wp-content\/uploads\/2026\/05\/tadam-3-800x449.png\" class=\"attachment-image-size-L size-image-size-L\" alt=\"TADAM 3\" decoding=\"async\" loading=\"lazy\"  \/>         \u00a9 Tadam \/ Capture d&rsquo;\u00e9cran <\/p>\n<p class=\"p1\">L\u2019id\u00e9e est simple : <strong>pendant la lecture, l\u2019application Tadam, disponible sur iOS et Android, est activ\u00e9e sur un t\u00e9l\u00e9phone ou une tablette. Pos\u00e9e \u00e0 c\u00f4t\u00e9 du livre, la magie op\u00e8re quand on commence \u00e0 lire le livre.<\/strong> Bruits d\u2019ambiance, bruits d\u2019animaux, musiques\u2026 tout vient accompagner l\u2019histoire en temps r\u00e9el.<\/p>\n<p class=\"p1\"><strong>\u00ab Lire une histoire, c\u2019est comme le brossage de dents : c\u2019est tous les jours et \u00e7a peut \u00eatre un beau moment \u00bb<\/strong>, raconte Robin. Avec leurs illustrations et ce \u00ab cin\u00e9ma sonore \u00bb, il et elle cherchent surtout \u00e0 rendre la lecture plus vivante dans un quotidien d\u00e9j\u00e0 tr\u00e8s rempli d\u2019\u00e9crans.<\/p>\n<p>    <img width=\"800\" height=\"450\" src=\"https:\/\/www.europesays.com\/fr\/wp-content\/uploads\/2026\/05\/tadam-1-resized-800x450.png\" class=\"attachment-image-size-L size-image-size-L\" alt=\"Tadam\" decoding=\"async\" loading=\"lazy\"  \/>         Missy et Robin Pfrimmer. \u00a9 Tadam \/ Document remis <\/p>\n<p>\u00ab C&rsquo;est devenu un vrai rituel du soir \u00bb<\/p>\n<p class=\"p1\"><strong>\u00ab La premi\u00e8re fois qu\u2019on a essay\u00e9 avec ma fille, j\u2019avais cach\u00e9 le t\u00e9l\u00e9phone. Quand elle a entendu les bruits, elle cherchait partout d\u2019o\u00f9 venait le son. Elle \u00e9tait vraiment plong\u00e9e dans le livre ! \u00bb<\/strong>, raconte Manon, 36 ans, m\u00e8re de deux enfants. Une r\u00e9action qui la ravit, elle qui cherche justement \u00e0 limiter le temps d\u2019\u00e9cran de ses enfants de 2 et 5 ans.<\/p>\n<p>                <img width=\"889\" height=\"500\" src=\"https:\/\/www.europesays.com\/fr\/wp-content\/uploads\/2026\/05\/tadam-4-resized-889x500.jpeg\" class=\"attachment-gallery size-gallery\" alt=\"Tadam 4_resized\" data-full-url=\"https:\/\/pokaa.fr\/wp-content\/uploads\/2026\/04\/27\/tadam-4-resized.jpeg\" decoding=\"async\" loading=\"lazy\"  \/>            <\/p>\n<p>                <img width=\"889\" height=\"500\" src=\"https:\/\/www.europesays.com\/fr\/wp-content\/uploads\/2026\/05\/tadam-3-resized-889x500.jpeg\" class=\"attachment-gallery size-gallery\" alt=\"Tadam 3_resized\" data-full-url=\"https:\/\/pokaa.fr\/wp-content\/uploads\/2026\/04\/27\/tadam-3-resized.jpeg\" decoding=\"async\" loading=\"lazy\"  \/>            <\/p>\n<p>                    \u00a9 Tadam \/ Documents remis<\/p>\n<p>M\u00eame pour les parents, la lecture devient aussi amusante et plus agr\u00e9able. \u00ab <strong>On n\u2019a pas besoin de faire les voix quand on lit, les enfants sont directement anim\u00e9s par l\u2019ambiance sonore \u00bb,<\/strong> se r\u00e9jouit-elle. Aujourd\u2019hui, le livre est totalement adopt\u00e9 \u00e0 la maison et Manon et ses enfants attendent avec impatience de nouvelles histoires adapt\u00e9es par Tadam.<\/p>\n<p>La suite de l&rsquo;histoire&#8230;<\/p>\n<p class=\"p1\">Apr\u00e8s L\u2019Odyss\u00e9e d\u2019Eli, Tadam ne compte pas s\u2019arr\u00eater l\u00e0. La maison d\u2019\u00e9dition travaille d\u00e9j\u00e0 sur de nouveaux titres pour agrandir la collection. <strong>Le Jardin de Ziggy et Les Couleurs de Sacha sont en pr\u00e9paration et devraient sortir prochainement.<\/strong><\/p>\n<p class=\"p1\">Dans la continuit\u00e9 du premier livre, ces nouveaux projets gardent le m\u00eame principe, avec cette fois plusieurs illustrateurs\/rices mobilis\u00e9(e)s autour de l\u2019univers. <strong>\u00ab On est aussi tr\u00e8s attach\u00e9s au support du livre papier, on veut l\u2019allier aux nouvelles technologies, sans l\u2019effacer et le mettre de c\u00f4t\u00e9 \u00bb<\/strong>, explique Robin Pfrimmer.<\/p>\n<p>    <img width=\"800\" height=\"408\" src=\"https:\/\/www.europesays.com\/fr\/wp-content\/uploads\/2026\/05\/tadam-5-800x408.png\" class=\"attachment-image-size-L size-image-size-L\" alt=\"Tadam 5\" decoding=\"async\" loading=\"lazy\"  \/>         \u00a9 Tadam \/ Capture d&rsquo;\u00e9cran <\/p>\n<p>Pour accompagner ce d\u00e9veloppement, l\u2019\u00e9quipe s\u2019entoure de <strong>diff\u00e9rent(e)s artistes, dont les illustrateurs\/rices et street artistes Missy, Organe K et Jak<\/strong>, qui signent les univers visuels des prochains livres. En parall\u00e8le, Tadam a lanc\u00e9 une campagne participative sur Ulule pour financer la suite du projet et permettre \u00e0 ces nouvelles histoires de voir le jour.<\/p>\n<p class=\"p1\">Mais l\u2019ambition de Robin et de son \u00e9quipe ne s\u2019arr\u00eate pas l\u00e0. <strong>\u00ab On aimerait aller plus loin, m\u00eame adapter des classiques de la litt\u00e9rature pour enfants avec notre nouvelle application <\/strong>\u00bb, explique-t-il.<\/p>\n<p>                <img width=\"525\" height=\"500\" src=\"https:\/\/www.europesays.com\/fr\/wp-content\/uploads\/2026\/05\/tadam-5-resized-525x500.png\" class=\"attachment-gallery size-gallery\" alt=\"Tadam 5_resized\" data-full-url=\"https:\/\/pokaa.fr\/wp-content\/uploads\/2026\/04\/27\/tadam-5-resized.png\" decoding=\"async\" loading=\"lazy\"  \/>            <\/p>\n<p>                <img width=\"933\" height=\"500\" src=\"https:\/\/www.europesays.com\/fr\/wp-content\/uploads\/2026\/05\/tadam-2-resized-933x500.png\" class=\"attachment-gallery size-gallery\" alt=\"Tadam 2_resized\" data-full-url=\"https:\/\/pokaa.fr\/wp-content\/uploads\/2026\/04\/27\/tadam-2-resized.png\" decoding=\"async\" loading=\"lazy\"  \/>            <\/p>\n<p>                    \u00a9 Tadam \/ Documents remis<\/p>\n<p>L\u2019id\u00e9e : <strong>faire (re)d\u00e9couvrir des histoires d\u00e9j\u00e0 connues autrement, avec du son et de l\u2019interaction, et donner \u00e0 certains enfants une nouvelle porte d\u2019entr\u00e9e dans la lecture<\/strong>. Sans changer de cap pour autant, en gardant ce m\u00e9lange entre nouvelles technologies et livre.<\/p>\n<p><strong>Pour retrouver Tadam et soutenir leur campagne participative, rendez-vous sur leur <a href=\"https:\/\/collection-tadam.fr\/\" target=\"_blank\" rel=\"noopener nofollow\">site web<\/a> et sur <a href=\"https:\/\/fr.ulule.com\/collection-tadam\/coming-soon\/\" target=\"_blank\" rel=\"noopener nofollow\">Ulule<\/a>.<\/strong><\/p>\n","protected":false},"excerpt":{"rendered":"Et si les livres pouvaient se transformer en v\u00e9ritable cin\u00e9ma sonore ? \u00c0 Strasbourg, un couple a lanc\u00e9&hellip;\n","protected":false},"author":2,"featured_media":926668,"comment_status":"","ping_status":"","sticky":false,"template":"","format":"standard","meta":{"footnotes":"","_share_on_mastodon":"0"},"categories":[2820],"tags":[1111,11,1719,1777,674,1011,27,775,2003,27519,12,25,640,98604],"class_list":["post-926667","post","type-post","status-publish","format-standard","has-post-thumbnail","category-strasbourg","tag-actu","tag-actualites","tag-enfants","tag-eu","tag-europe","tag-fr","tag-france","tag-grand-est","tag-livre","tag-livres-pour-enfants","tag-news","tag-republique-francaise","tag-strasbourg","tag-tadam"],"share_on_mastodon":{"url":"https:\/\/pubeurope.com\/@fr\/116558397230089310","error":""},"_links":{"self":[{"href":"https:\/\/www.europesays.com\/fr\/wp-json\/wp\/v2\/posts\/926667","targetHints":{"allow":["GET"]}}],"collection":[{"href":"https:\/\/www.europesays.com\/fr\/wp-json\/wp\/v2\/posts"}],"about":[{"href":"https:\/\/www.europesays.com\/fr\/wp-json\/wp\/v2\/types\/post"}],"author":[{"embeddable":true,"href":"https:\/\/www.europesays.com\/fr\/wp-json\/wp\/v2\/users\/2"}],"replies":[{"embeddable":true,"href":"https:\/\/www.europesays.com\/fr\/wp-json\/wp\/v2\/comments?post=926667"}],"version-history":[{"count":0,"href":"https:\/\/www.europesays.com\/fr\/wp-json\/wp\/v2\/posts\/926667\/revisions"}],"wp:featuredmedia":[{"embeddable":true,"href":"https:\/\/www.europesays.com\/fr\/wp-json\/wp\/v2\/media\/926668"}],"wp:attachment":[{"href":"https:\/\/www.europesays.com\/fr\/wp-json\/wp\/v2\/media?parent=926667"}],"wp:term":[{"taxonomy":"category","embeddable":true,"href":"https:\/\/www.europesays.com\/fr\/wp-json\/wp\/v2\/categories?post=926667"},{"taxonomy":"post_tag","embeddable":true,"href":"https:\/\/www.europesays.com\/fr\/wp-json\/wp\/v2\/tags?post=926667"}],"curies":[{"name":"wp","href":"https:\/\/api.w.org\/{rel}","templated":true}]}}