{"id":92679,"date":"2025-05-11T21:17:10","date_gmt":"2025-05-11T21:17:10","guid":{"rendered":"https:\/\/www.europesays.com\/fr\/92679\/"},"modified":"2025-05-11T21:17:10","modified_gmt":"2025-05-11T21:17:10","slug":"saint-etienne-en-bresse-la-voiture-part-en-tonneau-et-sarrete-dans-la-cour-dune-maison-quatre-blesses","status":"publish","type":"post","link":"https:\/\/www.europesays.com\/fr\/92679\/","title":{"rendered":"Saint-\u00c9tienne-en-Bresse. La voiture part en tonneau et s\u2019arr\u00eate dans la cour d\u2019une maison\u00a0: quatre bless\u00e9s"},"content":{"rendered":"<p>Il \u00e9tait 20\u00a0h\u00a022, ce dimanche, quand les sapeurs-pompiers ont \u00e9t\u00e9 appel\u00e9s pour un accident de la circulation route de Louhans \u00e0 Saint-\u00c9tienne-en-Bresse, \u00e0 la limite de la commune de Saint-Germain-du-Plain.<\/p>\n<p>Selon les premi\u00e8res informations, une voiture avec \u00e0 son bord quatre personnes et qui circulait en direction de Chalon-sur-Sa\u00f4ne a termin\u00e9 sur le toit dans une cour d\u2019habitation apr\u00e8s avoir effectu\u00e9 des tonneaux.<\/p>\n<p>Rapidement sur place, les secours ont pris en charge les quatre victimes\u00a0: un homme \u00e2g\u00e9 de 68 ans, une femme et deux autres hommes \u00e2g\u00e9s chacun de 22 ans.<\/p>\n<p>Tous les 4 ont \u00e9t\u00e9 conduits au centre hospitalier de Chalon-sur-Sa\u00f4ne.<\/p>\n","protected":false},"excerpt":{"rendered":"Il \u00e9tait 20\u00a0h\u00a022, ce dimanche, quand les sapeurs-pompiers ont \u00e9t\u00e9 appel\u00e9s pour un accident de la circulation route&hellip;\n","protected":false},"author":2,"featured_media":92680,"comment_status":"","ping_status":"","sticky":false,"template":"","format":"standard","meta":{"footnotes":""},"categories":[9653],"tags":[119,1111,11,2430,6238,1777,674,274,107,1011,27,17760,12,25,4001,17759,6003],"class_list":{"0":"post-92679","1":"post","2":"type-post","3":"status-publish","4":"format-standard","5":"has-post-thumbnail","7":"category-saint-etienne","8":"tag-accident","9":"tag-actu","10":"tag-actualites","11":"tag-auvergne-rhone-alpes","12":"tag-edition-bresse","13":"tag-eu","14":"tag-europe","15":"tag-faits-divers-justice","16":"tag-fil-info","17":"tag-fr","18":"tag-france","19":"tag-louhans-bassin","20":"tag-news","21":"tag-republique-francaise","22":"tag-saint-etienne","23":"tag-saint-etienne-en-bresse","24":"tag-saone-et-loire"},"share_on_mastodon":{"url":"https:\/\/pubeurope.com\/@fr\/114491283403535846","error":""},"_links":{"self":[{"href":"https:\/\/www.europesays.com\/fr\/wp-json\/wp\/v2\/posts\/92679","targetHints":{"allow":["GET"]}}],"collection":[{"href":"https:\/\/www.europesays.com\/fr\/wp-json\/wp\/v2\/posts"}],"about":[{"href":"https:\/\/www.europesays.com\/fr\/wp-json\/wp\/v2\/types\/post"}],"author":[{"embeddable":true,"href":"https:\/\/www.europesays.com\/fr\/wp-json\/wp\/v2\/users\/2"}],"replies":[{"embeddable":true,"href":"https:\/\/www.europesays.com\/fr\/wp-json\/wp\/v2\/comments?post=92679"}],"version-history":[{"count":0,"href":"https:\/\/www.europesays.com\/fr\/wp-json\/wp\/v2\/posts\/92679\/revisions"}],"wp:featuredmedia":[{"embeddable":true,"href":"https:\/\/www.europesays.com\/fr\/wp-json\/wp\/v2\/media\/92680"}],"wp:attachment":[{"href":"https:\/\/www.europesays.com\/fr\/wp-json\/wp\/v2\/media?parent=92679"}],"wp:term":[{"taxonomy":"category","embeddable":true,"href":"https:\/\/www.europesays.com\/fr\/wp-json\/wp\/v2\/categories?post=92679"},{"taxonomy":"post_tag","embeddable":true,"href":"https:\/\/www.europesays.com\/fr\/wp-json\/wp\/v2\/tags?post=92679"}],"curies":[{"name":"wp","href":"https:\/\/api.w.org\/{rel}","templated":true}]}}